{"id":94975,"date":"2025-07-28T21:50:04","date_gmt":"2025-07-29T00:50:04","guid":{"rendered":"https:\/\/noticiasbahia360.com.br\/?p=94975"},"modified":"2025-07-28T21:50:04","modified_gmt":"2025-07-29T00:50:04","slug":"caes-em-situacao-de-extremo-abandono-sao-resgatados-em-feira-de-santana-tutor-sera-investigado-por-maus-tratos","status":"publish","type":"post","link":"https:\/\/noticiasbahia360.com.br\/?p=94975","title":{"rendered":"C\u00e3es em situa\u00e7\u00e3o de extremo abandono s\u00e3o resgatados em Feira de Santana; tutor ser\u00e1 investigado por maus-tratos"},"content":{"rendered":"<div>\n<div>\n<figure><img decoding=\"async\" src=\"http:\/\/noticiasbahia360.com.br\/wp-content\/uploads\/2025\/07\/Maus-tratos-a-animais.jpg\" alt=\"Maus-tratos a animais\"><figcaption>Foto: Pol\u00edcia Civil<\/figcaption><\/figure>\n<\/div>\n<p>Dois c\u00e3es em situa\u00e7\u00e3o de grave maus-tratos foram resgatados em um im\u00f3vel no bairro Cidade Nova, em Feira de Santana, na manh\u00e3 desta segunda-feira (28). O resgate ocorreu durante uma a\u00e7\u00e3o conjunta da Pol\u00edcia Civil da Bahia, por meio da 2\u00aa Delegacia Territorial de Feira de Santana, com a Vigil\u00e2ncia Sanit\u00e1ria Municipal e a Secretaria Municipal de Meio Ambiente (Semmam).<\/p>\n<p>Segundo a Pol\u00edcia Civil informou ao Acorda Cidade, a opera\u00e7\u00e3o foi motivada por uma den\u00fancia an\u00f4nima no dia 28 de julho, e, ao chegarem ao local, as equipes se depararam com uma cena de abandono extremo. <\/p>\n<p>A casa estava fechada, com forte odor p\u00fatrido, grande ac\u00famulo de fezes, aus\u00eancia de \u00e1gua e alimentos, e os animais apresentavam sinais vis\u00edveis de desnutri\u00e7\u00e3o, desidrata\u00e7\u00e3o e feridas pelo corpo. Al\u00e9m disso, as paredes e superf\u00edcies da resid\u00eancia estavam cobertas de sujeira e detritos, indicando descaso prolongado.<\/p>\n<figure class=\"wp-block-image size-full\"><img fetchpriority=\"high\" fetchpriority=\"high\" decoding=\"async\" width=\"1300\" height=\"700\" src=\"http:\/\/noticiasbahia360.com.br\/wp-content\/uploads\/2025\/07\/Maus-tratos-a-animais-02.jpg\" alt=\"Maus-tratos a animais\" class=\"wp-image-577743\" srcset=\"https:\/\/uploads.acordacidade.com.br\/2025\/07\/Maus-tratos-a-animais-02-648x349.jpg 648w, https:\/\/uploads.acordacidade.com.br\/2025\/07\/Maus-tratos-a-animais-02-984x530.jpg 984w, https:\/\/uploads.acordacidade.com.br\/2025\/07\/Maus-tratos-a-animais-02-150x81.jpg 150w, http:\/\/noticiasbahia360.com.br\/wp-content\/uploads\/2025\/07\/Maus-tratos-a-animais-02.jpg 1300w\" sizes=\"(max-width: 1300px) 100vw, 1300px\"><figcaption class=\"wp-element-caption\">Foto: Reprodu\u00e7\u00e3o<\/figcaption><\/figure>\n<p>De acordo com moradores da regi\u00e3o, os c\u00e3es vinham sendo alimentados apenas por meio das grades da casa. Segundo a pol\u00edcia, o tutor reside em Feira de Santana e j\u00e1 foi identificado. Ele ser\u00e1 responsabilizado criminalmente com base no artigo 32, \u00a71\u00ba-A, da Lei n\u00ba 9.605\/98 (Lei de Crimes Ambientais), que prev\u00ea reclus\u00e3o e multa para casos de maus-tratos contra c\u00e3es e gatos.<\/p>\n<p>Durante a inspe\u00e7\u00e3o, os profissionais da Vigil\u00e2ncia Sanit\u00e1ria e da Semmam documentaram a situa\u00e7\u00e3o com fotos e v\u00eddeos, confirmando a viola\u00e7\u00e3o flagrante aos padr\u00f5es m\u00ednimos de bem-estar animal. Dentre os registros feitos, destacam-se a presen\u00e7a de fezes antigas e recentes por todo o im\u00f3vel, a inexist\u00eancia de utens\u00edlios para \u00e1gua ou comida, feridas aparentes nos animais e sil\u00eancio absoluto nos fundos da casa, onde vizinhos relatavam anteriormente o latido de uma cadela, levantando suspeitas sobre um poss\u00edvel agravamento ou \u00f3bito.<\/p>\n<figure class=\"wp-block-image size-full\"><img decoding=\"async\" width=\"1300\" height=\"722\" src=\"http:\/\/noticiasbahia360.com.br\/wp-content\/uploads\/2025\/07\/Maus-tratos-a-animais-01.jpg\" alt=\"Maus-tratos a animais\" class=\"wp-image-577744\" srcset=\"https:\/\/uploads.acordacidade.com.br\/2025\/07\/Maus-tratos-a-animais-01-648x360.jpg 648w, https:\/\/uploads.acordacidade.com.br\/2025\/07\/Maus-tratos-a-animais-01-984x546.jpg 984w, https:\/\/uploads.acordacidade.com.br\/2025\/07\/Maus-tratos-a-animais-01-150x83.jpg 150w, http:\/\/noticiasbahia360.com.br\/wp-content\/uploads\/2025\/07\/Maus-tratos-a-animais-01.jpg 1300w\" sizes=\"(max-width: 1300px) 100vw, 1300px\"><figcaption class=\"wp-element-caption\">Foto: Reprodu\u00e7\u00e3o<\/figcaption><\/figure>\n<p>Os dois c\u00e3es vivos foram resgatados e acolhidos sob responsabilidade de uma pessoa volunt\u00e1ria, que se comprometeu a prestar os cuidados emergenciais. O caso segue sob investiga\u00e7\u00e3o e refor\u00e7a a import\u00e2ncia da den\u00fancia de crimes ambientais para garantir a prote\u00e7\u00e3o dos animais.<\/p>\n<p><em>Siga o Acorda Cidade no<\/em><a href=\"https:\/\/news.google.com\/search?q=acorda%20cidade&amp;hl=pt-BR&amp;gl=BR&amp;ceid=BR%3Apt-419\"><strong><em>\u00a0Google Not\u00edcias<\/em><\/strong><\/a><em>\u00a0e receba os principais destaques do dia. Participe tamb\u00e9m dos nossos canais no\u00a0<\/em><a href=\"https:\/\/www.whatsapp.com\/channel\/0029Va6Rb4v3WHTNnsh8WI3N\"><strong><em>WhatsApp<\/em><\/strong><\/a><em>\u00a0e\u00a0<\/em><a href=\"https:\/\/www.youtube.com\/@acordacidadenoticias\/videos\"><strong>Youtube<\/strong><\/a><em>\u00a0e grupo de\u00a0<\/em><a href=\"https:\/\/t.me\/+sSz0khrgARA0ZmRh\"><strong><em>Telegram<\/em><\/strong><\/a><em>.<\/em><\/p>\n<\/div>\n","protected":false},"excerpt":{"rendered":"<div>\n<div>\n<figure><img decoding=\"async\" src=\"https:\/\/uploads.acordacidade.com.br\/2025\/07\/Maus-tratos-a-animais.jpg\" alt=\"Maus-tratos a animais\"><figcaption>Foto: Pol\u00edcia Civil<\/figcaption><\/figure>\n<\/div>\n<p>A situa\u00e7\u00e3o encontrada foi documentada por v\u00eddeos e fotos comprovando os maus-tratos.   O tutor j\u00e1 foi identificado.<\/p><\/div>\n","protected":false},"author":1,"featured_media":94976,"comment_status":"closed","ping_status":"closed","sticky":false,"template":"","format":"gallery","meta":{"footnotes":""},"categories":[8,9,6,57,56,10],"tags":[],"class_list":["post-94975","post","type-post","status-publish","format-gallery","has-post-thumbnail","hentry","category-bahia","category-brasil","category-feira-de-santana","category-mundo","category-policia","category-politica","post_format-post-format-gallery"],"featured_image_urls":{"full":["https:\/\/noticiasbahia360.com.br\/wp-content\/uploads\/2025\/07\/Maus-tratos-a-animais.jpg",1300,705,false],"thumbnail":["https:\/\/noticiasbahia360.com.br\/wp-content\/uploads\/2025\/07\/Maus-tratos-a-animais-150x150.jpg",150,150,true],"medium":["https:\/\/noticiasbahia360.com.br\/wp-content\/uploads\/2025\/07\/Maus-tratos-a-animais-300x163.jpg",300,163,true],"medium_large":["https:\/\/noticiasbahia360.com.br\/wp-content\/uploads\/2025\/07\/Maus-tratos-a-animais-768x416.jpg",640,347,true],"large":["https:\/\/noticiasbahia360.com.br\/wp-content\/uploads\/2025\/07\/Maus-tratos-a-animais-1024x555.jpg",640,347,true],"1536x1536":["https:\/\/noticiasbahia360.com.br\/wp-content\/uploads\/2025\/07\/Maus-tratos-a-animais.jpg",1300,705,false],"2048x2048":["https:\/\/noticiasbahia360.com.br\/wp-content\/uploads\/2025\/07\/Maus-tratos-a-animais.jpg",1300,705,false],"chromenews-featured":["https:\/\/noticiasbahia360.com.br\/wp-content\/uploads\/2025\/07\/Maus-tratos-a-animais-1024x555.jpg",1024,555,true],"chromenews-large":["https:\/\/noticiasbahia360.com.br\/wp-content\/uploads\/2025\/07\/Maus-tratos-a-animais-825x575.jpg",825,575,true],"chromenews-medium":["https:\/\/noticiasbahia360.com.br\/wp-content\/uploads\/2025\/07\/Maus-tratos-a-animais-590x410.jpg",590,410,true]},"author_info":{"display_name":"noticiasbahia360.com.br","author_link":"https:\/\/noticiasbahia360.com.br\/?author=1"},"category_info":"<a href=\"https:\/\/noticiasbahia360.com.br\/?cat=8\" rel=\"category\">Bahia<\/a> <a href=\"https:\/\/noticiasbahia360.com.br\/?cat=9\" rel=\"category\">Brasil<\/a> <a href=\"https:\/\/noticiasbahia360.com.br\/?cat=6\" rel=\"category\">Feira de Santana<\/a> <a href=\"https:\/\/noticiasbahia360.com.br\/?cat=57\" rel=\"category\">Mundo<\/a> <a href=\"https:\/\/noticiasbahia360.com.br\/?cat=56\" rel=\"category\">Pol\u00edcia<\/a> <a href=\"https:\/\/noticiasbahia360.com.br\/?cat=10\" rel=\"category\">Pol\u00edtica<\/a>","tag_info":"Pol\u00edtica","comment_count":"0","_links":{"self":[{"href":"https:\/\/noticiasbahia360.com.br\/index.php?rest_route=\/wp\/v2\/posts\/94975","targetHints":{"allow":["GET"]}}],"collection":[{"href":"https:\/\/noticiasbahia360.com.br\/index.php?rest_route=\/wp\/v2\/posts"}],"about":[{"href":"https:\/\/noticiasbahia360.com.br\/index.php?rest_route=\/wp\/v2\/types\/post"}],"author":[{"embeddable":true,"href":"https:\/\/noticiasbahia360.com.br\/index.php?rest_route=\/wp\/v2\/users\/1"}],"replies":[{"embeddable":true,"href":"https:\/\/noticiasbahia360.com.br\/index.php?rest_route=%2Fwp%2Fv2%2Fcomments&post=94975"}],"version-history":[{"count":0,"href":"https:\/\/noticiasbahia360.com.br\/index.php?rest_route=\/wp\/v2\/posts\/94975\/revisions"}],"wp:featuredmedia":[{"embeddable":true,"href":"https:\/\/noticiasbahia360.com.br\/index.php?rest_route=\/wp\/v2\/media\/94976"}],"wp:attachment":[{"href":"https:\/\/noticiasbahia360.com.br\/index.php?rest_route=%2Fwp%2Fv2%2Fmedia&parent=94975"}],"wp:term":[{"taxonomy":"category","embeddable":true,"href":"https:\/\/noticiasbahia360.com.br\/index.php?rest_route=%2Fwp%2Fv2%2Fcategories&post=94975"},{"taxonomy":"post_tag","embeddable":true,"href":"https:\/\/noticiasbahia360.com.br\/index.php?rest_route=%2Fwp%2Fv2%2Ftags&post=94975"}],"curies":[{"name":"wp","href":"https:\/\/api.w.org\/{rel}","templated":true}]}}