{"id":94979,"date":"2025-07-28T22:31:05","date_gmt":"2025-07-29T01:31:05","guid":{"rendered":"https:\/\/noticiasbahia360.com.br\/?p=94979"},"modified":"2025-07-28T22:31:05","modified_gmt":"2025-07-29T01:31:05","slug":"serrinha-policia-prende-dois-homens-por-trafico-de-drogas-e-cumpre-mandado-de-prisao-por-dupla-tentativa-de-homicidio","status":"publish","type":"post","link":"https:\/\/noticiasbahia360.com.br\/?p=94979","title":{"rendered":"Serrinha: pol\u00edcia prende dois homens por tr\u00e1fico de drogas e cumpre mandado de pris\u00e3o por dupla tentativa de homic\u00eddio"},"content":{"rendered":"<div>\n<div>\n<figure><img decoding=\"async\" src=\"http:\/\/noticiasbahia360.com.br\/wp-content\/uploads\/2025\/07\/drogra-apreendida-28-07-25.jpg\" alt=\"Pol\u00edcia Civil cumpre mandado de pris\u00e3o por dupla tentativa de homic\u00eddio e prende dois homens em flagrante por tr\u00e1fico de drogas em Serrinha\"><figcaption>Foto: Pol\u00edcia Civil<\/figcaption><\/figure>\n<\/div>\n<p>Nesta segunda-feira (28), a Pol\u00edcia Civil da Bahia, por meio da Delegacia Territorial de Serrinha, com apoio do Catti-Sisal e do Setor de Investiga\u00e7\u00e3o (SI) da Coordenadoria de Serrinha, cumpriu um <a href=\"https:\/\/www.acordacidade.com.br\/tag\/mandados-de-prisao\/\">mandado de pris\u00e3o tempor\u00e1ria<\/a> por dupla tentativa de homic\u00eddio e prendeu dois homens em flagrante por tr\u00e1fico de drogas no munic\u00edpio de Serrinha.<\/p>\n<p>A ordem judicial foi expedida pela 1\u00aa Vara Criminal da Comarca de Serrinha, em decorr\u00eancia de crime ocorrido no dia 6 de julho de 2025, nas imedia\u00e7\u00f5es da C\u00e2mara Municipal. De acordo com as investiga\u00e7\u00f5es, o alvo do mandado e um comparsa realizaram tr\u00eas disparos contra duas v\u00edtimas, que foram atingidas no ombro e na perna. As v\u00edtimas sobreviveram.<\/p>\n<p>Durante as dilig\u00eancias realizadas no bairro dos Treze, nas proximidades da Pra\u00e7a dos Treze, os policiais localizaram o suspeito. Ao perceberem a chegada das equipes, ele e outro homem tentaram fugir, pulando o muro dos fundos de uma resid\u00eancia em dire\u00e7\u00e3o a um terreno baldio, mas foram alcan\u00e7ados e detidos.<\/p>\n<p>Com os dois, foram encontrados tr\u00eas sacos contendo por\u00e7\u00f5es de uma subst\u00e2ncia semelhante \u00e0 coca\u00edna, j\u00e1 embaladas para venda, al\u00e9m de uma balan\u00e7a de precis\u00e3o e um caderno com anota\u00e7\u00f5es relacionadas ao tr\u00e1fico de drogas.<\/p>\n<p>Ap\u00f3s receberem voz de pris\u00e3o e serem informados sobre seus direitos constitucionais, os suspeitos foram conduzidos \u00e0 Delegacia Territorial de Serrinha, onde permanecem \u00e0 disposi\u00e7\u00e3o da Justi\u00e7a. A Pol\u00edcia Civil segue com as investiga\u00e7\u00f5es para identificar o segundo autor da tentativa de homic\u00eddio.<\/p>\n<p><em>Siga o Acorda Cidade no<\/em><a href=\"https:\/\/news.google.com\/search?q=acorda%20cidade&amp;hl=pt-BR&amp;gl=BR&amp;ceid=BR%3Apt-419\"><strong><em>\u00a0Google Not\u00edcias<\/em><\/strong><\/a><em>\u00a0e receba os principais destaques do dia. Participe tamb\u00e9m dos nossos canais no\u00a0<\/em><a href=\"https:\/\/www.whatsapp.com\/channel\/0029Va6Rb4v3WHTNnsh8WI3N\"><strong><em>WhatsApp<\/em><\/strong><\/a><em>\u00a0e\u00a0<\/em><a href=\"https:\/\/www.youtube.com\/@acordacidadenoticias\/videos\"><strong>Youtube<\/strong><\/a><em>\u00a0e grupo de\u00a0<\/em><a href=\"https:\/\/t.me\/+sSz0khrgARA0ZmRh\"><strong><em>Telegram<\/em><\/strong><\/a><em>.<\/em><\/p>\n<\/div>\n","protected":false},"excerpt":{"rendered":"<div>\n<div>\n<figure><img decoding=\"async\" src=\"https:\/\/uploads.acordacidade.com.br\/2025\/07\/drogra-apreendida-28-07-25.jpg\" alt=\"Pol\u00edcia Civil cumpre mandado de pris\u00e3o por dupla tentativa de homic\u00eddio e prende dois homens em flagrante por tr\u00e1fico de drogas em Serrinha\"><figcaption>Foto: Pol\u00edcia Civil<\/figcaption><\/figure>\n<\/div>\n<p>O alvo do mandado e um comparsa realizaram tr\u00eas disparos contra duas v\u00edtimas, que foram atingidas no ombro e na perna.<\/p><\/div>\n","protected":false},"author":1,"featured_media":94980,"comment_status":"closed","ping_status":"closed","sticky":false,"template":"","format":"gallery","meta":{"footnotes":""},"categories":[8,9,6,57,56,10],"tags":[],"class_list":["post-94979","post","type-post","status-publish","format-gallery","has-post-thumbnail","hentry","category-bahia","category-brasil","category-feira-de-santana","category-mundo","category-policia","category-politica","post_format-post-format-gallery"],"featured_image_urls":{"full":["https:\/\/noticiasbahia360.com.br\/wp-content\/uploads\/2025\/07\/drogra-apreendida-28-07-25.jpg",1300,773,false],"thumbnail":["https:\/\/noticiasbahia360.com.br\/wp-content\/uploads\/2025\/07\/drogra-apreendida-28-07-25-150x150.jpg",150,150,true],"medium":["https:\/\/noticiasbahia360.com.br\/wp-content\/uploads\/2025\/07\/drogra-apreendida-28-07-25-300x178.jpg",300,178,true],"medium_large":["https:\/\/noticiasbahia360.com.br\/wp-content\/uploads\/2025\/07\/drogra-apreendida-28-07-25-768x457.jpg",640,381,true],"large":["https:\/\/noticiasbahia360.com.br\/wp-content\/uploads\/2025\/07\/drogra-apreendida-28-07-25-1024x609.jpg",640,381,true],"1536x1536":["https:\/\/noticiasbahia360.com.br\/wp-content\/uploads\/2025\/07\/drogra-apreendida-28-07-25.jpg",1300,773,false],"2048x2048":["https:\/\/noticiasbahia360.com.br\/wp-content\/uploads\/2025\/07\/drogra-apreendida-28-07-25.jpg",1300,773,false],"chromenews-featured":["https:\/\/noticiasbahia360.com.br\/wp-content\/uploads\/2025\/07\/drogra-apreendida-28-07-25-1024x609.jpg",1024,609,true],"chromenews-large":["https:\/\/noticiasbahia360.com.br\/wp-content\/uploads\/2025\/07\/drogra-apreendida-28-07-25-825x575.jpg",825,575,true],"chromenews-medium":["https:\/\/noticiasbahia360.com.br\/wp-content\/uploads\/2025\/07\/drogra-apreendida-28-07-25-590x410.jpg",590,410,true]},"author_info":{"display_name":"noticiasbahia360.com.br","author_link":"https:\/\/noticiasbahia360.com.br\/?author=1"},"category_info":"<a href=\"https:\/\/noticiasbahia360.com.br\/?cat=8\" rel=\"category\">Bahia<\/a> <a href=\"https:\/\/noticiasbahia360.com.br\/?cat=9\" rel=\"category\">Brasil<\/a> <a href=\"https:\/\/noticiasbahia360.com.br\/?cat=6\" rel=\"category\">Feira de Santana<\/a> <a href=\"https:\/\/noticiasbahia360.com.br\/?cat=57\" rel=\"category\">Mundo<\/a> <a href=\"https:\/\/noticiasbahia360.com.br\/?cat=56\" rel=\"category\">Pol\u00edcia<\/a> <a href=\"https:\/\/noticiasbahia360.com.br\/?cat=10\" rel=\"category\">Pol\u00edtica<\/a>","tag_info":"Pol\u00edtica","comment_count":"0","_links":{"self":[{"href":"https:\/\/noticiasbahia360.com.br\/index.php?rest_route=\/wp\/v2\/posts\/94979","targetHints":{"allow":["GET"]}}],"collection":[{"href":"https:\/\/noticiasbahia360.com.br\/index.php?rest_route=\/wp\/v2\/posts"}],"about":[{"href":"https:\/\/noticiasbahia360.com.br\/index.php?rest_route=\/wp\/v2\/types\/post"}],"author":[{"embeddable":true,"href":"https:\/\/noticiasbahia360.com.br\/index.php?rest_route=\/wp\/v2\/users\/1"}],"replies":[{"embeddable":true,"href":"https:\/\/noticiasbahia360.com.br\/index.php?rest_route=%2Fwp%2Fv2%2Fcomments&post=94979"}],"version-history":[{"count":0,"href":"https:\/\/noticiasbahia360.com.br\/index.php?rest_route=\/wp\/v2\/posts\/94979\/revisions"}],"wp:featuredmedia":[{"embeddable":true,"href":"https:\/\/noticiasbahia360.com.br\/index.php?rest_route=\/wp\/v2\/media\/94980"}],"wp:attachment":[{"href":"https:\/\/noticiasbahia360.com.br\/index.php?rest_route=%2Fwp%2Fv2%2Fmedia&parent=94979"}],"wp:term":[{"taxonomy":"category","embeddable":true,"href":"https:\/\/noticiasbahia360.com.br\/index.php?rest_route=%2Fwp%2Fv2%2Fcategories&post=94979"},{"taxonomy":"post_tag","embeddable":true,"href":"https:\/\/noticiasbahia360.com.br\/index.php?rest_route=%2Fwp%2Fv2%2Ftags&post=94979"}],"curies":[{"name":"wp","href":"https:\/\/api.w.org\/{rel}","templated":true}]}}