{"id":94981,"date":"2025-07-29T06:24:37","date_gmt":"2025-07-29T09:24:37","guid":{"rendered":"https:\/\/noticiasbahia360.com.br\/?p=94981"},"modified":"2025-07-29T06:24:37","modified_gmt":"2025-07-29T09:24:37","slug":"show-de-nando-reis-emociona-multidao-no-jardim-de-inverno-de-sao-goncalo-dos-campos","status":"publish","type":"post","link":"https:\/\/noticiasbahia360.com.br\/?p=94981","title":{"rendered":"Show de Nando Reis emociona multid\u00e3o no Jardim de Inverno de S\u00e3o Gon\u00e7alo dos Campos"},"content":{"rendered":"<div>\n<div>\n<figure><img decoding=\"async\" src=\"http:\/\/noticiasbahia360.com.br\/wp-content\/uploads\/2025\/07\/Nando-Reis-em-Sao-Goncalo-dos-Campos.jpg\" alt=\"Show de Nando Reis emociona multid\u00e3o no Jardim de Inverno de S\u00e3o Gon\u00e7alo dos Campos\"><figcaption>Foto: Divulga\u00e7\u00e3o\/PMSGC<\/figcaption><\/figure>\n<\/div>\n<p>A noite de domingo (27) foi inesquec\u00edvel para <a href=\"https:\/\/www.acordacidade.com.br\/tag\/sao-goncalo-dos-campos\/\">S\u00e3o Gon\u00e7alo dos Campos<\/a>. O aguardado show de Nando Reis no Jardim de Inverno, parte do Cidade Jardim Festival, encantou o p\u00fablico com uma apresenta\u00e7\u00e3o sensacional que reuniu fam\u00edlias, f\u00e3s de v\u00e1rias gera\u00e7\u00f5es e visitantes de diversas cidades da regi\u00e3o.<\/p>\n<p>Com um repert\u00f3rio recheado de sucessos como All Star, Por Onde Andei e Relic\u00e1rio, o cantor fez o p\u00fablico cantar em coro, transformando a Pra\u00e7a da Matriz em um verdadeiro espet\u00e1culo de emo\u00e7\u00e3o, boas energias e conex\u00e3o musical. O clima estava perfeito: c\u00e9u limpo, temperatura agrad\u00e1vel e uma atmosfera que uniu romantismo, nostalgia e alegria.<\/p>\n<figure class=\"wp-block-image size-large\"><img fetchpriority=\"high\" fetchpriority=\"high\" decoding=\"async\" width=\"1153\" height=\"768\" src=\"http:\/\/noticiasbahia360.com.br\/wp-content\/uploads\/2025\/07\/Festival-Jardim-de-Inverno-Sao-Goncalo-dos-Campos-Nando-Reis-1153x768-1.jpg\" alt=\"Show de Nando Reis emociona multid\u00e3o no Jardim de Inverno de S\u00e3o Gon\u00e7alo dos Campos\" class=\"wp-image-577757\" srcset=\"https:\/\/uploads.acordacidade.com.br\/2025\/07\/Festival-Jardim-de-Inverno-Sao-Goncalo-dos-Campos-Nando-Reis-548x365.jpg 548w, http:\/\/noticiasbahia360.com.br\/wp-content\/uploads\/2025\/07\/Festival-Jardim-de-Inverno-Sao-Goncalo-dos-Campos-Nando-Reis-1153x768-1.jpg 1153w, https:\/\/uploads.acordacidade.com.br\/2025\/07\/Festival-Jardim-de-Inverno-Sao-Goncalo-dos-Campos-Nando-Reis-830x553.jpg 830w, https:\/\/uploads.acordacidade.com.br\/2025\/07\/Festival-Jardim-de-Inverno-Sao-Goncalo-dos-Campos-Nando-Reis-150x100.jpg 150w, https:\/\/uploads.acordacidade.com.br\/2025\/07\/Festival-Jardim-de-Inverno-Sao-Goncalo-dos-Campos-Nando-Reis.jpg 1300w\" sizes=\"(max-width: 1153px) 100vw, 1153px\"><figcaption class=\"wp-element-caption\">Foto: Divulga\u00e7\u00e3o\/PMSGC<\/figcaption><\/figure>\n<p>O evento atraiu um p\u00fablico diverso, desde casais apaixonados at\u00e9 grupos de amigos e fam\u00edlias inteiras que aproveitaram a noite sob a decora\u00e7\u00e3o deslumbrante do festival, que j\u00e1 se consolidou como uma das mais belas da Bahia.<\/p>\n<p> \u201cFoi m\u00e1gico. Ver meus filhos curtindo comigo m\u00fasicas que fizeram parte da minha juventude \u00e9 uma emo\u00e7\u00e3o indescrit\u00edvel\u201d, contou a moradora de Feira de Santana, Ana Clara Mota.<\/p>\n<p>Para o prefeito Tarc\u00edsio Pedreira, o sucesso da noite reafirma o compromisso da gest\u00e3o com cultura de qualidade e valoriza\u00e7\u00e3o do calend\u00e1rio festivo da cidade. \u201cTrazer um artista como Nando Reis para S\u00e3o Gon\u00e7alo mostra que estamos no caminho certo. A cidade vive um momento especial, com seguran\u00e7a, organiza\u00e7\u00e3o e uma festa feita para todos\u201d, destacou.<\/p>\n<p><em>Siga o Acorda Cidade no<\/em><a href=\"https:\/\/news.google.com\/search?q=acorda%20cidade&amp;hl=pt-BR&amp;gl=BR&amp;ceid=BR%3Apt-419\"><strong><em> Google Not\u00edcias<\/em><\/strong><\/a><em> e receba os principais destaques do dia. Participe tamb\u00e9m dos nossos canais no <\/em><a href=\"https:\/\/www.whatsapp.com\/channel\/0029Va6Rb4v3WHTNnsh8WI3N\"><strong><em>WhatsApp<\/em><\/strong><\/a><em> e <\/em><a href=\"https:\/\/www.youtube.com\/@acordacidadenoticias\/videos\"><strong>YouTube<\/strong><\/a><em> e grupo de <\/em><a href=\"https:\/\/t.me\/+sSz0khrgARA0ZmRh\"><strong><em>Telegram<\/em><\/strong><\/a><em>.<\/em><\/p>\n<\/div>\n","protected":false},"excerpt":{"rendered":"<div>\n<div>\n<figure><img decoding=\"async\" src=\"https:\/\/uploads.acordacidade.com.br\/2025\/07\/Nando-Reis-em-Sao-Goncalo-dos-Campos.jpg\" alt=\"Show de Nando Reis emociona multid\u00e3o no Jardim de Inverno de S\u00e3o Gon\u00e7alo dos Campos\"><figcaption>Foto: Divulga\u00e7\u00e3o\/PMSGC<\/figcaption><\/figure>\n<\/div>\n<p>Com um repert\u00f3rio recheado de sucessos como All Star, Por Onde Andei e Relic\u00e1rio, Nando Reis fez o p\u00fablico cantar em coro.<\/p><\/div>\n","protected":false},"author":1,"featured_media":94982,"comment_status":"closed","ping_status":"closed","sticky":false,"template":"","format":"gallery","meta":{"footnotes":""},"categories":[8,9,6,57,56,10],"tags":[],"class_list":["post-94981","post","type-post","status-publish","format-gallery","has-post-thumbnail","hentry","category-bahia","category-brasil","category-feira-de-santana","category-mundo","category-policia","category-politica","post_format-post-format-gallery"],"featured_image_urls":{"full":["https:\/\/noticiasbahia360.com.br\/wp-content\/uploads\/2025\/07\/Nando-Reis-em-Sao-Goncalo-dos-Campos.jpg",1300,809,false],"thumbnail":["https:\/\/noticiasbahia360.com.br\/wp-content\/uploads\/2025\/07\/Nando-Reis-em-Sao-Goncalo-dos-Campos-150x150.jpg",150,150,true],"medium":["https:\/\/noticiasbahia360.com.br\/wp-content\/uploads\/2025\/07\/Nando-Reis-em-Sao-Goncalo-dos-Campos-300x187.jpg",300,187,true],"medium_large":["https:\/\/noticiasbahia360.com.br\/wp-content\/uploads\/2025\/07\/Nando-Reis-em-Sao-Goncalo-dos-Campos-768x478.jpg",640,398,true],"large":["https:\/\/noticiasbahia360.com.br\/wp-content\/uploads\/2025\/07\/Nando-Reis-em-Sao-Goncalo-dos-Campos-1024x637.jpg",640,398,true],"1536x1536":["https:\/\/noticiasbahia360.com.br\/wp-content\/uploads\/2025\/07\/Nando-Reis-em-Sao-Goncalo-dos-Campos.jpg",1300,809,false],"2048x2048":["https:\/\/noticiasbahia360.com.br\/wp-content\/uploads\/2025\/07\/Nando-Reis-em-Sao-Goncalo-dos-Campos.jpg",1300,809,false],"chromenews-featured":["https:\/\/noticiasbahia360.com.br\/wp-content\/uploads\/2025\/07\/Nando-Reis-em-Sao-Goncalo-dos-Campos-1024x637.jpg",1024,637,true],"chromenews-large":["https:\/\/noticiasbahia360.com.br\/wp-content\/uploads\/2025\/07\/Nando-Reis-em-Sao-Goncalo-dos-Campos-825x575.jpg",825,575,true],"chromenews-medium":["https:\/\/noticiasbahia360.com.br\/wp-content\/uploads\/2025\/07\/Nando-Reis-em-Sao-Goncalo-dos-Campos-590x410.jpg",590,410,true]},"author_info":{"display_name":"noticiasbahia360.com.br","author_link":"https:\/\/noticiasbahia360.com.br\/?author=1"},"category_info":"<a href=\"https:\/\/noticiasbahia360.com.br\/?cat=8\" rel=\"category\">Bahia<\/a> <a href=\"https:\/\/noticiasbahia360.com.br\/?cat=9\" rel=\"category\">Brasil<\/a> <a href=\"https:\/\/noticiasbahia360.com.br\/?cat=6\" rel=\"category\">Feira de Santana<\/a> <a href=\"https:\/\/noticiasbahia360.com.br\/?cat=57\" rel=\"category\">Mundo<\/a> <a href=\"https:\/\/noticiasbahia360.com.br\/?cat=56\" rel=\"category\">Pol\u00edcia<\/a> <a href=\"https:\/\/noticiasbahia360.com.br\/?cat=10\" rel=\"category\">Pol\u00edtica<\/a>","tag_info":"Pol\u00edtica","comment_count":"0","_links":{"self":[{"href":"https:\/\/noticiasbahia360.com.br\/index.php?rest_route=\/wp\/v2\/posts\/94981","targetHints":{"allow":["GET"]}}],"collection":[{"href":"https:\/\/noticiasbahia360.com.br\/index.php?rest_route=\/wp\/v2\/posts"}],"about":[{"href":"https:\/\/noticiasbahia360.com.br\/index.php?rest_route=\/wp\/v2\/types\/post"}],"author":[{"embeddable":true,"href":"https:\/\/noticiasbahia360.com.br\/index.php?rest_route=\/wp\/v2\/users\/1"}],"replies":[{"embeddable":true,"href":"https:\/\/noticiasbahia360.com.br\/index.php?rest_route=%2Fwp%2Fv2%2Fcomments&post=94981"}],"version-history":[{"count":0,"href":"https:\/\/noticiasbahia360.com.br\/index.php?rest_route=\/wp\/v2\/posts\/94981\/revisions"}],"wp:featuredmedia":[{"embeddable":true,"href":"https:\/\/noticiasbahia360.com.br\/index.php?rest_route=\/wp\/v2\/media\/94982"}],"wp:attachment":[{"href":"https:\/\/noticiasbahia360.com.br\/index.php?rest_route=%2Fwp%2Fv2%2Fmedia&parent=94981"}],"wp:term":[{"taxonomy":"category","embeddable":true,"href":"https:\/\/noticiasbahia360.com.br\/index.php?rest_route=%2Fwp%2Fv2%2Fcategories&post=94981"},{"taxonomy":"post_tag","embeddable":true,"href":"https:\/\/noticiasbahia360.com.br\/index.php?rest_route=%2Fwp%2Fv2%2Ftags&post=94981"}],"curies":[{"name":"wp","href":"https:\/\/api.w.org\/{rel}","templated":true}]}}