{"id":94984,"date":"2025-07-29T06:30:37","date_gmt":"2025-07-29T09:30:37","guid":{"rendered":"https:\/\/noticiasbahia360.com.br\/?p=94984"},"modified":"2025-07-29T06:30:37","modified_gmt":"2025-07-29T09:30:37","slug":"distrito-de-ipuacu-realiza-a-xxiv-festa-do-vaqueiro","status":"publish","type":"post","link":"https:\/\/noticiasbahia360.com.br\/?p=94984","title":{"rendered":"Distrito de Ipua\u00e7u realiza a XXIV Festa do Vaqueiro"},"content":{"rendered":"<div>\n<div>\n<figure><img decoding=\"async\" src=\"http:\/\/noticiasbahia360.com.br\/wp-content\/uploads\/2025\/07\/Festa-do-Vaqueiro-de-IPUACU-Fotos-Rafael-Marques-1.jpg\" alt=\"Festa do Vaqueiro\"><figcaption>Foto: Rafael Marques<br \/>\n<\/figcaption><\/figure>\n<\/div>\n<p>A tradicional e regional Festa do Vaqueiro acontece h\u00e1 mais de 20 anos em Governador Jo\u00e3o Durval Carneiro (Ipua\u00e7u), distrito de <a href=\"https:\/\/www.acordacidade.com.br\/feira-de-santana\/\">Feira de Santana<\/a>. Neste ano, o evento est\u00e1 marcado para os dias 1\u00ba, 2 e 3 de agosto.<\/p>\n<p>A XXIV Festa do Vaqueiro acontecer\u00e1 na Pra\u00e7a Nossa Senhora dos Rem\u00e9dios. A celebra\u00e7\u00e3o \u00e9 realizada pela <a href=\"https:\/\/www.acordacidade.com.br\/tag\/prefeitura-de-feira\/\">Prefeitura de Feira de Santana<\/a>, por meio da Secretaria de Cultura, e conta com o apoio do Governo do Estado da Bahia.<\/p>\n<figure class=\"wp-block-image size-large\"><img fetchpriority=\"high\" fetchpriority=\"high\" decoding=\"async\" width=\"871\" height=\"768\" src=\"http:\/\/noticiasbahia360.com.br\/wp-content\/uploads\/2025\/07\/Distrito-de-Ipuacu-realiza-a-XXIV-Festa-do-Vaqueiro-871x768-1.jpg\" alt=\"Distrito de Ipua\u00e7u realiza a XXIV Festa do Vaqueiro\" class=\"wp-image-577426\" srcset=\"https:\/\/uploads.acordacidade.com.br\/2025\/07\/Distrito-de-Ipuacu-realiza-a-XXIV-Festa-do-Vaqueiro-414x365.jpg 414w, http:\/\/noticiasbahia360.com.br\/wp-content\/uploads\/2025\/07\/Distrito-de-Ipuacu-realiza-a-XXIV-Festa-do-Vaqueiro-871x768-1.jpg 871w, https:\/\/uploads.acordacidade.com.br\/2025\/07\/Distrito-de-Ipuacu-realiza-a-XXIV-Festa-do-Vaqueiro-627x553.jpg 627w, https:\/\/uploads.acordacidade.com.br\/2025\/07\/Distrito-de-Ipuacu-realiza-a-XXIV-Festa-do-Vaqueiro-150x132.jpg 150w, https:\/\/uploads.acordacidade.com.br\/2025\/07\/Distrito-de-Ipuacu-realiza-a-XXIV-Festa-do-Vaqueiro.jpg 1200w\" sizes=\"(max-width: 871px) 100vw, 871px\"><figcaption class=\"wp-element-caption\">Foto: Divulga\u00e7\u00e3o<\/figcaption><\/figure>\n<h2 class=\"wp-block-heading\" id=\"h-confira-a-programacao\">Confira a programa\u00e7\u00e3o:<\/h2>\n<p><strong>1\u00ba de agosto (sexta-feira) a partir das 18h:<\/strong><\/p>\n<ul class=\"wp-block-list\">\n<li>Sil Farley<\/li>\n<li>Meninos de Seu Z\u00e9h<\/li>\n<li>Mal\u00edcia Sem Vergonha<\/li>\n<\/ul>\n<p><strong>2 de agosto (s\u00e1bado) a partir das 20h:<\/strong><\/p>\n<ul class=\"wp-block-list\">\n<li>Seresta do Rasta;<\/li>\n<li>Os Clones<\/li>\n<li>Olhar Sereno<\/li>\n<li>Jaldo Rodrigues<\/li>\n<li>Asas Livres<\/li>\n<\/ul>\n<p><strong>3 de agosto (domingo) a partir das 15h:<\/strong><\/p>\n<ul class=\"wp-block-list\">\n<li>Canid\u00e9<\/li>\n<li>Regi Vaqueiro<\/li>\n<li>Katukada<\/li>\n<li>Mania de Paquerar<\/li>\n<li>Os Vaqueirinhos de Esplanada<\/li>\n<\/ul>\n<p>Taianara Oliveira \u00e9 a rainha da festa. Let\u00edcia Bispo e Mariana Nascimento foram escolhidas como princesas. A coroa\u00e7\u00e3o ocorreu no \u00faltimo domingo (27).<\/p>\n<figure class=\"wp-block-image size-large\"><img decoding=\"async\" width=\"1047\" height=\"768\" src=\"http:\/\/noticiasbahia360.com.br\/wp-content\/uploads\/2025\/07\/Festa-do-Vaqueiro-280725-1047x768-1.jpg\" alt=\"\" class=\"wp-image-577648\" srcset=\"https:\/\/uploads.acordacidade.com.br\/2025\/07\/Festa-do-Vaqueiro-280725-498x365.jpg 498w, http:\/\/noticiasbahia360.com.br\/wp-content\/uploads\/2025\/07\/Festa-do-Vaqueiro-280725-1047x768-1.jpg 1047w, https:\/\/uploads.acordacidade.com.br\/2025\/07\/Festa-do-Vaqueiro-280725-754x553.jpg 754w, https:\/\/uploads.acordacidade.com.br\/2025\/07\/Festa-do-Vaqueiro-280725-150x110.jpg 150w, https:\/\/uploads.acordacidade.com.br\/2025\/07\/Festa-do-Vaqueiro-280725.jpg 1200w\" sizes=\"(max-width: 1047px) 100vw, 1047px\"><figcaption class=\"wp-element-caption\">Mariana Nascimento, Tainara Oliveira e Let\u00edcia Bispo | Foto: Divulga\u00e7\u00e3o<\/figcaption><\/figure>\n<h2 class=\"wp-block-heading\" id=\"h-circuito-da-cavalgada\">Circuito da Cavalgada<\/h2>\n<p>A cavalgada, um evento tradicional que re\u00fane um grupo de pessoas montadas a cavalo para percorrer um trajeto, est\u00e1 marcada para o domingo (3), com concentra\u00e7\u00e3o \u00e0s 12h na comunidade da Pedra da Canoa. A sa\u00edda do trio, com os Vaquerinhos de Esplanada, ser\u00e1 \u00e0s 14h30, com destino \u00e0 sede do distrito.<\/p>\n<p>Os festejos, que s\u00e3o gratuitos e est\u00e3o abertos ao p\u00fablico, reunir\u00e3o moradores e visitantes, movimentando a economia da cidade e valorizando a cultura nordestina atrav\u00e9s da m\u00fasica, da cavalgada e do grande s\u00edmbolo que tamb\u00e9m d\u00e1 nome \u00e0 festa: o vaqueiro.<\/p>\n<p><em>Com informa\u00e7\u00f5es da jornalista Iasmim Santos do Acorda Cidade<\/em><\/p>\n<p><em>Mat\u00e9ria escrita pela estagi\u00e1ria de jornalismo Beatriz Rosado, sob supervis\u00e3o do jornalista Gabriel Gon\u00e7alves<\/em><\/p>\n<p><em>Siga o Acorda Cidade no<\/em><a href=\"https:\/\/news.google.com\/search?q=acorda%20cidade&amp;hl=pt-BR&amp;gl=BR&amp;ceid=BR%3Apt-419\"><strong><em>\u00a0Google Not\u00edcias<\/em><\/strong><\/a><em>\u00a0e receba os principais destaques do dia. Participe tamb\u00e9m dos nossos canais no\u00a0<\/em><a href=\"https:\/\/www.whatsapp.com\/channel\/0029Va6Rb4v3WHTNnsh8WI3N\"><strong><em>WhatsApp<\/em><\/strong><\/a><em>\u00a0e\u00a0<\/em><a href=\"https:\/\/www.youtube.com\/@acordacidadenoticias\/videos\"><strong>Youtube<\/strong><\/a><em>\u00a0e grupo de\u00a0<\/em><a href=\"https:\/\/t.me\/+sSz0khrgARA0ZmRh\"><strong><em>Telegram<\/em><\/strong><\/a><\/p>\n<\/div>\n","protected":false},"excerpt":{"rendered":"<div>\n<div>\n<figure><img decoding=\"async\" src=\"https:\/\/www.acordacidade.com.br\/wp-content\/uploads\/2024\/06\/Festa-do-Vaqueiro-de-IPUACU-Fotos-Rafael-Marques-1.jpg\" alt=\"Festa do Vaqueiro\"><figcaption>Foto: Rafael Marques<br \/>\n<\/figcaption><\/figure>\n<\/div>\n<p>A XXIV Festa do Vaqueiro acontecer\u00e1 na Pra\u00e7a Nossa Senhora dos Rem\u00e9dios. A celebra\u00e7\u00e3o \u00e9 realizada pela Prefeitura de Feira de Santana.<\/p><\/div>\n","protected":false},"author":1,"featured_media":94985,"comment_status":"closed","ping_status":"closed","sticky":false,"template":"","format":"gallery","meta":{"footnotes":""},"categories":[8,9,6,57,56,10],"tags":[],"class_list":["post-94984","post","type-post","status-publish","format-gallery","has-post-thumbnail","hentry","category-bahia","category-brasil","category-feira-de-santana","category-mundo","category-policia","category-politica","post_format-post-format-gallery"],"featured_image_urls":{"full":["https:\/\/noticiasbahia360.com.br\/wp-content\/uploads\/2025\/07\/Festa-do-Vaqueiro-de-IPUACU-Fotos-Rafael-Marques-1.jpg",640,427,false],"thumbnail":["https:\/\/noticiasbahia360.com.br\/wp-content\/uploads\/2025\/07\/Festa-do-Vaqueiro-de-IPUACU-Fotos-Rafael-Marques-1-150x150.jpg",150,150,true],"medium":["https:\/\/noticiasbahia360.com.br\/wp-content\/uploads\/2025\/07\/Festa-do-Vaqueiro-de-IPUACU-Fotos-Rafael-Marques-1-300x200.jpg",300,200,true],"medium_large":["https:\/\/noticiasbahia360.com.br\/wp-content\/uploads\/2025\/07\/Festa-do-Vaqueiro-de-IPUACU-Fotos-Rafael-Marques-1.jpg",640,427,false],"large":["https:\/\/noticiasbahia360.com.br\/wp-content\/uploads\/2025\/07\/Festa-do-Vaqueiro-de-IPUACU-Fotos-Rafael-Marques-1.jpg",640,427,false],"1536x1536":["https:\/\/noticiasbahia360.com.br\/wp-content\/uploads\/2025\/07\/Festa-do-Vaqueiro-de-IPUACU-Fotos-Rafael-Marques-1.jpg",640,427,false],"2048x2048":["https:\/\/noticiasbahia360.com.br\/wp-content\/uploads\/2025\/07\/Festa-do-Vaqueiro-de-IPUACU-Fotos-Rafael-Marques-1.jpg",640,427,false],"chromenews-featured":["https:\/\/noticiasbahia360.com.br\/wp-content\/uploads\/2025\/07\/Festa-do-Vaqueiro-de-IPUACU-Fotos-Rafael-Marques-1.jpg",640,427,false],"chromenews-large":["https:\/\/noticiasbahia360.com.br\/wp-content\/uploads\/2025\/07\/Festa-do-Vaqueiro-de-IPUACU-Fotos-Rafael-Marques-1.jpg",640,427,false],"chromenews-medium":["https:\/\/noticiasbahia360.com.br\/wp-content\/uploads\/2025\/07\/Festa-do-Vaqueiro-de-IPUACU-Fotos-Rafael-Marques-1-590x410.jpg",590,410,true]},"author_info":{"display_name":"noticiasbahia360.com.br","author_link":"https:\/\/noticiasbahia360.com.br\/?author=1"},"category_info":"<a href=\"https:\/\/noticiasbahia360.com.br\/?cat=8\" rel=\"category\">Bahia<\/a> <a href=\"https:\/\/noticiasbahia360.com.br\/?cat=9\" rel=\"category\">Brasil<\/a> <a href=\"https:\/\/noticiasbahia360.com.br\/?cat=6\" rel=\"category\">Feira de Santana<\/a> <a href=\"https:\/\/noticiasbahia360.com.br\/?cat=57\" rel=\"category\">Mundo<\/a> <a href=\"https:\/\/noticiasbahia360.com.br\/?cat=56\" rel=\"category\">Pol\u00edcia<\/a> <a href=\"https:\/\/noticiasbahia360.com.br\/?cat=10\" rel=\"category\">Pol\u00edtica<\/a>","tag_info":"Pol\u00edtica","comment_count":"0","_links":{"self":[{"href":"https:\/\/noticiasbahia360.com.br\/index.php?rest_route=\/wp\/v2\/posts\/94984","targetHints":{"allow":["GET"]}}],"collection":[{"href":"https:\/\/noticiasbahia360.com.br\/index.php?rest_route=\/wp\/v2\/posts"}],"about":[{"href":"https:\/\/noticiasbahia360.com.br\/index.php?rest_route=\/wp\/v2\/types\/post"}],"author":[{"embeddable":true,"href":"https:\/\/noticiasbahia360.com.br\/index.php?rest_route=\/wp\/v2\/users\/1"}],"replies":[{"embeddable":true,"href":"https:\/\/noticiasbahia360.com.br\/index.php?rest_route=%2Fwp%2Fv2%2Fcomments&post=94984"}],"version-history":[{"count":0,"href":"https:\/\/noticiasbahia360.com.br\/index.php?rest_route=\/wp\/v2\/posts\/94984\/revisions"}],"wp:featuredmedia":[{"embeddable":true,"href":"https:\/\/noticiasbahia360.com.br\/index.php?rest_route=\/wp\/v2\/media\/94985"}],"wp:attachment":[{"href":"https:\/\/noticiasbahia360.com.br\/index.php?rest_route=%2Fwp%2Fv2%2Fmedia&parent=94984"}],"wp:term":[{"taxonomy":"category","embeddable":true,"href":"https:\/\/noticiasbahia360.com.br\/index.php?rest_route=%2Fwp%2Fv2%2Fcategories&post=94984"},{"taxonomy":"post_tag","embeddable":true,"href":"https:\/\/noticiasbahia360.com.br\/index.php?rest_route=%2Fwp%2Fv2%2Ftags&post=94984"}],"curies":[{"name":"wp","href":"https:\/\/api.w.org\/{rel}","templated":true}]}}