{"id":94988,"date":"2025-07-29T06:52:02","date_gmt":"2025-07-29T09:52:02","guid":{"rendered":"https:\/\/noticiasbahia360.com.br\/?p=94988"},"modified":"2025-07-29T06:52:02","modified_gmt":"2025-07-29T09:52:02","slug":"stf-conclui-oitiva-de-31-acusados-por-tentativa-de-golpe","status":"publish","type":"post","link":"https:\/\/noticiasbahia360.com.br\/?p=94988","title":{"rendered":"STF conclui oitiva de 31 acusados por tentativa de golpe"},"content":{"rendered":"<div>\n<div>\n<figure><img decoding=\"async\" src=\"http:\/\/noticiasbahia360.com.br\/wp-content\/uploads\/2025\/07\/STF-2.jpg\" alt=\"testemunhas STF trama golpista\"><figcaption>Foto: Ant\u00f4nio Cruz\/Ag\u00eancia Brasil<\/figcaption><\/figure>\n<\/div>\n<p>Ag\u00eancia Brasil \u2013 O<strong>\u00a0Supremo Tribunal Federal (STF) encerrou nesta segunda-feira (28) o interrogat\u00f3rio de 31 r\u00e9us nas a\u00e7\u00f5es penais sobre a trama golpista<\/strong>\u00a0ocorrida no governo de Jair Bolsonaro. Os principais depoimentos foram colhidos ao longo deste m\u00eas.\u00a0<img decoding=\"async\" src=\"https:\/\/agenciabrasil.ebc.com.br\/ebc.png?id=1652391&amp;o=node\"><img decoding=\"async\" src=\"https:\/\/agenciabrasil.ebc.com.br\/ebc.gif?id=1652391&amp;o=node\"><\/p>\n<p>Com o fim dos interrogat\u00f3rios, a\u00a0<strong>Corte encerra a instru\u00e7\u00e3o das a\u00e7\u00f5es penais dos n\u00facleos 1, 2, 3 e 4 da den\u00fancia da Procuradoria-Geral da Rep\u00fablica (PGR)<\/strong>\u00a0contra os acusados da tentativa de golpe do Estado no pa\u00eds para reverter o resultado das elei\u00e7\u00f5es de 2022.<\/p>\n<p>O \u00faltimo interrogat\u00f3rio foi realizado hoje.\u00a0<strong>Prestaram depoimento os r\u00e9us do n\u00facleo 3, grupo acusado de planejar a\u00e7\u00f5es t\u00e1ticas para efetivar o plano golpista<\/strong>, entre elas, o<strong>\u00a0monitoramento de Alexandre de Moraes e do presidente Luiz In\u00e1cio Lula da Silva.<\/strong><\/p>\n<p>A partir de agora, os<strong>\u00a0r\u00e9us do n\u00facleo 3 t\u00eam prazo de cinco dias para apresentarem requerimentos complementares ou solicitar novas dilig\u00eancias<\/strong>.\u00a0Os prazos para os demais n\u00facleos j\u00e1 est\u00e1 em andamento.<\/p>\n<p>Em seguida, ser\u00e1 aberto prazo para as alega\u00e7\u00f5es finais dos r\u00e9us e da PGR, respons\u00e1vel pela acusa\u00e7\u00e3o. O prazo ser\u00e1 de 15 dias.<\/p>\n<p>As\u00a0<strong>alega\u00e7\u00f5es representam a \u00faltima manifesta\u00e7\u00e3o da defesa e da acusa\u00e7\u00e3o antes da senten\u00e7a<\/strong>, que pode condenar ou absolver os acusados.<\/p>\n<p>Os\u00a0<strong>r\u00e9us respondem pelos crimes de organiza\u00e7\u00e3o criminosa armada, tentativa de aboli\u00e7\u00e3o violenta do Estado Democr\u00e1tico de Direito, golpe de Estado, dano qualificado pela viol\u00eancia e grave amea\u00e7a e deteriora\u00e7\u00e3o de patrim\u00f4nio tombado<\/strong>.<\/p>\n<h2 class=\"wp-block-heading\" id=\"h-bolsonaro\">Bolsonaro<\/h2>\n<p>O n\u00facleo 1, que tem como r\u00e9u o ex-presidente Jair Bolsonaro e mais sete aliados, \u00e9 o mais adiantado. \u00a0A PGR j\u00e1 fez o pedido de condena\u00e7\u00e3o. Faltam as alega\u00e7\u00f5es finais do ex-ajudante de ordens de Bolsonaro, Mauro Cid, e das defesas.<\/p>\n<p>A\u00a0<strong>expectativa \u00e9 de que o julgamento que vai decidir pela condena\u00e7\u00e3o ou absolvi\u00e7\u00e3o do Bolsonaro e os demais r\u00e9us trama golpista ocorra em setembro.<\/strong><\/p>\n<p>A decis\u00e3o ser\u00e1 da Primeira Turma do STF, formada pelo relator da a\u00e7\u00e3o penal, Alexandre de Moraes, e os ministros Fl\u00e1vio Dino, Cristiano Zanin, C\u00e1rmen L\u00facia e Luiz Fux.<\/p>\n<p><em>Siga o Acorda Cidade no<\/em><a href=\"https:\/\/news.google.com\/search?q=acorda%20cidade&amp;hl=pt-BR&amp;gl=BR&amp;ceid=BR%3Apt-419\"><strong><em>\u00a0Google Not\u00edcias<\/em><\/strong><\/a><em>\u00a0e receba os principais destaques do dia. Participe tamb\u00e9m dos nossos canais no\u00a0<\/em><a href=\"https:\/\/www.whatsapp.com\/channel\/0029Va6Rb4v3WHTNnsh8WI3N\"><strong><em>WhatsApp<\/em><\/strong><\/a><em>\u00a0e\u00a0<\/em><a href=\"https:\/\/www.youtube.com\/@acordacidadenoticias\/videos\"><strong>Youtube<\/strong><\/a><em>\u00a0e grupo de\u00a0<\/em><a href=\"https:\/\/t.me\/+sSz0khrgARA0ZmRh\"><strong><em>Telegram<\/em><\/strong><\/a><\/p>\n<\/div>\n","protected":false},"excerpt":{"rendered":"<div>\n<div>\n<figure><img decoding=\"async\" src=\"https:\/\/uploads.acordacidade.com.br\/2025\/02\/STF.jpg\" alt=\"testemunhas STF trama golpista\"><figcaption>Foto: Ant\u00f4nio Cruz\/Ag\u00eancia Brasil<\/figcaption><\/figure>\n<\/div>\n<p>Um dos familiares acionou a pol\u00edcia. Durante as investiga\u00e7\u00f5es, os agentes descobriram que se tratava de um sequestro falso.<\/p><\/div>\n","protected":false},"author":1,"featured_media":94989,"comment_status":"closed","ping_status":"closed","sticky":false,"template":"","format":"gallery","meta":{"footnotes":""},"categories":[8,9,6,57,56,10],"tags":[],"class_list":["post-94988","post","type-post","status-publish","format-gallery","has-post-thumbnail","hentry","category-bahia","category-brasil","category-feira-de-santana","category-mundo","category-policia","category-politica","post_format-post-format-gallery"],"featured_image_urls":{"full":["https:\/\/noticiasbahia360.com.br\/wp-content\/uploads\/2025\/07\/STF-2.jpg",640,383,false],"thumbnail":["https:\/\/noticiasbahia360.com.br\/wp-content\/uploads\/2025\/07\/STF-2-150x150.jpg",150,150,true],"medium":["https:\/\/noticiasbahia360.com.br\/wp-content\/uploads\/2025\/07\/STF-2-300x180.jpg",300,180,true],"medium_large":["https:\/\/noticiasbahia360.com.br\/wp-content\/uploads\/2025\/07\/STF-2.jpg",640,383,false],"large":["https:\/\/noticiasbahia360.com.br\/wp-content\/uploads\/2025\/07\/STF-2.jpg",640,383,false],"1536x1536":["https:\/\/noticiasbahia360.com.br\/wp-content\/uploads\/2025\/07\/STF-2.jpg",640,383,false],"2048x2048":["https:\/\/noticiasbahia360.com.br\/wp-content\/uploads\/2025\/07\/STF-2.jpg",640,383,false],"chromenews-featured":["https:\/\/noticiasbahia360.com.br\/wp-content\/uploads\/2025\/07\/STF-2.jpg",640,383,false],"chromenews-large":["https:\/\/noticiasbahia360.com.br\/wp-content\/uploads\/2025\/07\/STF-2.jpg",640,383,false],"chromenews-medium":["https:\/\/noticiasbahia360.com.br\/wp-content\/uploads\/2025\/07\/STF-2-590x383.jpg",590,383,true]},"author_info":{"display_name":"noticiasbahia360.com.br","author_link":"https:\/\/noticiasbahia360.com.br\/?author=1"},"category_info":"<a href=\"https:\/\/noticiasbahia360.com.br\/?cat=8\" rel=\"category\">Bahia<\/a> <a href=\"https:\/\/noticiasbahia360.com.br\/?cat=9\" rel=\"category\">Brasil<\/a> <a href=\"https:\/\/noticiasbahia360.com.br\/?cat=6\" rel=\"category\">Feira de Santana<\/a> <a href=\"https:\/\/noticiasbahia360.com.br\/?cat=57\" rel=\"category\">Mundo<\/a> <a href=\"https:\/\/noticiasbahia360.com.br\/?cat=56\" rel=\"category\">Pol\u00edcia<\/a> <a href=\"https:\/\/noticiasbahia360.com.br\/?cat=10\" rel=\"category\">Pol\u00edtica<\/a>","tag_info":"Pol\u00edtica","comment_count":"0","_links":{"self":[{"href":"https:\/\/noticiasbahia360.com.br\/index.php?rest_route=\/wp\/v2\/posts\/94988","targetHints":{"allow":["GET"]}}],"collection":[{"href":"https:\/\/noticiasbahia360.com.br\/index.php?rest_route=\/wp\/v2\/posts"}],"about":[{"href":"https:\/\/noticiasbahia360.com.br\/index.php?rest_route=\/wp\/v2\/types\/post"}],"author":[{"embeddable":true,"href":"https:\/\/noticiasbahia360.com.br\/index.php?rest_route=\/wp\/v2\/users\/1"}],"replies":[{"embeddable":true,"href":"https:\/\/noticiasbahia360.com.br\/index.php?rest_route=%2Fwp%2Fv2%2Fcomments&post=94988"}],"version-history":[{"count":0,"href":"https:\/\/noticiasbahia360.com.br\/index.php?rest_route=\/wp\/v2\/posts\/94988\/revisions"}],"wp:featuredmedia":[{"embeddable":true,"href":"https:\/\/noticiasbahia360.com.br\/index.php?rest_route=\/wp\/v2\/media\/94989"}],"wp:attachment":[{"href":"https:\/\/noticiasbahia360.com.br\/index.php?rest_route=%2Fwp%2Fv2%2Fmedia&parent=94988"}],"wp:term":[{"taxonomy":"category","embeddable":true,"href":"https:\/\/noticiasbahia360.com.br\/index.php?rest_route=%2Fwp%2Fv2%2Fcategories&post=94988"},{"taxonomy":"post_tag","embeddable":true,"href":"https:\/\/noticiasbahia360.com.br\/index.php?rest_route=%2Fwp%2Fv2%2Ftags&post=94988"}],"curies":[{"name":"wp","href":"https:\/\/api.w.org\/{rel}","templated":true}]}}