{"id":94990,"date":"2025-07-29T06:52:03","date_gmt":"2025-07-29T09:52:03","guid":{"rendered":"https:\/\/noticiasbahia360.com.br\/?p=94990"},"modified":"2025-07-29T06:52:03","modified_gmt":"2025-07-29T09:52:03","slug":"lula-sanciona-lei-que-preve-ressarcimento-de-impostos-a-pequenos-exportadores","status":"publish","type":"post","link":"https:\/\/noticiasbahia360.com.br\/?p=94990","title":{"rendered":"Lula sanciona lei que prev\u00ea ressarcimento de impostos a pequenos exportadores"},"content":{"rendered":"<div>\n<div>\n<figure><img decoding=\"async\" src=\"http:\/\/noticiasbahia360.com.br\/wp-content\/uploads\/2025\/07\/sebraefeira-no-parque-dsc.jpg\" alt=\"Exportadores\"><figcaption>Foto: Jos\u00e9 Cruz\/Ag\u00eancia Brasil<\/figcaption><\/figure>\n<\/div>\n<p>Ag\u00eancia Brasil \u2013 O\u00a0<strong>presidente Luiz In\u00e1cio Lula da Silva sancionou nesta segunda-feira (28) o Projeto de Lei Complementar que cria o Programa Acredita Exporta\u00e7\u00e3o.<\/strong>\u00a0A medida foi assinada em evento p\u00fablico no Pal\u00e1cio do Planalto, com a participa\u00e7\u00e3o de ministros, parlamentares e autoridades.<img decoding=\"async\" src=\"https:\/\/agenciabrasil.ebc.com.br\/ebc.png?id=1652382&amp;o=node\"><img decoding=\"async\" src=\"https:\/\/agenciabrasil.ebc.com.br\/ebc.gif?id=1652382&amp;o=node\"><\/p>\n<p>Na pr\u00e1tica, a lei, aprovada por unanimidade pelo Congresso Nacional no in\u00edcio de julho,\u00a0<strong>antecipa os efeitos da reforma tribut\u00e1ria, que s\u00f3 entra em vigor em 2027<\/strong>,\u00a0<strong>para reduzir os custos de micro e pequenas empresas que exportam produtos e servi\u00e7os para outros pa\u00edses<\/strong>.<\/p>\n<p>Essa<strong>\u00a0redu\u00e7\u00e3o se dar\u00e1 por meio da devolu\u00e7\u00e3o de 3% das receitas de vendas ao exterior realizadas por esse segmento empresarial<\/strong>, valor correspondente \u00e0 parcela dos tributos pagos ao longo da cadeia produtiva.<\/p>\n<p>A devolu\u00e7\u00e3o pode ocorrer por meio de compensa\u00e7\u00e3o para pagamento de outros tributos devidos e mediante ressarcimento dos valores ao benefici\u00e1rio.\u00a0\u00a0<\/p>\n<p>Em 2024, o universo de micro e pequenas empresas exportadoras, incluindo microempreendedores individuais (MEI), microempresas (ME) e empresas de pequeno porte (EPP), representou 40% do total de exportadores, ou seja, 11,5 mil empresas das 28,8 mil que realizaram vendas externas no per\u00edodo. Os dados s\u00e3o Secretaria de Com\u00e9rcio Exterior (Secex), do Minist\u00e9rio do Desenvolvimento, Ind\u00fastria e Com\u00e9rcio (MDIC).<\/p>\n<p>As exporta\u00e7\u00f5es dessas empresas atingiram, no mesmo ano, US$ 2,6 bilh\u00f5es, compondo-se, em sua maior parte, de produtos da ind\u00fastria de transforma\u00e7\u00e3o, como m\u00f3veis, cal\u00e7ados e vestu\u00e1rio, somando 72,3% do total das exporta\u00e7\u00f5es realizadas por micro e pequenas empresas.<\/p>\n<blockquote class=\"wp-block-quote is-layout-flow wp-block-quote-is-layout-flow\">\n<p>\u201cNo\u00a0ano passado, n\u00f3s batemos recorde de exporta\u00e7\u00e3o. Foram US$ 337 bilh\u00f5es que o Brasil exportou, [sendo] 28.847 empresas exportadoras. As micro e pequenas s\u00e3o quase 40% deste total. D\u00e1 quase 12 mil empresas. Mas elas representam 0,8% do valor [exportado]. \u00c9 pouco. Ent\u00e3o, esse projeto vai dar um impulso para que pequenas e micro empresas possam exportar mais, ganhar mercado, ter mais competitividade e poder vender mais l\u00e1 fora\u201d, destacou o vice-presidente e ministro do Desenvolvimento, Ind\u00fastria e Com\u00e9rcio, Geraldo Alckmin, durante a cerim\u00f4nia no Pal\u00e1cio do Planalto.<\/p>\n<\/blockquote>\n<p>A\u00a0<strong>nova lei vale a partir do dia 1\u00ba de agosto e vai at\u00e9 dezembro de 2026<\/strong>. Um decreto de regulamenta\u00e7\u00e3o da norma tamb\u00e9m foi editado pelo governo federal para operacionalizar o benef\u00edcio fiscal.<\/p>\n<p>A partir de 2027,\u00a0entrar\u00e1 em vigor a reforma tribut\u00e1ria, que acaba com a cumulatividade de tributos por meio da unifica\u00e7\u00e3o de cobran\u00e7as em um \u00fanico Imposto sobre Valor Agregado]\u00a0(IVA) dual.<\/p>\n<p>\u201cCom a reforma tribut\u00e1ria, acaba a cumulatividade de cr\u00e9dito, desonera totalmente investimento e exporta\u00e7\u00e3o. H\u00e1 um estudo do Ipea [Instituto de Pesquisa Econ\u00f4mica Aplicada] que mostra que, em 15 anos, a reforma tribut\u00e1ria, por si s\u00f3, pode fazer o PIB [Produto Interno Bruto] crescer 12%, os investimentos crescerem 14% e as exporta\u00e7\u00f5es crescerem 17%. S\u00f3 que come\u00e7a a vigorar em 2027, que \u00e9 o CBS [Contribui\u00e7\u00e3o sobre Bens e Servi\u00e7os], que vai substituir IPI, PIS e Cofins. Ent\u00e3o, estamos fazendo para vigorar este ano at\u00e9 dezembro do ano que vem, porque de 2027 pra frente, entra em vig\u00eancia o CBS\u201d, explicou Alckmin.<\/p>\n<p>Atualmente, h\u00e1\u00a017 milh\u00f5es de MEIs no pa\u00eds. De\u00a0janeiro a maio, entraram 2 milh\u00f5es de microempreendedores individuais no mercado,\u00a0e mais 7,5 milh\u00f5es de Simples.<\/p>\n<p>\u201cSomado isso tudo, d\u00e1 99% dos CNPJs do Brasil. S\u00f3 que esses 99% exportam 1%. E o outro 1% das grandes empresas exporta 99%. Se fosse todo lugar assim, mas em outros lugares n\u00e3o \u00e9 assim. Na China, por exemplo, 65% do valor exportado \u00e9 vendido pelos pequenos\u201d, destacou o ministro do Empreendedorismo, da Microempresa e da Empresa de Pequeno Porte,\u00a0M\u00e1rcio Fran\u00e7a.<\/p>\n<p>\u201cA antecipa\u00e7\u00e3o dessa devolu\u00e7\u00e3o \u00e9 um sinal de que o senhor [presidente Lula] e n\u00f3s estamos fazendo um esfor\u00e7o para que esses pequenos tenham chance. Governar \u00e9 fazer escolhas. Tem que escolher para algum lado, e o senhor est\u00e1 escolhendo os menores, porque os menores precisam de mais ajuda\u201d, acrescentou Fran\u00e7a.<\/p>\n<p>Segundo o governo federal, historicamente,\u00a0<strong>empresas optantes pelo Simples Nacional n\u00e3o podiam recuperar tributos pagos em etapas anteriores da cadeia produtiva<\/strong>.\u00a0<strong>Com a nova lei, cerca de 50% das micro e pequenas empresas exportadoras passam a ter acesso a esse direito<\/strong>.<\/p>\n<p>Para solicitar o benef\u00edcio, essas empresas exportadoras devem\u00a0<a href=\"https:\/\/www.gov.br\/receitafederal\/pt-br\/assuntos\/orientacao-tributaria\/restituicao-ressarcimento-reembolso-e-compensacao\/perdcomp\" target=\"_blank\" rel=\"noreferrer noopener\">acessar o sistema da Receita Federal\u00a0<\/a>\u00a0e observar as regras previstas nos artigos 57 e 58 da Instru\u00e7\u00e3o Normativa n\u00ba 2.055, de 6 de dezembro de 2021.<\/p>\n<p><em>Siga o Acorda Cidade no<\/em><a href=\"https:\/\/news.google.com\/search?q=acorda%20cidade&amp;hl=pt-BR&amp;gl=BR&amp;ceid=BR%3Apt-419\"><strong><em> Google Not\u00edcias<\/em><\/strong><\/a><em> e receba os principais destaques do dia. Participe tamb\u00e9m dos nossos canais no <\/em><a href=\"https:\/\/whatsapp.com\/channel\/0029Va6Rb4v3WHTNnsh8WI3N\"><strong><em>WhatsApp<\/em><\/strong><\/a><em> e <\/em><a href=\"https:\/\/www.youtube.com\/@acordacidadenoticias\/videos\"><strong>Youtube<\/strong><\/a><em> e grupo de <\/em><a href=\"https:\/\/t.me\/+sSz0khrgARA0ZmRh\"><strong><em>Telegram<\/em><\/strong><\/a><em>.<\/em><\/p>\n<\/div>\n","protected":false},"excerpt":{"rendered":"<div>\n<div>\n<figure><img decoding=\"async\" src=\"https:\/\/uploads.acordacidade.com.br\/2025\/07\/sebraefeira-no-parque-dsc.jpg\" alt=\"Exportadores\"><figcaption>Foto: Jos\u00e9 Cruz\/Ag\u00eancia Brasil<\/figcaption><\/figure>\n<\/div>\n<p>Com a nova lei, cerca de 50% das micro e pequenas empresas exportadoras passam a ter acesso a esse direito.<\/p><\/div>\n","protected":false},"author":1,"featured_media":94991,"comment_status":"closed","ping_status":"closed","sticky":false,"template":"","format":"gallery","meta":{"footnotes":""},"categories":[8,9,6,57,56,10],"tags":[],"class_list":["post-94990","post","type-post","status-publish","format-gallery","has-post-thumbnail","hentry","category-bahia","category-brasil","category-feira-de-santana","category-mundo","category-policia","category-politica","post_format-post-format-gallery"],"featured_image_urls":{"full":["https:\/\/noticiasbahia360.com.br\/wp-content\/uploads\/2025\/07\/sebraefeira-no-parque-dsc.jpg",1200,718,false],"thumbnail":["https:\/\/noticiasbahia360.com.br\/wp-content\/uploads\/2025\/07\/sebraefeira-no-parque-dsc-150x150.jpg",150,150,true],"medium":["https:\/\/noticiasbahia360.com.br\/wp-content\/uploads\/2025\/07\/sebraefeira-no-parque-dsc-300x180.jpg",300,180,true],"medium_large":["https:\/\/noticiasbahia360.com.br\/wp-content\/uploads\/2025\/07\/sebraefeira-no-parque-dsc-768x460.jpg",640,383,true],"large":["https:\/\/noticiasbahia360.com.br\/wp-content\/uploads\/2025\/07\/sebraefeira-no-parque-dsc-1024x613.jpg",640,383,true],"1536x1536":["https:\/\/noticiasbahia360.com.br\/wp-content\/uploads\/2025\/07\/sebraefeira-no-parque-dsc.jpg",1200,718,false],"2048x2048":["https:\/\/noticiasbahia360.com.br\/wp-content\/uploads\/2025\/07\/sebraefeira-no-parque-dsc.jpg",1200,718,false],"chromenews-featured":["https:\/\/noticiasbahia360.com.br\/wp-content\/uploads\/2025\/07\/sebraefeira-no-parque-dsc-1024x613.jpg",1024,613,true],"chromenews-large":["https:\/\/noticiasbahia360.com.br\/wp-content\/uploads\/2025\/07\/sebraefeira-no-parque-dsc-825x575.jpg",825,575,true],"chromenews-medium":["https:\/\/noticiasbahia360.com.br\/wp-content\/uploads\/2025\/07\/sebraefeira-no-parque-dsc-590x410.jpg",590,410,true]},"author_info":{"display_name":"noticiasbahia360.com.br","author_link":"https:\/\/noticiasbahia360.com.br\/?author=1"},"category_info":"<a href=\"https:\/\/noticiasbahia360.com.br\/?cat=8\" rel=\"category\">Bahia<\/a> <a href=\"https:\/\/noticiasbahia360.com.br\/?cat=9\" rel=\"category\">Brasil<\/a> <a href=\"https:\/\/noticiasbahia360.com.br\/?cat=6\" rel=\"category\">Feira de Santana<\/a> <a href=\"https:\/\/noticiasbahia360.com.br\/?cat=57\" rel=\"category\">Mundo<\/a> <a href=\"https:\/\/noticiasbahia360.com.br\/?cat=56\" rel=\"category\">Pol\u00edcia<\/a> <a href=\"https:\/\/noticiasbahia360.com.br\/?cat=10\" rel=\"category\">Pol\u00edtica<\/a>","tag_info":"Pol\u00edtica","comment_count":"0","_links":{"self":[{"href":"https:\/\/noticiasbahia360.com.br\/index.php?rest_route=\/wp\/v2\/posts\/94990","targetHints":{"allow":["GET"]}}],"collection":[{"href":"https:\/\/noticiasbahia360.com.br\/index.php?rest_route=\/wp\/v2\/posts"}],"about":[{"href":"https:\/\/noticiasbahia360.com.br\/index.php?rest_route=\/wp\/v2\/types\/post"}],"author":[{"embeddable":true,"href":"https:\/\/noticiasbahia360.com.br\/index.php?rest_route=\/wp\/v2\/users\/1"}],"replies":[{"embeddable":true,"href":"https:\/\/noticiasbahia360.com.br\/index.php?rest_route=%2Fwp%2Fv2%2Fcomments&post=94990"}],"version-history":[{"count":0,"href":"https:\/\/noticiasbahia360.com.br\/index.php?rest_route=\/wp\/v2\/posts\/94990\/revisions"}],"wp:featuredmedia":[{"embeddable":true,"href":"https:\/\/noticiasbahia360.com.br\/index.php?rest_route=\/wp\/v2\/media\/94991"}],"wp:attachment":[{"href":"https:\/\/noticiasbahia360.com.br\/index.php?rest_route=%2Fwp%2Fv2%2Fmedia&parent=94990"}],"wp:term":[{"taxonomy":"category","embeddable":true,"href":"https:\/\/noticiasbahia360.com.br\/index.php?rest_route=%2Fwp%2Fv2%2Fcategories&post=94990"},{"taxonomy":"post_tag","embeddable":true,"href":"https:\/\/noticiasbahia360.com.br\/index.php?rest_route=%2Fwp%2Fv2%2Ftags&post=94990"}],"curies":[{"name":"wp","href":"https:\/\/api.w.org\/{rel}","templated":true}]}}