{"id":94992,"date":"2025-07-29T07:47:02","date_gmt":"2025-07-29T10:47:02","guid":{"rendered":"https:\/\/noticiasbahia360.com.br\/?p=94992"},"modified":"2025-07-29T07:47:02","modified_gmt":"2025-07-29T10:47:02","slug":"policia-investiga-possivel-vinganca-como-motivacao-para-homicidio-no-bairro-subae","status":"publish","type":"post","link":"https:\/\/noticiasbahia360.com.br\/?p=94992","title":{"rendered":"Pol\u00edcia investiga poss\u00edvel vingan\u00e7a como motiva\u00e7\u00e3o para homic\u00eddio no bairro Suba\u00e9"},"content":{"rendered":"<div>\n<div>\n<figure><img decoding=\"async\" src=\"http:\/\/noticiasbahia360.com.br\/wp-content\/uploads\/2025\/07\/bHg10CcE-Policia-Civil-em-Feira-de-Santana-Complexo-de-delegacias-ft-ed-santos-acorda-cidade1.webp\" alt=\"Pol\u00edcia Civil em Feira de Santana - Complexo de delegacias - delegados\"><figcaption>Foto: Ed Santos\/Acorda Cidade<\/figcaption><\/figure>\n<\/div>\n<p>A Delegacia de Homic\u00eddios de Feira de Santana investiga se o assassinato de <a href=\"https:\/\/www.acordacidade.com.br\/policia\/homem-e-assassinado-no-bairro-subae-em-feira-de-santana\/\">Allan Santana da Silva, ocorrido no \u00faltimo domingo (27), no bairro Suba\u00e9<\/a>, teve como motiva\u00e7\u00e3o um acerto de contas relacionado a um homic\u00eddio anterior praticado pela v\u00edtima na cidade de Baixa Grande.<\/p>\n<p>De acordo com o delegado Fabr\u00edcio Linard, adjunto da DH, Allan havia chegado recentemente a Feira de Santana, supostamente fugindo de poss\u00edveis repres\u00e1lias ap\u00f3s matar um homem a facadas em Baixa Grande. O crime, conforme apura\u00e7\u00e3o preliminar, teria ocorrido ap\u00f3s um desentendimento entre Allan e a v\u00edtima, que atuava como seguran\u00e7a.<\/p>\n<figure class=\"wp-block-image size-full\"><img fetchpriority=\"high\" fetchpriority=\"high\" decoding=\"async\" width=\"1200\" height=\"675\" src=\"http:\/\/noticiasbahia360.com.br\/wp-content\/uploads\/2025\/07\/delegado-fabricio-linard-ed-santos-acorda-cidade-1.jpg\" alt=\"Homic\u00eddio no Parque Lagoa Suba\u00e9\" class=\"wp-image-576336\" srcset=\"https:\/\/uploads.acordacidade.com.br\/2025\/07\/delegado-fabricio-linard-ed-santos-acorda-cidade-648x365.jpg 648w, https:\/\/uploads.acordacidade.com.br\/2025\/07\/delegado-fabricio-linard-ed-santos-acorda-cidade-150x84.jpg 150w, http:\/\/noticiasbahia360.com.br\/wp-content\/uploads\/2025\/07\/delegado-fabricio-linard-ed-santos-acorda-cidade-1.jpg 1200w\" sizes=\"(max-width: 1200px) 100vw, 1200px\"><figcaption class=\"wp-element-caption\">Foto: Ed Santos\/Acorda Cidade<\/figcaption><\/figure>\n<p>\u201cEle veio para Feira temendo pela pr\u00f3pria vida, ap\u00f3s o homic\u00eddio. Inclusive, familiares relataram que ele pretendia se mudar para o estado de S\u00e3o Paulo, mas n\u00e3o houve tempo\u201d, afirmou o delegado ao Acorda Cidade<\/p>\n<p>O corpo de Allan foi encontrado em um terreno baldio localizado na Rua Cassiano Ricardo. A pol\u00edcia realizou levantamento cadav\u00e9rico e per\u00edcia no local, mas ainda n\u00e3o h\u00e1 informa\u00e7\u00f5es sobre a din\u00e2mica do crime, como quantos autores estiveram envolvidos ou se a v\u00edtima foi perseguida ou levada at\u00e9 o local da execu\u00e7\u00e3o.<\/p>\n<p><em>Com informa\u00e7\u00f5es do rep\u00f3rter Ed Santos do Acorda Cidade<\/em><\/p>\n<p><strong>Leia tamb\u00e9m:<\/strong> <a href=\"https:\/\/www.acordacidade.com.br\/policia\/homem-e-assassinado-no-bairro-subae-em-feira-de-santana\/\">Homem \u00e9 assassinado no bairro Suba\u00e9 em Feira de Santana<\/a><\/p>\n<p><em>Siga o Acorda Cidade no<\/em><a href=\"https:\/\/news.google.com\/search?q=acorda%20cidade&amp;hl=pt-BR&amp;gl=BR&amp;ceid=BR%3Apt-419\"><strong><em> Google Not\u00edcias<\/em><\/strong><\/a><em> e receba os principais destaques do dia. Participe tamb\u00e9m dos nossos canais no <\/em><a href=\"https:\/\/whatsapp.com\/channel\/0029Va6Rb4v3WHTNnsh8WI3N\"><strong><em>WhatsApp<\/em><\/strong><\/a><em> e <\/em><a href=\"https:\/\/www.youtube.com\/@acordacidadenoticias\/videos\"><strong>Youtube<\/strong><\/a><em> e grupo de <\/em><a href=\"https:\/\/t.me\/+sSz0khrgARA0ZmRh\"><strong><em>Telegram<\/em><\/strong><\/a><em>.<\/em><\/p>\n<\/div>\n","protected":false},"excerpt":{"rendered":"<div>\n<div>\n<figure><img decoding=\"async\" src=\"https:\/\/uploads.acordacidade.com.br\/2025\/05\/bHg10CcE-Policia-Civil-em-Feira-de-Santana-Complexo-de-delegacias-ft-ed-santos-acorda-cidade1.webp\" alt=\"Pol\u00edcia Civil em Feira de Santana - Complexo de delegacias - delegados\"><figcaption>Foto: Ed Santos\/Acorda Cidade<\/figcaption><\/figure>\n<\/div>\n<p>A pol\u00edcia realizou levantamento cadav\u00e9rico e per\u00edcia no local, mas ainda n\u00e3o h\u00e1 informa\u00e7\u00f5es sobre a din\u00e2mica do homic\u00eddio.<\/p><\/div>\n","protected":false},"author":1,"featured_media":94993,"comment_status":"closed","ping_status":"closed","sticky":false,"template":"","format":"gallery","meta":{"footnotes":""},"categories":[8,9,6,57,56,10],"tags":[],"class_list":["post-94992","post","type-post","status-publish","format-gallery","has-post-thumbnail","hentry","category-bahia","category-brasil","category-feira-de-santana","category-mundo","category-policia","category-politica","post_format-post-format-gallery"],"featured_image_urls":{"full":["https:\/\/noticiasbahia360.com.br\/wp-content\/uploads\/2025\/07\/bHg10CcE-Policia-Civil-em-Feira-de-Santana-Complexo-de-delegacias-ft-ed-santos-acorda-cidade1.webp",1200,792,false],"thumbnail":["https:\/\/noticiasbahia360.com.br\/wp-content\/uploads\/2025\/07\/bHg10CcE-Policia-Civil-em-Feira-de-Santana-Complexo-de-delegacias-ft-ed-santos-acorda-cidade1-150x150.webp",150,150,true],"medium":["https:\/\/noticiasbahia360.com.br\/wp-content\/uploads\/2025\/07\/bHg10CcE-Policia-Civil-em-Feira-de-Santana-Complexo-de-delegacias-ft-ed-santos-acorda-cidade1-300x198.webp",300,198,true],"medium_large":["https:\/\/noticiasbahia360.com.br\/wp-content\/uploads\/2025\/07\/bHg10CcE-Policia-Civil-em-Feira-de-Santana-Complexo-de-delegacias-ft-ed-santos-acorda-cidade1-768x507.webp",640,423,true],"large":["https:\/\/noticiasbahia360.com.br\/wp-content\/uploads\/2025\/07\/bHg10CcE-Policia-Civil-em-Feira-de-Santana-Complexo-de-delegacias-ft-ed-santos-acorda-cidade1-1024x676.webp",640,423,true],"1536x1536":["https:\/\/noticiasbahia360.com.br\/wp-content\/uploads\/2025\/07\/bHg10CcE-Policia-Civil-em-Feira-de-Santana-Complexo-de-delegacias-ft-ed-santos-acorda-cidade1.webp",1200,792,false],"2048x2048":["https:\/\/noticiasbahia360.com.br\/wp-content\/uploads\/2025\/07\/bHg10CcE-Policia-Civil-em-Feira-de-Santana-Complexo-de-delegacias-ft-ed-santos-acorda-cidade1.webp",1200,792,false],"chromenews-featured":["https:\/\/noticiasbahia360.com.br\/wp-content\/uploads\/2025\/07\/bHg10CcE-Policia-Civil-em-Feira-de-Santana-Complexo-de-delegacias-ft-ed-santos-acorda-cidade1-1024x676.webp",1024,676,true],"chromenews-large":["https:\/\/noticiasbahia360.com.br\/wp-content\/uploads\/2025\/07\/bHg10CcE-Policia-Civil-em-Feira-de-Santana-Complexo-de-delegacias-ft-ed-santos-acorda-cidade1-825x575.webp",825,575,true],"chromenews-medium":["https:\/\/noticiasbahia360.com.br\/wp-content\/uploads\/2025\/07\/bHg10CcE-Policia-Civil-em-Feira-de-Santana-Complexo-de-delegacias-ft-ed-santos-acorda-cidade1-590x410.webp",590,410,true]},"author_info":{"display_name":"noticiasbahia360.com.br","author_link":"https:\/\/noticiasbahia360.com.br\/?author=1"},"category_info":"<a href=\"https:\/\/noticiasbahia360.com.br\/?cat=8\" rel=\"category\">Bahia<\/a> <a href=\"https:\/\/noticiasbahia360.com.br\/?cat=9\" rel=\"category\">Brasil<\/a> <a href=\"https:\/\/noticiasbahia360.com.br\/?cat=6\" rel=\"category\">Feira de Santana<\/a> <a href=\"https:\/\/noticiasbahia360.com.br\/?cat=57\" rel=\"category\">Mundo<\/a> <a href=\"https:\/\/noticiasbahia360.com.br\/?cat=56\" rel=\"category\">Pol\u00edcia<\/a> <a href=\"https:\/\/noticiasbahia360.com.br\/?cat=10\" rel=\"category\">Pol\u00edtica<\/a>","tag_info":"Pol\u00edtica","comment_count":"0","_links":{"self":[{"href":"https:\/\/noticiasbahia360.com.br\/index.php?rest_route=\/wp\/v2\/posts\/94992","targetHints":{"allow":["GET"]}}],"collection":[{"href":"https:\/\/noticiasbahia360.com.br\/index.php?rest_route=\/wp\/v2\/posts"}],"about":[{"href":"https:\/\/noticiasbahia360.com.br\/index.php?rest_route=\/wp\/v2\/types\/post"}],"author":[{"embeddable":true,"href":"https:\/\/noticiasbahia360.com.br\/index.php?rest_route=\/wp\/v2\/users\/1"}],"replies":[{"embeddable":true,"href":"https:\/\/noticiasbahia360.com.br\/index.php?rest_route=%2Fwp%2Fv2%2Fcomments&post=94992"}],"version-history":[{"count":0,"href":"https:\/\/noticiasbahia360.com.br\/index.php?rest_route=\/wp\/v2\/posts\/94992\/revisions"}],"wp:featuredmedia":[{"embeddable":true,"href":"https:\/\/noticiasbahia360.com.br\/index.php?rest_route=\/wp\/v2\/media\/94993"}],"wp:attachment":[{"href":"https:\/\/noticiasbahia360.com.br\/index.php?rest_route=%2Fwp%2Fv2%2Fmedia&parent=94992"}],"wp:term":[{"taxonomy":"category","embeddable":true,"href":"https:\/\/noticiasbahia360.com.br\/index.php?rest_route=%2Fwp%2Fv2%2Fcategories&post=94992"},{"taxonomy":"post_tag","embeddable":true,"href":"https:\/\/noticiasbahia360.com.br\/index.php?rest_route=%2Fwp%2Fv2%2Ftags&post=94992"}],"curies":[{"name":"wp","href":"https:\/\/api.w.org\/{rel}","templated":true}]}}