{"id":94999,"date":"2025-07-29T09:22:55","date_gmt":"2025-07-29T12:22:55","guid":{"rendered":"https:\/\/noticiasbahia360.com.br\/?p=94999"},"modified":"2025-07-29T09:22:55","modified_gmt":"2025-07-29T12:22:55","slug":"jovem-morre-em-acidente-ao-retornar-de-comemoracao-do-proprio-aniversario-de-22-anos","status":"publish","type":"post","link":"https:\/\/noticiasbahia360.com.br\/?p=94999","title":{"rendered":"Jovem morre em acidente ao retornar de comemora\u00e7\u00e3o do pr\u00f3prio anivers\u00e1rio de 22 anos"},"content":{"rendered":"<div>\n<div>\n<figure><img decoding=\"async\" src=\"http:\/\/noticiasbahia360.com.br\/wp-content\/uploads\/2025\/07\/vitima-acidente-santa-ines-leticia-souza-moura-.jpg\" alt=\"v\u00edtima acidente Santa In\u00eas - Let\u00edcia Souza Moura\"><figcaption>Foto: Reprodu\u00e7\u00e3o<\/figcaption><\/figure>\n<\/div>\n<p>Uma jovem identificada como let\u00edcia Souza Moura, 22 anos morreu em um acidente quando retornava da pr\u00f3pria festa de anivers\u00e1rio em Santa In\u00eas. O caso aconteceu na noite do \u00faltimo domingo (27) na BA-420.<\/p>\n<p>Se acordo com informa\u00e7\u00f5es do portal g1 Bahia, a v\u00edtima completou 22 anos no dia 25, sexta-feira. No domingo foi at\u00e9 uma ch\u00e1cara na zona rural da cidade para comemorar com os amigos. Na volta, o carro que Let\u00edcia estava perdeu o controle em uma curva e capotou.<\/p>\n<p>O ve\u00edculo acabou caindo em uma ribanceira. Let\u00edcia morreu no local. Os outros tr\u00eas amigos que estavam no carro foram levados para o Hospital Prado Valadares no munic\u00edpio de <a href=\"https:\/\/www.acordacidade.com.br\/tag\/jequie\/\">Jequi\u00e9<\/a>, mas n\u00e3o h\u00e1 informa\u00e7\u00f5es sobre o estado de sa\u00fade dos mesmos.<\/p>\n<p>Segundo o g1, a jovem que morava em Santa In\u00eas, iria come\u00e7ar o curso de enfermagem em Jequi\u00e9 no m\u00eas de agosto. N\u00e3o h\u00e1 informa\u00e7\u00f5es sobre vel\u00f3rio e sepultamento. A Delegacia Territorial de Jaguaquara instaurou um inqu\u00e9rito para apurar as causas do acidente.<\/p>\n<p>A Prefeitura de Santa In\u00eas lamentou o ocorrido, em nota.<\/p>\n<figure class=\"wp-block-image size-large is-resized\"><img fetchpriority=\"high\" fetchpriority=\"high\" decoding=\"async\" width=\"651\" height=\"768\" src=\"http:\/\/noticiasbahia360.com.br\/wp-content\/uploads\/2025\/07\/nota-de-pesar-santa-ines-leticia-souza-moura-651x768-1.jpg\" alt=\"Nota de pesar Prefeitura de Santa In\u00eas - Let\u00edcia Souza Moura\" class=\"wp-image-577786\" style=\"width:511px;height:auto\" srcset=\"https:\/\/uploads.acordacidade.com.br\/2025\/07\/nota-de-pesar-santa-ines-leticia-souza-moura-309x365.jpg 309w, http:\/\/noticiasbahia360.com.br\/wp-content\/uploads\/2025\/07\/nota-de-pesar-santa-ines-leticia-souza-moura-651x768-1.jpg 651w, https:\/\/uploads.acordacidade.com.br\/2025\/07\/nota-de-pesar-santa-ines-leticia-souza-moura-469x553.jpg 469w, https:\/\/uploads.acordacidade.com.br\/2025\/07\/nota-de-pesar-santa-ines-leticia-souza-moura-150x177.jpg 150w, https:\/\/uploads.acordacidade.com.br\/2025\/07\/nota-de-pesar-santa-ines-leticia-souza-moura.jpg 1200w\" sizes=\"(max-width: 651px) 100vw, 651px\"><figcaption class=\"wp-element-caption\">Foto: Reprodu\u00e7\u00e3o<\/figcaption><\/figure>\n<p><em>Siga o Acorda Cidade no<\/em><a href=\"https:\/\/news.google.com\/search?q=acorda%20cidade&amp;hl=pt-BR&amp;gl=BR&amp;ceid=BR%3Apt-419\"><strong><em> Google Not\u00edcias<\/em><\/strong><\/a><em> e receba os principais destaques do dia. Participe tamb\u00e9m dos nossos canais no <\/em><a href=\"https:\/\/whatsapp.com\/channel\/0029Va6Rb4v3WHTNnsh8WI3N\"><strong><em>WhatsApp<\/em><\/strong><\/a><em> e <\/em><a href=\"https:\/\/www.youtube.com\/@acordacidadenoticias\/videos\"><strong>Youtube<\/strong><\/a><em> e grupo de <\/em><a href=\"https:\/\/t.me\/+sSz0khrgARA0ZmRh\"><strong><em>Telegram<\/em><\/strong><\/a><em>.<\/em><\/p>\n<\/div>\n","protected":false},"excerpt":{"rendered":"<div>\n<div>\n<figure><img decoding=\"async\" src=\"https:\/\/uploads.acordacidade.com.br\/2025\/07\/vitima-acidente-santa-ines-leticia-souza-moura-.jpg\" alt=\"v\u00edtima acidente Santa In\u00eas - Let\u00edcia Souza Moura\"><figcaption>Foto: Reprodu\u00e7\u00e3o<\/figcaption><\/figure>\n<\/div>\n<p>Acidente aconteceu na noite de domingo (27), na BR-420, em Santa In\u00eas.<\/p><\/div>\n","protected":false},"author":1,"featured_media":95000,"comment_status":"closed","ping_status":"closed","sticky":false,"template":"","format":"gallery","meta":{"footnotes":""},"categories":[8,9,6,57,56,10],"tags":[],"class_list":["post-94999","post","type-post","status-publish","format-gallery","has-post-thumbnail","hentry","category-bahia","category-brasil","category-feira-de-santana","category-mundo","category-policia","category-politica","post_format-post-format-gallery"],"featured_image_urls":{"full":["https:\/\/noticiasbahia360.com.br\/wp-content\/uploads\/2025\/07\/vitima-acidente-santa-ines-leticia-souza-moura-.jpg",1200,725,false],"thumbnail":["https:\/\/noticiasbahia360.com.br\/wp-content\/uploads\/2025\/07\/vitima-acidente-santa-ines-leticia-souza-moura--150x150.jpg",150,150,true],"medium":["https:\/\/noticiasbahia360.com.br\/wp-content\/uploads\/2025\/07\/vitima-acidente-santa-ines-leticia-souza-moura--300x181.jpg",300,181,true],"medium_large":["https:\/\/noticiasbahia360.com.br\/wp-content\/uploads\/2025\/07\/vitima-acidente-santa-ines-leticia-souza-moura--768x464.jpg",640,387,true],"large":["https:\/\/noticiasbahia360.com.br\/wp-content\/uploads\/2025\/07\/vitima-acidente-santa-ines-leticia-souza-moura--1024x619.jpg",640,387,true],"1536x1536":["https:\/\/noticiasbahia360.com.br\/wp-content\/uploads\/2025\/07\/vitima-acidente-santa-ines-leticia-souza-moura-.jpg",1200,725,false],"2048x2048":["https:\/\/noticiasbahia360.com.br\/wp-content\/uploads\/2025\/07\/vitima-acidente-santa-ines-leticia-souza-moura-.jpg",1200,725,false],"chromenews-featured":["https:\/\/noticiasbahia360.com.br\/wp-content\/uploads\/2025\/07\/vitima-acidente-santa-ines-leticia-souza-moura--1024x619.jpg",1024,619,true],"chromenews-large":["https:\/\/noticiasbahia360.com.br\/wp-content\/uploads\/2025\/07\/vitima-acidente-santa-ines-leticia-souza-moura--825x575.jpg",825,575,true],"chromenews-medium":["https:\/\/noticiasbahia360.com.br\/wp-content\/uploads\/2025\/07\/vitima-acidente-santa-ines-leticia-souza-moura--590x410.jpg",590,410,true]},"author_info":{"display_name":"noticiasbahia360.com.br","author_link":"https:\/\/noticiasbahia360.com.br\/?author=1"},"category_info":"<a href=\"https:\/\/noticiasbahia360.com.br\/?cat=8\" rel=\"category\">Bahia<\/a> <a href=\"https:\/\/noticiasbahia360.com.br\/?cat=9\" rel=\"category\">Brasil<\/a> <a href=\"https:\/\/noticiasbahia360.com.br\/?cat=6\" rel=\"category\">Feira de Santana<\/a> <a href=\"https:\/\/noticiasbahia360.com.br\/?cat=57\" rel=\"category\">Mundo<\/a> <a href=\"https:\/\/noticiasbahia360.com.br\/?cat=56\" rel=\"category\">Pol\u00edcia<\/a> <a href=\"https:\/\/noticiasbahia360.com.br\/?cat=10\" rel=\"category\">Pol\u00edtica<\/a>","tag_info":"Pol\u00edtica","comment_count":"0","_links":{"self":[{"href":"https:\/\/noticiasbahia360.com.br\/index.php?rest_route=\/wp\/v2\/posts\/94999","targetHints":{"allow":["GET"]}}],"collection":[{"href":"https:\/\/noticiasbahia360.com.br\/index.php?rest_route=\/wp\/v2\/posts"}],"about":[{"href":"https:\/\/noticiasbahia360.com.br\/index.php?rest_route=\/wp\/v2\/types\/post"}],"author":[{"embeddable":true,"href":"https:\/\/noticiasbahia360.com.br\/index.php?rest_route=\/wp\/v2\/users\/1"}],"replies":[{"embeddable":true,"href":"https:\/\/noticiasbahia360.com.br\/index.php?rest_route=%2Fwp%2Fv2%2Fcomments&post=94999"}],"version-history":[{"count":0,"href":"https:\/\/noticiasbahia360.com.br\/index.php?rest_route=\/wp\/v2\/posts\/94999\/revisions"}],"wp:featuredmedia":[{"embeddable":true,"href":"https:\/\/noticiasbahia360.com.br\/index.php?rest_route=\/wp\/v2\/media\/95000"}],"wp:attachment":[{"href":"https:\/\/noticiasbahia360.com.br\/index.php?rest_route=%2Fwp%2Fv2%2Fmedia&parent=94999"}],"wp:term":[{"taxonomy":"category","embeddable":true,"href":"https:\/\/noticiasbahia360.com.br\/index.php?rest_route=%2Fwp%2Fv2%2Fcategories&post=94999"},{"taxonomy":"post_tag","embeddable":true,"href":"https:\/\/noticiasbahia360.com.br\/index.php?rest_route=%2Fwp%2Fv2%2Ftags&post=94999"}],"curies":[{"name":"wp","href":"https:\/\/api.w.org\/{rel}","templated":true}]}}