{"id":95017,"date":"2025-07-29T11:10:15","date_gmt":"2025-07-29T14:10:15","guid":{"rendered":"https:\/\/noticiasbahia360.com.br\/?p=95017"},"modified":"2025-07-29T11:10:15","modified_gmt":"2025-07-29T14:10:15","slug":"carlos-bojo-e-sepultado-em-feira-de-santana-sob-homenagens-de-familiares-amigos-e-artistas","status":"publish","type":"post","link":"https:\/\/noticiasbahia360.com.br\/?p=95017","title":{"rendered":"Carlos Boj\u00f4 \u00e9 sepultado em Feira de Santana sob homenagens de familiares, amigos e artistas"},"content":{"rendered":"<div>\n<div>\n<figure><img decoding=\"async\" src=\"http:\/\/noticiasbahia360.com.br\/wp-content\/uploads\/2025\/07\/carlos-bojo-redes-sociais.jpg\" alt=\"Carlos Boj\u00f4\"><figcaption>Foto: Redes Sociais<\/figcaption><\/figure>\n<\/div>\n<p>Foi sepultado nesta ter\u00e7a-feira (29), no Cemit\u00e9rio Jardim Celestial, em Feira de Santana, o t\u00e9cnico de som Carlos Boj\u00f4, <a href=\"https:\/\/www.acordacidade.com.br\/bahia\/tecnico-de-som-da-banda-de-netto-brito-e-outras-duas-pessoas-morrem-em-grave-acidente-em-santo-antonio-de-jesus\/\">v\u00edtima de um tr\u00e1gico acidente ocorrido no \u00faltimo domingo (27)<\/a>. Aos 42 anos, Boj\u00f4 era figura conhecida nos bastidores de eventos musicais da cidade, especialmente por sua atua\u00e7\u00e3o ao lado do cantor Netto Brito. O clima de como\u00e7\u00e3o marcou a despedida, reunindo familiares, amigos e nomes da cena art\u00edstica local.<\/p>\n<figure class=\"wp-block-image size-full\"><img fetchpriority=\"high\" fetchpriority=\"high\" decoding=\"async\" width=\"1200\" height=\"554\" src=\"http:\/\/noticiasbahia360.com.br\/wp-content\/uploads\/2025\/07\/sepultamento-calros-bojo-foto-pj-acorda-cidade-6.jpg\" alt=\"Sepultamento de Carlos Boj\u00f4\" class=\"wp-image-577822\" srcset=\"https:\/\/uploads.acordacidade.com.br\/2025\/07\/sepultamento-calros-bojo-foto-pj-acorda-cidade-6-648x299.jpg 648w, https:\/\/uploads.acordacidade.com.br\/2025\/07\/sepultamento-calros-bojo-foto-pj-acorda-cidade-6-984x454.jpg 984w, https:\/\/uploads.acordacidade.com.br\/2025\/07\/sepultamento-calros-bojo-foto-pj-acorda-cidade-6-150x69.jpg 150w, http:\/\/noticiasbahia360.com.br\/wp-content\/uploads\/2025\/07\/sepultamento-calros-bojo-foto-pj-acorda-cidade-6.jpg 1200w\" sizes=\"(max-width: 1200px) 100vw, 1200px\"><figcaption class=\"wp-element-caption\">Foto: Paulo Jos\u00e9\/Acorda Cidade<\/figcaption><\/figure>\n<p>Anida D\u00f3rea, que conviveu de perto com Boj\u00f4, relembrou emocionada a trajet\u00f3ria do t\u00e9cnico, destacando sua personalidade extrovertida, o esp\u00edrito solid\u00e1rio e a conviv\u00eancia longa com sua fam\u00edlia. \u201cDesde os 17 anos, ele trabalhava com meu marido, Luiz Boj\u00f4, de quem herdou o apelido. Era teimoso, mas tinha um cora\u00e7\u00e3o imenso. Sempre ajudava quem precisava\u201d, contou.<\/p>\n<figure class=\"wp-block-image size-full\"><img decoding=\"async\" width=\"1200\" height=\"554\" src=\"http:\/\/noticiasbahia360.com.br\/wp-content\/uploads\/2025\/07\/sepultamento-calros-bojo-foto-pj-acorda-cidade-1.jpg\" alt=\"Sepultamento de Carlos Boj\u00f4\" class=\"wp-image-577827\" srcset=\"https:\/\/uploads.acordacidade.com.br\/2025\/07\/sepultamento-calros-bojo-foto-pj-acorda-cidade-1-648x299.jpg 648w, https:\/\/uploads.acordacidade.com.br\/2025\/07\/sepultamento-calros-bojo-foto-pj-acorda-cidade-1-984x454.jpg 984w, https:\/\/uploads.acordacidade.com.br\/2025\/07\/sepultamento-calros-bojo-foto-pj-acorda-cidade-1-150x69.jpg 150w, http:\/\/noticiasbahia360.com.br\/wp-content\/uploads\/2025\/07\/sepultamento-calros-bojo-foto-pj-acorda-cidade-1.jpg 1200w\" sizes=\"(max-width: 1200px) 100vw, 1200px\"><figcaption class=\"wp-element-caption\">Foto: Paulo Jos\u00e9\/Acorda Cidade<\/figcaption><\/figure>\n<p>O cantor Djalma Ferreira, tamb\u00e9m presente no sepultamento, lembrou com carinho dos momentos vividos ao lado do t\u00e9cnico. \u201cCarlos era um parceiro, uma pessoa muito querida e um profissional de m\u00e3o cheia. A not\u00edcia da morte dele foi um choque. A gente se encontrou pela \u00faltima vez em um evento recente, a Feijoada Noite e Dia. Ele brincava muito, estava sempre com um sorriso no rosto\u201d, relatou.<\/p>\n<figure class=\"wp-block-image size-full\"><img decoding=\"async\" width=\"1200\" height=\"554\" src=\"http:\/\/noticiasbahia360.com.br\/wp-content\/uploads\/2025\/07\/sepultamento-calros-bojo-foto-pj-acorda-cidade-7.jpg\" alt=\"Sepultamento de Carlos Boj\u00f4\" class=\"wp-image-577821\" srcset=\"https:\/\/uploads.acordacidade.com.br\/2025\/07\/sepultamento-calros-bojo-foto-pj-acorda-cidade-7-648x299.jpg 648w, https:\/\/uploads.acordacidade.com.br\/2025\/07\/sepultamento-calros-bojo-foto-pj-acorda-cidade-7-984x454.jpg 984w, https:\/\/uploads.acordacidade.com.br\/2025\/07\/sepultamento-calros-bojo-foto-pj-acorda-cidade-7-150x69.jpg 150w, http:\/\/noticiasbahia360.com.br\/wp-content\/uploads\/2025\/07\/sepultamento-calros-bojo-foto-pj-acorda-cidade-7.jpg 1200w\" sizes=\"(max-width: 1200px) 100vw, 1200px\"><figcaption class=\"wp-element-caption\">Foto: Paulo Jos\u00e9\/Acorda Cidade<\/figcaption><\/figure>\n<p>MC Juninho, produtor e sobrevivente do acidente, estava no \u00f4nibus no momento da colis\u00e3o. Ele relembrou os instantes de descontra\u00e7\u00e3o vividos minutos antes da trag\u00e9dia. \u201cO clima no \u00f4nibus era de alegria, ele mesmo puxava a resenha com a galera. Pouco depois, tudo aconteceu t\u00e3o r\u00e1pido. A \u00fanica coisa que deu tempo foi clamar por Deus, como o pr\u00f3prio Carlos fez\u201d, relatou ao Acorda Cidade.<\/p>\n<figure class=\"wp-block-image size-full\"><img decoding=\"async\" width=\"1200\" height=\"554\" src=\"http:\/\/noticiasbahia360.com.br\/wp-content\/uploads\/2025\/07\/sepultamento-calros-bojo-foto-pj-acorda-cidade-4.jpg\" alt=\"Sepultamento de Carlos Boj\u00f4\" class=\"wp-image-577824\" srcset=\"https:\/\/uploads.acordacidade.com.br\/2025\/07\/sepultamento-calros-bojo-foto-pj-acorda-cidade-4-648x299.jpg 648w, https:\/\/uploads.acordacidade.com.br\/2025\/07\/sepultamento-calros-bojo-foto-pj-acorda-cidade-4-984x454.jpg 984w, https:\/\/uploads.acordacidade.com.br\/2025\/07\/sepultamento-calros-bojo-foto-pj-acorda-cidade-4-150x69.jpg 150w, http:\/\/noticiasbahia360.com.br\/wp-content\/uploads\/2025\/07\/sepultamento-calros-bojo-foto-pj-acorda-cidade-4.jpg 1200w\" sizes=\"(max-width: 1200px) 100vw, 1200px\"><figcaption class=\"wp-element-caption\">Foto: Paulo Jos\u00e9\/Acorda Cidade<\/figcaption><\/figure>\n<p>Com carreira consolidada nos bastidores musicais, Boj\u00f4 acompanhava de perto a trajet\u00f3ria de artistas da cidade, especialmente de Netto Brito, com quem dividia a estrada e as responsabilidades t\u00e9cnicas. \u201cEle era mais do que t\u00e9cnico, era amigo, confidente, o cora\u00e7\u00e3o da equipe. Vai ser dif\u00edcil seguir sem ele\u201d, disse Juninho.<\/p>\n<figure class=\"wp-block-image size-full\"><img loading=\"lazy\" decoding=\"async\" width=\"1200\" height=\"554\" src=\"http:\/\/noticiasbahia360.com.br\/wp-content\/uploads\/2025\/07\/sepultamento-calros-bojo-foto-pj-acorda-cidade-3.jpg\" alt=\"Sepultamento de Carlos Boj\u00f4\" class=\"wp-image-577825\" srcset=\"https:\/\/uploads.acordacidade.com.br\/2025\/07\/sepultamento-calros-bojo-foto-pj-acorda-cidade-3-648x299.jpg 648w, https:\/\/uploads.acordacidade.com.br\/2025\/07\/sepultamento-calros-bojo-foto-pj-acorda-cidade-3-984x454.jpg 984w, https:\/\/uploads.acordacidade.com.br\/2025\/07\/sepultamento-calros-bojo-foto-pj-acorda-cidade-3-150x69.jpg 150w, http:\/\/noticiasbahia360.com.br\/wp-content\/uploads\/2025\/07\/sepultamento-calros-bojo-foto-pj-acorda-cidade-3.jpg 1200w\" sizes=\"(max-width: 1200px) 100vw, 1200px\"><figcaption class=\"wp-element-caption\">Foto: Paulo Jos\u00e9\/Acorda Cidade<\/figcaption><\/figure>\n<p>Presente \u00e0 cerim\u00f4nia, o vereador e cantor Galeguinho SPA tamb\u00e9m prestou suas homenagens. \u201cCarlos trabalhou com praticamente todas as bandas da cidade. Era uma pessoa tranquila, sempre prestativa. Operou o som para mim h\u00e1 poucos dias, num casamento. A not\u00edcia da morte dele foi devastadora\u201d, afirmou.<\/p>\n<figure class=\"wp-block-image size-full\"><img loading=\"lazy\" decoding=\"async\" width=\"1200\" height=\"554\" src=\"http:\/\/noticiasbahia360.com.br\/wp-content\/uploads\/2025\/07\/sepultamento-calros-bojo-foto-pj-acorda-cidade-2.jpg\" alt=\"Sepultamento de Carlos Boj\u00f4\" class=\"wp-image-577826\" srcset=\"https:\/\/uploads.acordacidade.com.br\/2025\/07\/sepultamento-calros-bojo-foto-pj-acorda-cidade-2-648x299.jpg 648w, https:\/\/uploads.acordacidade.com.br\/2025\/07\/sepultamento-calros-bojo-foto-pj-acorda-cidade-2-984x454.jpg 984w, https:\/\/uploads.acordacidade.com.br\/2025\/07\/sepultamento-calros-bojo-foto-pj-acorda-cidade-2-150x69.jpg 150w, http:\/\/noticiasbahia360.com.br\/wp-content\/uploads\/2025\/07\/sepultamento-calros-bojo-foto-pj-acorda-cidade-2.jpg 1200w\" sizes=\"(max-width: 1200px) 100vw, 1200px\"><figcaption class=\"wp-element-caption\">Foto: Paulo Jos\u00e9\/Acorda Cidade<\/figcaption><\/figure>\n<p><strong>Relembre o acidente<\/strong><\/p>\n<p>A colis\u00e3o aconteceu na noite do \u00faltimo domingo (27), na BA-046, no Povoado de Pedra Preta, em Santo Ant\u00f4nio de Jesus.<\/p>\n<p>O acidente envolveu o \u00f4nibus da banda de Netto Brito e um carro de passeio Ford Focus, de cor branca e placa de Feira de Santana.<\/p>\n<p>A banda seguia em dire\u00e7\u00e3o a Salinas da Margarida, onde Netto Brito faria um show em comemora\u00e7\u00e3o aos 63 anos de emancipa\u00e7\u00e3o pol\u00edtica do munic\u00edpio. Por conta do acidente, toda a agenda do cantor foi cancelada pelos pr\u00f3ximos dias.<\/p>\n<p>Al\u00e9m de Carlos Boj\u00f4, um casal tamb\u00e9m morreu no acidente. As v\u00edtimas foram identificadas como Robson Carvalho Galv\u00e3o de Jesus, de 33 anos, e Leila dos Santos Lima.<\/p>\n<p><em>Com informa\u00e7\u00f5es do rep\u00f3rter Paulo Jos\u00e9 do Acorda Cidade<\/em><\/p>\n<p><strong>Leia tamb\u00e9m:<\/strong><\/p>\n<p><a href=\"https:\/\/www.acordacidade.com.br\/bahia\/onibus-da-banda-do-cantor-netto-britto-e-retirado-da-pista-apos-acidente-com-3-mortes\/\">\u00d4nibus da banda do cantor Netto Brito \u00e9 retirado da pista ap\u00f3s acidente com 3 mortes<\/a><\/p>\n<p><a href=\"https:\/\/www.acordacidade.com.br\/bahia\/tecnico-de-som-da-banda-de-netto-brito-e-outras-duas-pessoas-morrem-em-grave-acidente-em-santo-antonio-de-jesus\/\">T\u00e9cnico de som da banda de Netto Brito e outras 2 pessoas morrem em grave acidente em Santo Ant\u00f4nio de Jesus<\/a><\/p>\n<p><em>Siga o Acorda Cidade no<\/em><a href=\"https:\/\/news.google.com\/search?q=acorda%20cidade&amp;hl=pt-BR&amp;gl=BR&amp;ceid=BR%3Apt-419\"><strong><em> Google Not\u00edcias<\/em><\/strong><\/a><em> e receba os principais destaques do dia. Participe tamb\u00e9m dos nossos canais no <\/em><a href=\"https:\/\/whatsapp.com\/channel\/0029Va6Rb4v3WHTNnsh8WI3N\"><strong><em>WhatsApp<\/em><\/strong><\/a><em> e <\/em><a href=\"https:\/\/www.youtube.com\/@acordacidadenoticias\/videos\"><strong>Youtube<\/strong><\/a><em> e grupo de <\/em><a href=\"https:\/\/t.me\/+sSz0khrgARA0ZmRh\"><strong><em>Telegram<\/em><\/strong><\/a><em>.<\/em><\/p>\n<\/div>\n","protected":false},"excerpt":{"rendered":"<div>\n<div>\n<figure><img decoding=\"async\" src=\"https:\/\/uploads.acordacidade.com.br\/2025\/07\/carlos-bojo-redes-sociais.jpg\" alt=\"Carlos Boj\u00f4\"><figcaption>Foto: Redes Sociais<\/figcaption><\/figure>\n<\/div>\n<p>Com carreira consolidada nos bastidores musicais, Boj\u00f4 acompanhava de perto a trajet\u00f3ria de artistas da cidade, especialmente de Netto Brito<\/p><\/div>\n","protected":false},"author":1,"featured_media":95018,"comment_status":"closed","ping_status":"closed","sticky":false,"template":"","format":"gallery","meta":{"footnotes":""},"categories":[8,9,6,57,56,10],"tags":[],"class_list":["post-95017","post","type-post","status-publish","format-gallery","has-post-thumbnail","hentry","category-bahia","category-brasil","category-feira-de-santana","category-mundo","category-policia","category-politica","post_format-post-format-gallery"],"featured_image_urls":{"full":["https:\/\/noticiasbahia360.com.br\/wp-content\/uploads\/2025\/07\/carlos-bojo-redes-sociais.jpg",600,376,false],"thumbnail":["https:\/\/noticiasbahia360.com.br\/wp-content\/uploads\/2025\/07\/carlos-bojo-redes-sociais-150x150.jpg",150,150,true],"medium":["https:\/\/noticiasbahia360.com.br\/wp-content\/uploads\/2025\/07\/carlos-bojo-redes-sociais-300x188.jpg",300,188,true],"medium_large":["https:\/\/noticiasbahia360.com.br\/wp-content\/uploads\/2025\/07\/carlos-bojo-redes-sociais.jpg",600,376,false],"large":["https:\/\/noticiasbahia360.com.br\/wp-content\/uploads\/2025\/07\/carlos-bojo-redes-sociais.jpg",600,376,false],"1536x1536":["https:\/\/noticiasbahia360.com.br\/wp-content\/uploads\/2025\/07\/carlos-bojo-redes-sociais.jpg",600,376,false],"2048x2048":["https:\/\/noticiasbahia360.com.br\/wp-content\/uploads\/2025\/07\/carlos-bojo-redes-sociais.jpg",600,376,false],"chromenews-featured":["https:\/\/noticiasbahia360.com.br\/wp-content\/uploads\/2025\/07\/carlos-bojo-redes-sociais.jpg",600,376,false],"chromenews-large":["https:\/\/noticiasbahia360.com.br\/wp-content\/uploads\/2025\/07\/carlos-bojo-redes-sociais.jpg",600,376,false],"chromenews-medium":["https:\/\/noticiasbahia360.com.br\/wp-content\/uploads\/2025\/07\/carlos-bojo-redes-sociais-590x376.jpg",590,376,true]},"author_info":{"display_name":"noticiasbahia360.com.br","author_link":"https:\/\/noticiasbahia360.com.br\/?author=1"},"category_info":"<a href=\"https:\/\/noticiasbahia360.com.br\/?cat=8\" rel=\"category\">Bahia<\/a> <a href=\"https:\/\/noticiasbahia360.com.br\/?cat=9\" rel=\"category\">Brasil<\/a> <a href=\"https:\/\/noticiasbahia360.com.br\/?cat=6\" rel=\"category\">Feira de Santana<\/a> <a href=\"https:\/\/noticiasbahia360.com.br\/?cat=57\" rel=\"category\">Mundo<\/a> <a href=\"https:\/\/noticiasbahia360.com.br\/?cat=56\" rel=\"category\">Pol\u00edcia<\/a> <a href=\"https:\/\/noticiasbahia360.com.br\/?cat=10\" rel=\"category\">Pol\u00edtica<\/a>","tag_info":"Pol\u00edtica","comment_count":"0","_links":{"self":[{"href":"https:\/\/noticiasbahia360.com.br\/index.php?rest_route=\/wp\/v2\/posts\/95017","targetHints":{"allow":["GET"]}}],"collection":[{"href":"https:\/\/noticiasbahia360.com.br\/index.php?rest_route=\/wp\/v2\/posts"}],"about":[{"href":"https:\/\/noticiasbahia360.com.br\/index.php?rest_route=\/wp\/v2\/types\/post"}],"author":[{"embeddable":true,"href":"https:\/\/noticiasbahia360.com.br\/index.php?rest_route=\/wp\/v2\/users\/1"}],"replies":[{"embeddable":true,"href":"https:\/\/noticiasbahia360.com.br\/index.php?rest_route=%2Fwp%2Fv2%2Fcomments&post=95017"}],"version-history":[{"count":0,"href":"https:\/\/noticiasbahia360.com.br\/index.php?rest_route=\/wp\/v2\/posts\/95017\/revisions"}],"wp:featuredmedia":[{"embeddable":true,"href":"https:\/\/noticiasbahia360.com.br\/index.php?rest_route=\/wp\/v2\/media\/95018"}],"wp:attachment":[{"href":"https:\/\/noticiasbahia360.com.br\/index.php?rest_route=%2Fwp%2Fv2%2Fmedia&parent=95017"}],"wp:term":[{"taxonomy":"category","embeddable":true,"href":"https:\/\/noticiasbahia360.com.br\/index.php?rest_route=%2Fwp%2Fv2%2Fcategories&post=95017"},{"taxonomy":"post_tag","embeddable":true,"href":"https:\/\/noticiasbahia360.com.br\/index.php?rest_route=%2Fwp%2Fv2%2Ftags&post=95017"}],"curies":[{"name":"wp","href":"https:\/\/api.w.org\/{rel}","templated":true}]}}