{"id":95030,"date":"2025-07-29T11:30:22","date_gmt":"2025-07-29T14:30:22","guid":{"rendered":"https:\/\/noticiasbahia360.com.br\/?p=95030"},"modified":"2025-07-29T11:30:22","modified_gmt":"2025-07-29T14:30:22","slug":"uma-respiracao-adequada-e-essencial-para-o-equilibrio-de-todo-o-corpo","status":"publish","type":"post","link":"https:\/\/noticiasbahia360.com.br\/?p=95030","title":{"rendered":"Uma respira\u00e7\u00e3o adequada \u00e9 essencial para o equil\u00edbrio de todo o corpo"},"content":{"rendered":"<div>\n<div>\n<figure><img decoding=\"async\" src=\"http:\/\/noticiasbahia360.com.br\/wp-content\/uploads\/2025\/07\/Respiracao-Boca-aberta-foto-divulgacao-.jpg\" alt=\"\"><figcaption>Foto: Divulga\u00e7\u00e3o <\/figcaption><\/figure>\n<\/div>\n<p>Respirar pela boca pode parecer inofensivo, mas esse h\u00e1bito, quando constante, \u00e9 um sinal de alerta para a sa\u00fade. A respira\u00e7\u00e3o bucal geralmente ocorre devido a obstru\u00e7\u00f5es no nariz causadas por rinite, desvio de septo, aumento das aden\u00f3ides ou am\u00edgdalas, dentre outros fatores. Aproveitando o Julho Neon, campanha de conscientiza\u00e7\u00e3o sobre a import\u00e2ncia da sa\u00fade bucal, a dentista Naila Martelozo, da Hapvida+Odonto, explica que o problema, muitas vezes silencioso, pode come\u00e7ar na primeira inf\u00e2ncia e trazer consequ\u00eancias para a qualidade de vida em geral.<\/p>\n<p>\u201cA respira\u00e7\u00e3o pela boca n\u00e3o \u00e9 s\u00f3 um detalhe est\u00e9tico ou comportamental. Ela afeta o crescimento do rosto, o alinhamento dos dentes e pode causar altera\u00e7\u00f5es funcionais importantes, como ronco, cansa\u00e7o durante o dia e dificuldade de concentra\u00e7\u00e3o, especialmente em crian\u00e7as\u201d, enumera. A dentista ressalta que muitos pais demoram a perceber que os filhos s\u00e3o respiradores bucais e, com isso, o problema avan\u00e7a sem tratamento adequado.<\/p>\n<p>Os sinais f\u00edsicos de quem respira pela boca incluem boca aberta em repouso, l\u00e1bios rachados, olheiras constantes, rosto alongado, mordida aberta e c\u00e9u da boca estreito. J\u00e1 os sintomas funcionais podem envolver voz anasalada, mau h\u00e1lito, sono agitado e at\u00e9 dificuldades escolares. \u201c\u00c9 comum que crian\u00e7as respiradoras bucais apresentem baixo rendimento e sejam confundidas com casos de TDAH. Por isso, um diagn\u00f3stico correto \u00e9 essencial\u201d, alerta a dentista.<\/p>\n<h3 class=\"wp-block-heading\" id=\"h-casos-cronicos\">Casos cr\u00f4nicos<\/h3>\n<p>Em casos cr\u00f4nicos, o impacto pode ser ainda maior. Al\u00e9m da m\u00e1-oclus\u00e3o dent\u00e1ria, pacientes podem desenvolver postura incorreta, fadiga diurna e problemas na fala. \u201cQuando o corpo n\u00e3o recebe oxig\u00eanio da forma ideal, ele compensa de v\u00e1rias maneiras \u2013 e isso pode comprometer desde o sono at\u00e9 o desempenho f\u00edsico e intelectual porque a pessoa tem dificuldade de se concentrar\u201d, acrescenta Naila.<\/p>\n<p>O tratamento \u00e9 multidisciplinar e deve envolver dentista, otorrinolaringologista, fonoaudi\u00f3logo e fisioterapeuta. E pode incluir aparelhos ortod\u00f4nticos, terapias, medicamentos e, em casos mais graves, cirurgia. \u201cCada caso \u00e9 \u00fanico e o sucesso depende da avalia\u00e7\u00e3o precisa e da colabora\u00e7\u00e3o entre os profissionais de sa\u00fade\u201d, refor\u00e7a a especialista.<\/p>\n<h3 class=\"wp-block-heading\" id=\"h-respirar-bem-e-viver-bem\">Respirar bem \u00e9 viver bem<\/h3>\n<p>O importante \u00e9 n\u00e3o ignorar os sinais. \u201cSe voc\u00ea, seu filho ou algu\u00e9m pr\u00f3ximo apresenta respira\u00e7\u00e3o ruidosa, sono agitado ou mant\u00e9m a boca aberta com frequ\u00eancia, procure orienta\u00e7\u00e3o especializada. A respira\u00e7\u00e3o \u00e9 um ato autom\u00e1tico, mas ela diz muito sobre a nossa sa\u00fade. Respirar bem \u00e9 viver melhor\u201d, finaliza Naila Martelozo.<\/p>\n<h3 class=\"wp-block-heading\" id=\"h-julho-neon-saude-bucal-no-centro-do-cuidado-integral\">Julho Neon: sa\u00fade bucal no centro do cuidado integral<\/h3>\n<p>Em sintonia com o movimento Julho Neon, m\u00eas dedicado \u00e0 conscientiza\u00e7\u00e3o sobre a import\u00e2ncia da sa\u00fade bucal, a Hapvida + Odonto lan\u00e7a a campanha \u201cA gente cuida, voc\u00ea brilha\u201d. A proposta \u00e9 ampliar o debate sobre sa\u00fade integral, colocando a odontologia como parte essencial do bem-estar f\u00edsico e mental. <\/p>\n<p>A iniciativa refor\u00e7a que o cuidado com a boca vai muito al\u00e9m da est\u00e9tica: \u00e9 um reflexo direto da sa\u00fade do corpo todo. Ao destacar a rela\u00e7\u00e3o entre autoestima, preven\u00e7\u00e3o e qualidade de vida, a campanha convida a popula\u00e7\u00e3o a enxergar a odontologia como um pilar do cuidado completo com a sa\u00fade. Com um modelo de neg\u00f3cio integrado, a atua\u00e7\u00e3o odontol\u00f3gica da companhia se conecta a outras especialidades m\u00e9dicas, mostrando seu impacto direto e real na vida das pessoas.<\/p>\n<p><em>Siga o Acorda Cidade no<\/em><a href=\"https:\/\/news.google.com\/search?q=acorda%20cidade&amp;hl=pt-BR&amp;gl=BR&amp;ceid=BR%3Apt-419\"><strong><em>\u00a0Google Not\u00edcias<\/em><\/strong><\/a><em>\u00a0e receba os principais destaques do dia. Participe tamb\u00e9m dos nossos canais no\u00a0<\/em><a href=\"https:\/\/www.whatsapp.com\/channel\/0029Va6Rb4v3WHTNnsh8WI3N\"><strong><em>WhatsApp<\/em><\/strong><\/a><em>\u00a0e\u00a0<\/em><a href=\"https:\/\/www.youtube.com\/@acordacidadenoticias\/videos\"><strong>Youtube<\/strong><\/a><em>\u00a0e grupo de\u00a0<\/em><a href=\"https:\/\/t.me\/+sSz0khrgARA0ZmRh\"><strong><em>Telegram<\/em><\/strong><\/a><em>.<\/em><\/p>\n<\/div>\n","protected":false},"excerpt":{"rendered":"<div>\n<div>\n<figure><img decoding=\"async\" src=\"https:\/\/uploads.acordacidade.com.br\/2025\/07\/Respiracao-Boca-aberta-foto-divulgacao-.jpg\" alt=\"\"><figcaption>Foto: Divulga\u00e7\u00e3o <\/figcaption><\/figure>\n<\/div>\n<p>A respira\u00e7\u00e3o bucal geralmente ocorre devido a obstru\u00e7\u00f5es no nariz causadas por rinite, desvio de septo, aumento das aden\u00f3ides ou am\u00edgdalas<\/p><\/div>\n","protected":false},"author":1,"featured_media":95031,"comment_status":"closed","ping_status":"closed","sticky":false,"template":"","format":"gallery","meta":{"footnotes":""},"categories":[8,9,6,57,56,10],"tags":[],"class_list":["post-95030","post","type-post","status-publish","format-gallery","has-post-thumbnail","hentry","category-bahia","category-brasil","category-feira-de-santana","category-mundo","category-policia","category-politica","post_format-post-format-gallery"],"featured_image_urls":{"full":["https:\/\/noticiasbahia360.com.br\/wp-content\/uploads\/2025\/07\/Respiracao-Boca-aberta-foto-divulgacao-.jpg",1200,793,false],"thumbnail":["https:\/\/noticiasbahia360.com.br\/wp-content\/uploads\/2025\/07\/Respiracao-Boca-aberta-foto-divulgacao--150x150.jpg",150,150,true],"medium":["https:\/\/noticiasbahia360.com.br\/wp-content\/uploads\/2025\/07\/Respiracao-Boca-aberta-foto-divulgacao--300x198.jpg",300,198,true],"medium_large":["https:\/\/noticiasbahia360.com.br\/wp-content\/uploads\/2025\/07\/Respiracao-Boca-aberta-foto-divulgacao--768x508.jpg",640,423,true],"large":["https:\/\/noticiasbahia360.com.br\/wp-content\/uploads\/2025\/07\/Respiracao-Boca-aberta-foto-divulgacao--1024x677.jpg",640,423,true],"1536x1536":["https:\/\/noticiasbahia360.com.br\/wp-content\/uploads\/2025\/07\/Respiracao-Boca-aberta-foto-divulgacao-.jpg",1200,793,false],"2048x2048":["https:\/\/noticiasbahia360.com.br\/wp-content\/uploads\/2025\/07\/Respiracao-Boca-aberta-foto-divulgacao-.jpg",1200,793,false],"chromenews-featured":["https:\/\/noticiasbahia360.com.br\/wp-content\/uploads\/2025\/07\/Respiracao-Boca-aberta-foto-divulgacao--1024x677.jpg",1024,677,true],"chromenews-large":["https:\/\/noticiasbahia360.com.br\/wp-content\/uploads\/2025\/07\/Respiracao-Boca-aberta-foto-divulgacao--825x575.jpg",825,575,true],"chromenews-medium":["https:\/\/noticiasbahia360.com.br\/wp-content\/uploads\/2025\/07\/Respiracao-Boca-aberta-foto-divulgacao--590x410.jpg",590,410,true]},"author_info":{"display_name":"noticiasbahia360.com.br","author_link":"https:\/\/noticiasbahia360.com.br\/?author=1"},"category_info":"<a href=\"https:\/\/noticiasbahia360.com.br\/?cat=8\" rel=\"category\">Bahia<\/a> <a href=\"https:\/\/noticiasbahia360.com.br\/?cat=9\" rel=\"category\">Brasil<\/a> <a href=\"https:\/\/noticiasbahia360.com.br\/?cat=6\" rel=\"category\">Feira de Santana<\/a> <a href=\"https:\/\/noticiasbahia360.com.br\/?cat=57\" rel=\"category\">Mundo<\/a> <a href=\"https:\/\/noticiasbahia360.com.br\/?cat=56\" rel=\"category\">Pol\u00edcia<\/a> <a href=\"https:\/\/noticiasbahia360.com.br\/?cat=10\" rel=\"category\">Pol\u00edtica<\/a>","tag_info":"Pol\u00edtica","comment_count":"0","_links":{"self":[{"href":"https:\/\/noticiasbahia360.com.br\/index.php?rest_route=\/wp\/v2\/posts\/95030","targetHints":{"allow":["GET"]}}],"collection":[{"href":"https:\/\/noticiasbahia360.com.br\/index.php?rest_route=\/wp\/v2\/posts"}],"about":[{"href":"https:\/\/noticiasbahia360.com.br\/index.php?rest_route=\/wp\/v2\/types\/post"}],"author":[{"embeddable":true,"href":"https:\/\/noticiasbahia360.com.br\/index.php?rest_route=\/wp\/v2\/users\/1"}],"replies":[{"embeddable":true,"href":"https:\/\/noticiasbahia360.com.br\/index.php?rest_route=%2Fwp%2Fv2%2Fcomments&post=95030"}],"version-history":[{"count":0,"href":"https:\/\/noticiasbahia360.com.br\/index.php?rest_route=\/wp\/v2\/posts\/95030\/revisions"}],"wp:featuredmedia":[{"embeddable":true,"href":"https:\/\/noticiasbahia360.com.br\/index.php?rest_route=\/wp\/v2\/media\/95031"}],"wp:attachment":[{"href":"https:\/\/noticiasbahia360.com.br\/index.php?rest_route=%2Fwp%2Fv2%2Fmedia&parent=95030"}],"wp:term":[{"taxonomy":"category","embeddable":true,"href":"https:\/\/noticiasbahia360.com.br\/index.php?rest_route=%2Fwp%2Fv2%2Fcategories&post=95030"},{"taxonomy":"post_tag","embeddable":true,"href":"https:\/\/noticiasbahia360.com.br\/index.php?rest_route=%2Fwp%2Fv2%2Ftags&post=95030"}],"curies":[{"name":"wp","href":"https:\/\/api.w.org\/{rel}","templated":true}]}}