{"id":95036,"date":"2025-07-29T12:34:51","date_gmt":"2025-07-29T15:34:51","guid":{"rendered":"https:\/\/noticiasbahia360.com.br\/?p=95036"},"modified":"2025-07-29T12:34:51","modified_gmt":"2025-07-29T15:34:51","slug":"professores-do-reda-paralisam-atividades-e-protestam-por-isonomia-em-feira-de-santana","status":"publish","type":"post","link":"https:\/\/noticiasbahia360.com.br\/?p=95036","title":{"rendered":"Professores do Reda paralisam atividades e protestam por isonomia em Feira de Santana"},"content":{"rendered":"<div>\n<div>\n<figure><img decoding=\"async\" src=\"http:\/\/noticiasbahia360.com.br\/wp-content\/uploads\/2025\/07\/manifestacao-professores-reda-ney-silva-acorda-cidade-2.jpg\" alt=\"Manifesta\u00e7\u00e3o de Professores\"><figcaption>Foto: Ney Silva\/Acorda Cidade<\/figcaption><\/figure>\n<\/div>\n<p>Professores contratados por Regime Especial de Direito Administrativo (Reda) realizaram, nesta ter\u00e7a-feira (29), um protesto no pr\u00e9dio da Secretaria Municipal de Educa\u00e7\u00e3o de Feira de Santana. A categoria paralisou as atividades por tr\u00eas dias e reivindica o cumprimento de decis\u00f5es judiciais e o respeito \u00e0 legisla\u00e7\u00e3o federal que assegura isonomia na jornada de trabalho entre os professores efetivos e tempor\u00e1rios.<\/p>\n<figure class=\"wp-block-image size-large\"><img fetchpriority=\"high\" fetchpriority=\"high\" decoding=\"async\" width=\"1024\" height=\"768\" src=\"http:\/\/noticiasbahia360.com.br\/wp-content\/uploads\/2025\/07\/manifestacao-professores-reda-ney-silva-acorda-cidade-4-1024x768-1.jpg\" alt=\"Manifesta\u00e7\u00e3o de Professores\" class=\"wp-image-577867\" srcset=\"https:\/\/uploads.acordacidade.com.br\/2025\/07\/manifestacao-professores-reda-ney-silva-acorda-cidade-4-487x365.jpg 487w, http:\/\/noticiasbahia360.com.br\/wp-content\/uploads\/2025\/07\/manifestacao-professores-reda-ney-silva-acorda-cidade-4-1024x768-1.jpg 1024w, https:\/\/uploads.acordacidade.com.br\/2025\/07\/manifestacao-professores-reda-ney-silva-acorda-cidade-4-737x553.jpg 737w, https:\/\/uploads.acordacidade.com.br\/2025\/07\/manifestacao-professores-reda-ney-silva-acorda-cidade-4-150x113.jpg 150w, https:\/\/uploads.acordacidade.com.br\/2025\/07\/manifestacao-professores-reda-ney-silva-acorda-cidade-4.jpg 1200w\" sizes=\"(max-width: 1024px) 100vw, 1024px\"><figcaption class=\"wp-element-caption\">Foto: Ney Silva\/Acorda Cidade<\/figcaption><\/figure>\n<p>De acordo com a professora Perla Fonseca, os profissionais do Reda enfrentam sobrecarga de trabalho, atuando at\u00e9 10 horas a mais por semana em compara\u00e7\u00e3o aos colegas efetivos.<\/p>\n<figure class=\"wp-block-image size-large\"><img decoding=\"async\" width=\"1024\" height=\"768\" src=\"http:\/\/noticiasbahia360.com.br\/wp-content\/uploads\/2025\/07\/manifestacao-professores-reda-ney-silva-acorda-cidade-1-1024x768-1.jpg\" alt=\"Manifesta\u00e7\u00e3o de Professores\" class=\"wp-image-577870\" srcset=\"https:\/\/uploads.acordacidade.com.br\/2025\/07\/manifestacao-professores-reda-ney-silva-acorda-cidade-1-487x365.jpg 487w, http:\/\/noticiasbahia360.com.br\/wp-content\/uploads\/2025\/07\/manifestacao-professores-reda-ney-silva-acorda-cidade-1-1024x768-1.jpg 1024w, https:\/\/uploads.acordacidade.com.br\/2025\/07\/manifestacao-professores-reda-ney-silva-acorda-cidade-1-737x553.jpg 737w, https:\/\/uploads.acordacidade.com.br\/2025\/07\/manifestacao-professores-reda-ney-silva-acorda-cidade-1-150x113.jpg 150w, https:\/\/uploads.acordacidade.com.br\/2025\/07\/manifestacao-professores-reda-ney-silva-acorda-cidade-1.jpg 1200w\" sizes=\"(max-width: 1024px) 100vw, 1024px\"><figcaption class=\"wp-element-caption\">Foto: Ney Silva\/Acorda Cidade<\/figcaption><\/figure>\n<p>\u201cEstamos paralisados aguardando uma resposta do secret\u00e1rio. Nossa luta \u00e9 pela legalidade e pelo cumprimento da lei\u201d, afirmou.<\/p>\n<figure class=\"wp-block-image size-large\"><img decoding=\"async\" width=\"1024\" height=\"768\" src=\"http:\/\/noticiasbahia360.com.br\/wp-content\/uploads\/2025\/07\/manifestacao-professores-reda-ney-silva-acorda-cidade-3-1024x768-1.jpg\" alt=\"Manifesta\u00e7\u00e3o de Professores\" class=\"wp-image-577868\" srcset=\"https:\/\/uploads.acordacidade.com.br\/2025\/07\/manifestacao-professores-reda-ney-silva-acorda-cidade-3-487x365.jpg 487w, http:\/\/noticiasbahia360.com.br\/wp-content\/uploads\/2025\/07\/manifestacao-professores-reda-ney-silva-acorda-cidade-3-1024x768-1.jpg 1024w, https:\/\/uploads.acordacidade.com.br\/2025\/07\/manifestacao-professores-reda-ney-silva-acorda-cidade-3-737x553.jpg 737w, https:\/\/uploads.acordacidade.com.br\/2025\/07\/manifestacao-professores-reda-ney-silva-acorda-cidade-3-150x113.jpg 150w, https:\/\/uploads.acordacidade.com.br\/2025\/07\/manifestacao-professores-reda-ney-silva-acorda-cidade-3.jpg 1200w\" sizes=\"(max-width: 1024px) 100vw, 1024px\"><figcaption class=\"wp-element-caption\">Foto: Ney Silva\/Acorda Cidade<\/figcaption><\/figure>\n<p>Segundo ela, a mobiliza\u00e7\u00e3o busca pressionar a gest\u00e3o municipal a responder com urg\u00eancia \u00e0s reivindica\u00e7\u00f5es da categoria. \u201cEnquanto isso, estamos adoecendo, sangrando em sala de aula\u201d, desabafou.<\/p>\n<p>J\u00e1 a professora Ariana Lima destacou que h\u00e1 respaldo legal e judicial para a reivindica\u00e7\u00e3o.<\/p>\n<figure class=\"wp-block-image size-large\"><img decoding=\"async\" width=\"1024\" height=\"768\" src=\"http:\/\/noticiasbahia360.com.br\/wp-content\/uploads\/2025\/07\/manifestacao-professores-reda-ney-silva-acorda-cidade-5-1024x768-1.jpg\" alt=\"Manifesta\u00e7\u00e3o de Professores\" class=\"wp-image-577871\" srcset=\"https:\/\/uploads.acordacidade.com.br\/2025\/07\/manifestacao-professores-reda-ney-silva-acorda-cidade-5-487x365.jpg 487w, http:\/\/noticiasbahia360.com.br\/wp-content\/uploads\/2025\/07\/manifestacao-professores-reda-ney-silva-acorda-cidade-5-1024x768-1.jpg 1024w, https:\/\/uploads.acordacidade.com.br\/2025\/07\/manifestacao-professores-reda-ney-silva-acorda-cidade-5-737x553.jpg 737w, https:\/\/uploads.acordacidade.com.br\/2025\/07\/manifestacao-professores-reda-ney-silva-acorda-cidade-5-150x113.jpg 150w, https:\/\/uploads.acordacidade.com.br\/2025\/07\/manifestacao-professores-reda-ney-silva-acorda-cidade-5.jpg 1200w\" sizes=\"(max-width: 1024px) 100vw, 1024px\"><figcaption class=\"wp-element-caption\">Foto: Ney Silva\/Acorda Cidade<\/figcaption><\/figure>\n<p>\u201cExiste uma lei federal, a 11.738, que garante a todos os professores a reserva de carga hor\u00e1ria para planejamento, o que \u00e9 essencial para a qualidade do ensino. Em Feira de Santana, apenas os efetivos t\u00eam esse direito reconhecido\u201d, denunciou.<\/p>\n<p>Ao Acorda Cidade, ela tamb\u00e9m apontou o descumprimento de tr\u00eas determina\u00e7\u00f5es judiciais por parte do munic\u00edpio.<\/p>\n<p>\u201cA jornada exaustiva dos professores Reda compromete a sa\u00fade e o desempenho profissional. O professor efetivo de 20 horas trabalha 13 horas em sala e tem 7 para planejamento. N\u00f3s trabalhamos 18 em sala e apenas duas para as demais atividades. Isso \u00e9 desigual e ilegal\u201d, disse.<\/p>\n<p>Segundo os pr\u00f3prios professores, a paralisa\u00e7\u00e3o segue at\u00e9 quinta-feira (31), com os profissionais aguardando uma posi\u00e7\u00e3o da Secretaria de Educa\u00e7\u00e3o. Eles n\u00e3o descartam a possibilidade de greve caso n\u00e3o haja avan\u00e7o nas negocia\u00e7\u00f5es.<\/p>\n<p>O Acorda Cidade ir\u00e1 solicitar um retorno da Secretaria Municipal de Educa\u00e7\u00e3o (Seduc).<\/p>\n<p><em>Com informa\u00e7\u00f5es do rep\u00f3rter Ney Silva do Acorda Cidade<\/em><\/p>\n<p><em>Siga o Acorda Cidade no<\/em><a href=\"https:\/\/news.google.com\/search?q=acorda%20cidade&amp;hl=pt-BR&amp;gl=BR&amp;ceid=BR%3Apt-419\"><strong><em> Google Not\u00edcias<\/em><\/strong><\/a><em> e receba os principais destaques do dia. Participe tamb\u00e9m dos nossos canais no <\/em><a href=\"https:\/\/whatsapp.com\/channel\/0029Va6Rb4v3WHTNnsh8WI3N\"><strong><em>WhatsApp<\/em><\/strong><\/a><em> e <\/em><a href=\"https:\/\/www.youtube.com\/@acordacidadenoticias\/videos\"><strong>Youtube<\/strong><\/a><em> e grupo de <\/em><a href=\"https:\/\/t.me\/+sSz0khrgARA0ZmRh\"><strong><em>Telegram<\/em><\/strong><\/a><em>.<\/em><\/p>\n<\/div>\n","protected":false},"excerpt":{"rendered":"<div>\n<div>\n<figure><img decoding=\"async\" src=\"https:\/\/uploads.acordacidade.com.br\/2025\/07\/manifestacao-professores-reda-ney-silva-acorda-cidade-2.jpg\" alt=\"Manifesta\u00e7\u00e3o de Professores\"><figcaption>Foto: Ney Silva\/Acorda Cidade<\/figcaption><\/figure>\n<\/div>\n<p>Segundo os pr\u00f3prios professores, a paralisa\u00e7\u00e3o segue at\u00e9 quinta-feira (31), com os profissionais aguardando uma posi\u00e7\u00e3o da Seduc.<\/p><\/div>\n","protected":false},"author":1,"featured_media":95037,"comment_status":"closed","ping_status":"closed","sticky":false,"template":"","format":"gallery","meta":{"footnotes":""},"categories":[8,9,6,57,56,10],"tags":[],"class_list":["post-95036","post","type-post","status-publish","format-gallery","has-post-thumbnail","hentry","category-bahia","category-brasil","category-feira-de-santana","category-mundo","category-policia","category-politica","post_format-post-format-gallery"],"featured_image_urls":{"full":["https:\/\/noticiasbahia360.com.br\/wp-content\/uploads\/2025\/07\/manifestacao-professores-reda-ney-silva-acorda-cidade-2.jpg",1200,900,false],"thumbnail":["https:\/\/noticiasbahia360.com.br\/wp-content\/uploads\/2025\/07\/manifestacao-professores-reda-ney-silva-acorda-cidade-2-150x150.jpg",150,150,true],"medium":["https:\/\/noticiasbahia360.com.br\/wp-content\/uploads\/2025\/07\/manifestacao-professores-reda-ney-silva-acorda-cidade-2-300x225.jpg",300,225,true],"medium_large":["https:\/\/noticiasbahia360.com.br\/wp-content\/uploads\/2025\/07\/manifestacao-professores-reda-ney-silva-acorda-cidade-2-768x576.jpg",640,480,true],"large":["https:\/\/noticiasbahia360.com.br\/wp-content\/uploads\/2025\/07\/manifestacao-professores-reda-ney-silva-acorda-cidade-2-1024x768.jpg",640,480,true],"1536x1536":["https:\/\/noticiasbahia360.com.br\/wp-content\/uploads\/2025\/07\/manifestacao-professores-reda-ney-silva-acorda-cidade-2.jpg",1200,900,false],"2048x2048":["https:\/\/noticiasbahia360.com.br\/wp-content\/uploads\/2025\/07\/manifestacao-professores-reda-ney-silva-acorda-cidade-2.jpg",1200,900,false],"chromenews-featured":["https:\/\/noticiasbahia360.com.br\/wp-content\/uploads\/2025\/07\/manifestacao-professores-reda-ney-silva-acorda-cidade-2-1024x768.jpg",1024,768,true],"chromenews-large":["https:\/\/noticiasbahia360.com.br\/wp-content\/uploads\/2025\/07\/manifestacao-professores-reda-ney-silva-acorda-cidade-2-825x575.jpg",825,575,true],"chromenews-medium":["https:\/\/noticiasbahia360.com.br\/wp-content\/uploads\/2025\/07\/manifestacao-professores-reda-ney-silva-acorda-cidade-2-590x410.jpg",590,410,true]},"author_info":{"display_name":"noticiasbahia360.com.br","author_link":"https:\/\/noticiasbahia360.com.br\/?author=1"},"category_info":"<a href=\"https:\/\/noticiasbahia360.com.br\/?cat=8\" rel=\"category\">Bahia<\/a> <a href=\"https:\/\/noticiasbahia360.com.br\/?cat=9\" rel=\"category\">Brasil<\/a> <a href=\"https:\/\/noticiasbahia360.com.br\/?cat=6\" rel=\"category\">Feira de Santana<\/a> <a href=\"https:\/\/noticiasbahia360.com.br\/?cat=57\" rel=\"category\">Mundo<\/a> <a href=\"https:\/\/noticiasbahia360.com.br\/?cat=56\" rel=\"category\">Pol\u00edcia<\/a> <a href=\"https:\/\/noticiasbahia360.com.br\/?cat=10\" rel=\"category\">Pol\u00edtica<\/a>","tag_info":"Pol\u00edtica","comment_count":"0","_links":{"self":[{"href":"https:\/\/noticiasbahia360.com.br\/index.php?rest_route=\/wp\/v2\/posts\/95036","targetHints":{"allow":["GET"]}}],"collection":[{"href":"https:\/\/noticiasbahia360.com.br\/index.php?rest_route=\/wp\/v2\/posts"}],"about":[{"href":"https:\/\/noticiasbahia360.com.br\/index.php?rest_route=\/wp\/v2\/types\/post"}],"author":[{"embeddable":true,"href":"https:\/\/noticiasbahia360.com.br\/index.php?rest_route=\/wp\/v2\/users\/1"}],"replies":[{"embeddable":true,"href":"https:\/\/noticiasbahia360.com.br\/index.php?rest_route=%2Fwp%2Fv2%2Fcomments&post=95036"}],"version-history":[{"count":0,"href":"https:\/\/noticiasbahia360.com.br\/index.php?rest_route=\/wp\/v2\/posts\/95036\/revisions"}],"wp:featuredmedia":[{"embeddable":true,"href":"https:\/\/noticiasbahia360.com.br\/index.php?rest_route=\/wp\/v2\/media\/95037"}],"wp:attachment":[{"href":"https:\/\/noticiasbahia360.com.br\/index.php?rest_route=%2Fwp%2Fv2%2Fmedia&parent=95036"}],"wp:term":[{"taxonomy":"category","embeddable":true,"href":"https:\/\/noticiasbahia360.com.br\/index.php?rest_route=%2Fwp%2Fv2%2Fcategories&post=95036"},{"taxonomy":"post_tag","embeddable":true,"href":"https:\/\/noticiasbahia360.com.br\/index.php?rest_route=%2Fwp%2Fv2%2Ftags&post=95036"}],"curies":[{"name":"wp","href":"https:\/\/api.w.org\/{rel}","templated":true}]}}