{"id":95042,"date":"2025-07-29T12:45:55","date_gmt":"2025-07-29T15:45:55","guid":{"rendered":"https:\/\/noticiasbahia360.com.br\/?p=95042"},"modified":"2025-07-29T12:45:55","modified_gmt":"2025-07-29T15:45:55","slug":"veja-a-lista-das-125-cidades-que-nao-registraram-homicidios-na-bahia-no-1o-semestre","status":"publish","type":"post","link":"https:\/\/noticiasbahia360.com.br\/?p=95042","title":{"rendered":"Veja a lista das 125 cidades que n\u00e3o registraram homic\u00eddios na Bahia no 1\u00ba semestre"},"content":{"rendered":"<div>\n<div>\n<figure><img decoding=\"async\" src=\"http:\/\/noticiasbahia360.com.br\/wp-content\/uploads\/2025\/07\/policia-civil-dhpp.jpg\" alt=\"policia civil - dhpp\"><figcaption>Foto: Haeckel Dias\/Ascom-PC<\/figcaption><\/figure>\n<\/div>\n<p>Bahia encerrara o 1\u00b0 semestre de 2025 sem registro de morte violenta em 125 munic\u00edpios. O Balan\u00e7o dos seis primeiros meses do ano foi apresentado nesta ter\u00e7a-feira (29), no Centro de Opera\u00e7\u00f5es e Intelig\u00eancia (COI) em Salvador, capital do estado.<\/p>\n<p>O estado da Bahia fechou o semestre com registro de 2.053 mortes violentas. Em 2024 o n\u00famero dou 2.214 neste mesmo per\u00edodo, o que representa uma queda de 7,3% dos casos de homic\u00eddio, latroc\u00ednio e les\u00e3o dolosa seguida de morte no primeiro semestre de 2025, na compara\u00e7\u00e3o com o mesmo per\u00edodo do ano anterior.<\/p>\n<p>Os n\u00fameros de feminic\u00eddio no Estado tamb\u00e9m reduziram de 54 nos primeiros seis meses de 2024 para 51 no mesmo per\u00edodo em 2025, redu\u00e7\u00e3o de 5,6%<\/p>\n<p><strong>Confira abaixo as cidades baianas que n\u00e3o registraram Crimes Violentos Letais Intencionais (CVLIs) no primeiro semestre de 2025<\/strong><\/p>\n<ol class=\"wp-block-list\">\n<li>Aba\u00edra<\/li>\n<li>Dom Bas\u00edlio<\/li>\n<li>Lamar\u00e3o<\/li>\n<li>Ribeira Do Amparo<\/li>\n<li>Abar\u00e9<\/li>\n<li>El\u00edsio Medrado<\/li>\n<li>Livramento De Nossa Senhora<\/li>\n<li>Ribeir\u00e3o Do Largo<\/li>\n<li>\u00c1gua Fria<\/li>\n<li>\u00c9rico Cardoso<\/li>\n<li>Macajuba<\/li>\n<li>Rio De Contas<\/li>\n<li>Aiquara<\/li>\n<li>Feira da Mata\u00a0<\/li>\n<li>Madre De Deus\u00a0<\/li>\n<li>Rio Do Ant\u00f4nio<\/li>\n<li>Almadina<\/li>\n<li>Firmino Alves<\/li>\n<li>Maetinga<\/li>\n<li>Rio Do Pires<\/li>\n<li>Anguera<\/li>\n<li>Floresta Azul<\/li>\n<li>Malhada De Pedras<\/li>\n<li>Santa In\u00eas<\/li>\n<li>Ant\u00f4nio Gon\u00e7alves<\/li>\n<li>Gentio Do Ouro<\/li>\n<li>Mansid\u00e3o<\/li>\n<li>S\u00e3o Felipe<\/li>\n<li>Apuarema<\/li>\n<li>Gl\u00f3ria<\/li>\n<li>Marcion\u00edlio Souza<\/li>\n<li>Sa\u00fade<\/li>\n<li>Arataca<\/li>\n<li>Guajeru<\/li>\n<li>Matina<\/li>\n<li>Tanha\u00e7u<\/li>\n<li>Barra Do Mendes<\/li>\n<li>Ibipeba<\/li>\n<li>Milagres<\/li>\n<li>Tanquinho<\/li>\n<li>Barro Alto<\/li>\n<li>Ibipitanga<\/li>\n<li>Mirangaba<\/li>\n<li>Teofil\u00e2ndia<\/li>\n<li>Ibipitanga<\/li>\n<li>Mirangaba<\/li>\n<li>Barro Preto<\/li>\n<li>Ibitit\u00e1, Mirante<\/li>\n<li>Teol\u00e2ndia<\/li>\n<li>Barrocas<\/li>\n<li>Ichu<\/li>\n<li>Morpar\u00e1<\/li>\n<li>Terra Nova<\/li>\n<li>Belo Campo<\/li>\n<li>Igapor\u00e3<\/li>\n<li>Mortugaba<\/li>\n<li>Tremedal<\/li>\n<li>Boa Vista Do Tupim<\/li>\n<li>Ipupiara<\/li>\n<li>Muniz Ferreira<\/li>\n<li>Valente<\/li>\n<li>Bom Jesus Da Serra<\/li>\n<li>Irajuba<\/li>\n<li>Muritiba<\/li>\n<li>V\u00e1rzea Da Ro\u00e7a<\/li>\n<li>Boninal<\/li>\n<li>Iramaia<\/li>\n<li>Nordestina<\/li>\n<li>V\u00e1rzea Nova<\/li>\n<li>Boquira<\/li>\n<li>Itagi<\/li>\n<li>Nova Cana\u00e3<\/li>\n<li>Vereda<\/li>\n<li>Botupor\u00e3<\/li>\n<li>Itagimirim<\/li>\n<li>Nova Itarana<\/li>\n<li>Wagner<\/li>\n<li>Brotas De Maca\u00fabas<\/li>\n<li>Itagua\u00e7u Da Bahia<\/li>\n<li>Nova Reden\u00e7\u00e3o<\/li>\n<li>Wanderley<\/li>\n<li>Caatiba<\/li>\n<li>Itaju Do Col\u00f4nia<\/li>\n<li>Novo Horizonte<\/li>\n<li>Caetanos<\/li>\n<li>Itanagra<\/li>\n<li>Palmeiras<\/li>\n<li>Caldeir\u00e3o Grande<\/li>\n<li>Itiru\u00e7u<\/li>\n<li>Paramirim<\/li>\n<li>Can\u00e1polis<\/li>\n<li>Itua\u00e7u<\/li>\n<li>Paratinga<\/li>\n<li>Cansan\u00e7\u00e3o<\/li>\n<li>Iuiu<\/li>\n<li>Pau Brasil<\/li>\n<li>Capela Do Alto Alegre<\/li>\n<li>Jaborandi<\/li>\n<li>Pedr\u00e3o<\/li>\n<li>Cardeal Da Silva<\/li>\n<li>Jacaraci<\/li>\n<li>Pedro Alexandre<\/li>\n<li>Carinhanha<\/li>\n<li>Janda\u00edra<\/li>\n<li>Piat\u00e3<\/li>\n<li>Catol\u00e2ndia<\/li>\n<li>Jucuru\u00e7u<\/li>\n<li>Pinda\u00ed<\/li>\n<li>C\u00edcero Dantas<\/li>\n<li>Jussara<\/li>\n<li>Pintadas<\/li>\n<li>Cip\u00f3<\/li>\n<li>Jussiape<\/li>\n<li>Pira\u00ed Do Norte<\/li>\n<li>Conde\u00faba<\/li>\n<li>Lafaiete Coutinho<\/li>\n<li>Piritiba<\/li>\n<li>Cordeiros<\/li>\n<li>Lagoa Real<\/li>\n<li>Planaltino<\/li>\n<li>Coronel Jo\u00e3o S\u00e1<\/li>\n<li>Lajedinho<\/li>\n<li>Presidente Dutra<\/li>\n<li>Cravol\u00e2ndia<\/li>\n<li>Lajedo Do Tabocal e Quixabeira<\/li>\n<\/ol>\n<p><em>Siga o Acorda Cidade no<\/em><a href=\"https:\/\/news.google.com\/search?q=acorda%20cidade&amp;hl=pt-BR&amp;gl=BR&amp;ceid=BR%3Apt-419\"><strong><em> Google Not\u00edcias<\/em><\/strong><\/a><em> e receba os principais destaques do dia. Participe tamb\u00e9m dos nossos canais no <\/em><a href=\"https:\/\/whatsapp.com\/channel\/0029Va6Rb4v3WHTNnsh8WI3N\"><strong><em>WhatsApp<\/em><\/strong><\/a><em> e <\/em><a href=\"https:\/\/www.youtube.com\/@acordacidadenoticias\/videos\"><strong>Youtube<\/strong><\/a><em> e grupo de <\/em><a href=\"https:\/\/t.me\/+sSz0khrgARA0ZmRh\"><strong><em>Telegram<\/em><\/strong><\/a><em>.<\/em><\/p>\n<\/div>\n","protected":false},"excerpt":{"rendered":"<div>\n<div>\n<figure><img decoding=\"async\" src=\"https:\/\/uploads.acordacidade.com.br\/wp-content\/uploads\/2023\/11\/29161224\/policia-civil-dhpp.jpg\" alt=\"policia civil - dhpp\"><figcaption>Foto: Haeckel Dias\/Ascom-PC<\/figcaption><\/figure>\n<\/div>\n<p>Balan\u00e7o dos seis primeiros meses do ano foi apresentado nesta ter\u00e7a-feira (29), no Centro de Opera\u00e7\u00f5es e Intelig\u00eancia (COI).<\/p><\/div>\n","protected":false},"author":1,"featured_media":95043,"comment_status":"closed","ping_status":"closed","sticky":false,"template":"","format":"gallery","meta":{"footnotes":""},"categories":[8,9,6,57,56,10],"tags":[],"class_list":["post-95042","post","type-post","status-publish","format-gallery","has-post-thumbnail","hentry","category-bahia","category-brasil","category-feira-de-santana","category-mundo","category-policia","category-politica","post_format-post-format-gallery"],"featured_image_urls":{"full":["https:\/\/noticiasbahia360.com.br\/wp-content\/uploads\/2025\/07\/policia-civil-dhpp.jpg",640,426,false],"thumbnail":["https:\/\/noticiasbahia360.com.br\/wp-content\/uploads\/2025\/07\/policia-civil-dhpp-150x150.jpg",150,150,true],"medium":["https:\/\/noticiasbahia360.com.br\/wp-content\/uploads\/2025\/07\/policia-civil-dhpp-300x200.jpg",300,200,true],"medium_large":["https:\/\/noticiasbahia360.com.br\/wp-content\/uploads\/2025\/07\/policia-civil-dhpp.jpg",640,426,false],"large":["https:\/\/noticiasbahia360.com.br\/wp-content\/uploads\/2025\/07\/policia-civil-dhpp.jpg",640,426,false],"1536x1536":["https:\/\/noticiasbahia360.com.br\/wp-content\/uploads\/2025\/07\/policia-civil-dhpp.jpg",640,426,false],"2048x2048":["https:\/\/noticiasbahia360.com.br\/wp-content\/uploads\/2025\/07\/policia-civil-dhpp.jpg",640,426,false],"chromenews-featured":["https:\/\/noticiasbahia360.com.br\/wp-content\/uploads\/2025\/07\/policia-civil-dhpp.jpg",640,426,false],"chromenews-large":["https:\/\/noticiasbahia360.com.br\/wp-content\/uploads\/2025\/07\/policia-civil-dhpp.jpg",640,426,false],"chromenews-medium":["https:\/\/noticiasbahia360.com.br\/wp-content\/uploads\/2025\/07\/policia-civil-dhpp-590x410.jpg",590,410,true]},"author_info":{"display_name":"noticiasbahia360.com.br","author_link":"https:\/\/noticiasbahia360.com.br\/?author=1"},"category_info":"<a href=\"https:\/\/noticiasbahia360.com.br\/?cat=8\" rel=\"category\">Bahia<\/a> <a href=\"https:\/\/noticiasbahia360.com.br\/?cat=9\" rel=\"category\">Brasil<\/a> <a href=\"https:\/\/noticiasbahia360.com.br\/?cat=6\" rel=\"category\">Feira de Santana<\/a> <a href=\"https:\/\/noticiasbahia360.com.br\/?cat=57\" rel=\"category\">Mundo<\/a> <a href=\"https:\/\/noticiasbahia360.com.br\/?cat=56\" rel=\"category\">Pol\u00edcia<\/a> <a href=\"https:\/\/noticiasbahia360.com.br\/?cat=10\" rel=\"category\">Pol\u00edtica<\/a>","tag_info":"Pol\u00edtica","comment_count":"0","_links":{"self":[{"href":"https:\/\/noticiasbahia360.com.br\/index.php?rest_route=\/wp\/v2\/posts\/95042","targetHints":{"allow":["GET"]}}],"collection":[{"href":"https:\/\/noticiasbahia360.com.br\/index.php?rest_route=\/wp\/v2\/posts"}],"about":[{"href":"https:\/\/noticiasbahia360.com.br\/index.php?rest_route=\/wp\/v2\/types\/post"}],"author":[{"embeddable":true,"href":"https:\/\/noticiasbahia360.com.br\/index.php?rest_route=\/wp\/v2\/users\/1"}],"replies":[{"embeddable":true,"href":"https:\/\/noticiasbahia360.com.br\/index.php?rest_route=%2Fwp%2Fv2%2Fcomments&post=95042"}],"version-history":[{"count":0,"href":"https:\/\/noticiasbahia360.com.br\/index.php?rest_route=\/wp\/v2\/posts\/95042\/revisions"}],"wp:featuredmedia":[{"embeddable":true,"href":"https:\/\/noticiasbahia360.com.br\/index.php?rest_route=\/wp\/v2\/media\/95043"}],"wp:attachment":[{"href":"https:\/\/noticiasbahia360.com.br\/index.php?rest_route=%2Fwp%2Fv2%2Fmedia&parent=95042"}],"wp:term":[{"taxonomy":"category","embeddable":true,"href":"https:\/\/noticiasbahia360.com.br\/index.php?rest_route=%2Fwp%2Fv2%2Fcategories&post=95042"},{"taxonomy":"post_tag","embeddable":true,"href":"https:\/\/noticiasbahia360.com.br\/index.php?rest_route=%2Fwp%2Fv2%2Ftags&post=95042"}],"curies":[{"name":"wp","href":"https:\/\/api.w.org\/{rel}","templated":true}]}} 