{"id":95044,"date":"2025-07-29T14:30:37","date_gmt":"2025-07-29T17:30:37","guid":{"rendered":"https:\/\/noticiasbahia360.com.br\/?p=95044"},"modified":"2025-07-29T14:30:37","modified_gmt":"2025-07-29T17:30:37","slug":"astronomia-duas-chuvas-de-meteoros-devem-brilhar-no-ceu-no-final-de-julho","status":"publish","type":"post","link":"https:\/\/noticiasbahia360.com.br\/?p=95044","title":{"rendered":"Astronomia: duas chuvas de meteoros devem brilhar no c\u00e9u no final de julho"},"content":{"rendered":"<div>\n<div>\n<figure><img decoding=\"async\" src=\"http:\/\/noticiasbahia360.com.br\/wp-content\/uploads\/2025\/07\/meteoros-290725.jpg\" alt=\"Meteoros\"><figcaption>Foto: Divulga\u00e7\u00e3o<\/figcaption><\/figure>\n<\/div>\n<p>Duas atra\u00e7\u00f5es no c\u00e9u v\u00e3o marcar a despedida do m\u00eas de julho. <strong>S\u00e3o chuvas de meteoros que poder\u00e3o ser vistas principalmente na noite de quarta-feira (30) e madrugada de quinta-feira (31).<\/strong> A divulga\u00e7\u00e3o \u00e9 do Observat\u00f3rio Nacional (ON), unidade de pesquisa sediada no Rio de Janeiro e ligada ao Minist\u00e9rio da <a href=\"https:\/\/www.acordacidade.com.br\/tag\/ciencia\/\">Ci\u00eancia<\/a>, Tecnologia e Inova\u00e7\u00e3o.<\/p>\n<p>Os meteoros s\u00e3o corpos celestes pequenos que cruzam o espa\u00e7o e invadem a atmosfera terrestre. <strong>No momento de transi\u00e7\u00e3o, a intera\u00e7\u00e3o com a atmosfera e o oxig\u00eanio provoca o incendiamento parcial ou total dos meteoros, criando uma luminosidade, popularmente chamada de estrela cadente.<\/strong> Quando diversos meteoros atravessam a atmosfera, formam-se as chuvas de meteoros. Os meteoros s\u00e3o detritos de cometas, fen\u00f4meno formado por poeira, pedras, gelo e gases.<\/p>\n<h2 class=\"wp-block-heading\" id=\"h-alpha-capricornideos\">Alpha Capricorn\u00eddeos<\/h2>\n<p>A chuva de meteoros <em>Alpha Capricorn\u00eddeos<\/em> atingir\u00e1 o \u00e1pice na noite de quarta-feira. Essa chuva \u00e9 conhecida por meteoros brilhantes com taxa de cinco meteoros por hora.<\/p>\n<p>\u201cO que \u00e9 not\u00e1vel sobre esta chuva \u00e9 o n\u00famero de meteoros com aspectos de bolas de fogo brilhantes produzidas durante seu per\u00edodo de atividade\u201d, descreve o astr\u00f4nomo do ON, Marcelo de Cicco.<\/p>\n<p>A velocidade dos meteoros \u00e9 de 23 quil\u00f4metros por segundo (km\/s). A localiza\u00e7\u00e3o \u00e9 na Constela\u00e7\u00e3o de Capric\u00f3rnio. <strong>O melhor hor\u00e1rio para visualizar, segundo o ON, \u00e9 a partir da meia noite at\u00e9 pr\u00f3ximo ao amanhecer.<\/strong><\/p>\n<h2 class=\"wp-block-heading\" id=\"h-delta-aquaridas-do-sul\">Delta Aqu\u00e1ridas do Sul<\/h2>\n<p><strong>A chuva <\/strong><strong><em>Delta Aqu\u00e1ridas do Sul<\/em><\/strong><strong> tem o pico esperado para a madrugada de 31 de julho. <\/strong>Esse fen\u00f4meno \u00e9 caracterizado por uma taxa de 15 a 25 meteoros por hora no momento de pico. A velocidade \u00e9 bem maior que a <em>Alpha Capricorn\u00eddeos<\/em>: 41 km\/s.<\/p>\n<p>A localiza\u00e7\u00e3o no c\u00e9u \u00e9 na Constela\u00e7\u00e3o de Aqu\u00e1rio. O melhor hor\u00e1rio para visualizar tamb\u00e9m \u00e9 a partir da meia noite at\u00e9 pr\u00f3ximo ao amanhecer.<\/p>\n<h2 class=\"wp-block-heading\" id=\"h-observacao\">Observa\u00e7\u00e3o<\/h2>\n<p><strong>Para aproveitar ao m\u00e1ximo esses eventos astron\u00f4micos, o Observat\u00f3rio Nacional sugere como dicas procurar locais com c\u00e9us escuros, longe da polui\u00e7\u00e3o luminosa das cidades.<\/strong><\/p>\n<p>\u201cOlhe para qualquer lugar no c\u00e9u, pois os meteoros podem aparecer em qualquer parte, mas focar nas constela\u00e7\u00f5es de Capric\u00f3rnio e Aqu\u00e1rio pode aumentar suas chances de observar essas maravilhas celestes\u201d, completa o astr\u00f4nomo Cicco.<\/p>\n<p><strong>Al\u00e9m de satisfazer apreciadores dos fen\u00f4menos, chuvas de meteoro s\u00e3o relevantes para estimar a quantidade e per\u00edodo de maior incid\u00eancia de detritos provenientes de correntes de meteoroides que a Terra atravessa periodicamente.<\/strong><\/p>\n<p>Miss\u00f5es espaciais e centros de controle de sat\u00e9lites podem aprimorar estrat\u00e9gias de prote\u00e7\u00e3o para naves e equipamentos em \u00f3rbita pr\u00f3xima \u00e0 Terra e \u00e0 Lua.<\/p>\n<p><strong>As chuvas de meteoros tamb\u00e9m ajudam a compreender a forma\u00e7\u00e3o do nosso Sistema Solar<\/strong>, conforme explica Cicco, \u201cpois ao investigar as propriedades dos detritos, \u00e9 poss\u00edvel entender mais sobre os cometas e at\u00e9 mesmo fragmentos lunares e marcianos, resultantes de impactos antigos, assim como objetos pr\u00f3ximos \u00e0 \u00f3rbita terrestre com atividade (Neos, sigla em ingl\u00eas para Near Earth Objects).<\/p>\n<p><em>Siga o Acorda Cidade no<\/em><a href=\"https:\/\/news.google.com\/search?q=acorda%20cidade&amp;hl=pt-BR&amp;gl=BR&amp;ceid=BR%3Apt-419\"><strong><em>\u00a0Google Not\u00edcias<\/em><\/strong><\/a><em>\u00a0e receba os principais destaques do dia. Participe tamb\u00e9m dos nossos canais no\u00a0<\/em><a href=\"https:\/\/whatsapp.com\/channel\/0029Va6Rb4v3WHTNnsh8WI3N\"><strong><em>WhatsApp<\/em><\/strong><\/a><em>\u00a0e\u00a0<\/em><a href=\"https:\/\/www.youtube.com\/@acordacidadenoticias\/videos\"><strong>Youtube<\/strong><\/a><em>\u00a0e grupo de\u00a0<\/em><a href=\"https:\/\/t.me\/+sSz0khrgARA0ZmRh\"><strong><em>Telegram<\/em><\/strong><\/a><em>.<\/em><\/p>\n<\/div>\n","protected":false},"excerpt":{"rendered":"<div>\n<div>\n<figure><img decoding=\"async\" src=\"https:\/\/uploads.acordacidade.com.br\/2025\/07\/meteoros-290725.jpg\" alt=\"Meteoros\"><figcaption>Foto: Divulga\u00e7\u00e3o<\/figcaption><\/figure>\n<\/div>\n<p>Melhor momento para acompanhar \u00e9 na madrugada desta quinta-feira (31)<\/p><\/div>\n","protected":false},"author":1,"featured_media":95045,"comment_status":"closed","ping_status":"closed","sticky":false,"template":"","format":"gallery","meta":{"footnotes":""},"categories":[8,9,6,57,56,10],"tags":[],"class_list":["post-95044","post","type-post","status-publish","format-gallery","has-post-thumbnail","hentry","category-bahia","category-brasil","category-feira-de-santana","category-mundo","category-policia","category-politica","post_format-post-format-gallery"],"featured_image_urls":{"full":["https:\/\/noticiasbahia360.com.br\/wp-content\/uploads\/2025\/07\/meteoros-290725.jpg",1200,801,false],"thumbnail":["https:\/\/noticiasbahia360.com.br\/wp-content\/uploads\/2025\/07\/meteoros-290725-150x150.jpg",150,150,true],"medium":["https:\/\/noticiasbahia360.com.br\/wp-content\/uploads\/2025\/07\/meteoros-290725-300x200.jpg",300,200,true],"medium_large":["https:\/\/noticiasbahia360.com.br\/wp-content\/uploads\/2025\/07\/meteoros-290725-768x513.jpg",640,428,true],"large":["https:\/\/noticiasbahia360.com.br\/wp-content\/uploads\/2025\/07\/meteoros-290725-1024x684.jpg",640,428,true],"1536x1536":["https:\/\/noticiasbahia360.com.br\/wp-content\/uploads\/2025\/07\/meteoros-290725.jpg",1200,801,false],"2048x2048":["https:\/\/noticiasbahia360.com.br\/wp-content\/uploads\/2025\/07\/meteoros-290725.jpg",1200,801,false],"chromenews-featured":["https:\/\/noticiasbahia360.com.br\/wp-content\/uploads\/2025\/07\/meteoros-290725-1024x684.jpg",1024,684,true],"chromenews-large":["https:\/\/noticiasbahia360.com.br\/wp-content\/uploads\/2025\/07\/meteoros-290725-825x575.jpg",825,575,true],"chromenews-medium":["https:\/\/noticiasbahia360.com.br\/wp-content\/uploads\/2025\/07\/meteoros-290725-590x410.jpg",590,410,true]},"author_info":{"display_name":"noticiasbahia360.com.br","author_link":"https:\/\/noticiasbahia360.com.br\/?author=1"},"category_info":"<a href=\"https:\/\/noticiasbahia360.com.br\/?cat=8\" rel=\"category\">Bahia<\/a> <a href=\"https:\/\/noticiasbahia360.com.br\/?cat=9\" rel=\"category\">Brasil<\/a> <a href=\"https:\/\/noticiasbahia360.com.br\/?cat=6\" rel=\"category\">Feira de Santana<\/a> <a href=\"https:\/\/noticiasbahia360.com.br\/?cat=57\" rel=\"category\">Mundo<\/a> <a href=\"https:\/\/noticiasbahia360.com.br\/?cat=56\" rel=\"category\">Pol\u00edcia<\/a> <a href=\"https:\/\/noticiasbahia360.com.br\/?cat=10\" rel=\"category\">Pol\u00edtica<\/a>","tag_info":"Pol\u00edtica","comment_count":"0","_links":{"self":[{"href":"https:\/\/noticiasbahia360.com.br\/index.php?rest_route=\/wp\/v2\/posts\/95044","targetHints":{"allow":["GET"]}}],"collection":[{"href":"https:\/\/noticiasbahia360.com.br\/index.php?rest_route=\/wp\/v2\/posts"}],"about":[{"href":"https:\/\/noticiasbahia360.com.br\/index.php?rest_route=\/wp\/v2\/types\/post"}],"author":[{"embeddable":true,"href":"https:\/\/noticiasbahia360.com.br\/index.php?rest_route=\/wp\/v2\/users\/1"}],"replies":[{"embeddable":true,"href":"https:\/\/noticiasbahia360.com.br\/index.php?rest_route=%2Fwp%2Fv2%2Fcomments&post=95044"}],"version-history":[{"count":0,"href":"https:\/\/noticiasbahia360.com.br\/index.php?rest_route=\/wp\/v2\/posts\/95044\/revisions"}],"wp:featuredmedia":[{"embeddable":true,"href":"https:\/\/noticiasbahia360.com.br\/index.php?rest_route=\/wp\/v2\/media\/95045"}],"wp:attachment":[{"href":"https:\/\/noticiasbahia360.com.br\/index.php?rest_route=%2Fwp%2Fv2%2Fmedia&parent=95044"}],"wp:term":[{"taxonomy":"category","embeddable":true,"href":"https:\/\/noticiasbahia360.com.br\/index.php?rest_route=%2Fwp%2Fv2%2Fcategories&post=95044"},{"taxonomy":"post_tag","embeddable":true,"href":"https:\/\/noticiasbahia360.com.br\/index.php?rest_route=%2Fwp%2Fv2%2Ftags&post=95044"}],"curies":[{"name":"wp","href":"https:\/\/api.w.org\/{rel}","templated":true}]}}