{"id":95048,"date":"2025-07-29T15:03:21","date_gmt":"2025-07-29T18:03:21","guid":{"rendered":"https:\/\/noticiasbahia360.com.br\/?p=95048"},"modified":"2025-07-29T15:03:21","modified_gmt":"2025-07-29T18:03:21","slug":"feirenses-conquistam-ouro-e-prata-em-competicao-internacional-de-jiu-jitsu-abu-dhabi-grand-slam-rio","status":"publish","type":"post","link":"https:\/\/noticiasbahia360.com.br\/?p=95048","title":{"rendered":"Feirenses conquistam ouro e prata em competi\u00e7\u00e3o internacional de Jiu-Jitsu: Abu Dhabi Grand Slam Rio"},"content":{"rendered":"<div>\n<div>\n<figure><img decoding=\"async\" src=\"http:\/\/noticiasbahia360.com.br\/wp-content\/uploads\/2025\/07\/campeoes-do-grand-slan-Rio.jpg\" alt=\"campe\u00f5es do grand slan Rio\"><figcaption>Andr\u00e9a Ribeiro, Ivaldo Santos, Jo\u00e3o Pedro Lessa, Agatha Ribeiro e Alanna Ribeiro | Foto: Arquivo pessoal<\/figcaption><\/figure>\n<\/div>\n<p>Jovens feirenses foram medalhistas na maior competi\u00e7\u00e3o de Jiu-Jitsu da Am\u00e9rica, o Abu Dhabi Grand Slam Jiu-Jitsu World Tour 2025, promovida pela Abu Dhabi Jiu-Jitsu Pro (AJP), que aconteceu entre os dias 19 e 20 de julho, na Arena Carioca 1, do Parque Ol\u00edmpico, na Barra da Tijuca, no Rio de Janeiro.<\/p>\n<p>Atletas do Team Kamui, academia que fica localizada na Avenida Centen\u00e1rio, no bairro SIM, em Feira de Santana, levaram para casa duas medalhas de ouro. Agatha Ribeiro, de 16 anos, campe\u00e3 na categoria Faixa Azul Juvenil at\u00e9 48kg, e Ivaldo Santos, de 20 anos, campe\u00e3o na categoria Faixa Marrom Adulto at\u00e9 62kg, ganhando a premia\u00e7\u00e3o da Mormai por uma das melhores finaliza\u00e7\u00e3o do evento.<\/p>\n<figure class=\"wp-block-image size-large\"><img fetchpriority=\"high\" fetchpriority=\"high\" decoding=\"async\" width=\"1032\" height=\"768\" src=\"http:\/\/noticiasbahia360.com.br\/wp-content\/uploads\/2025\/07\/campeoes-do-grand-slan-Rio-jiu-jitsu-1032x768-1.jpg\" alt=\"campe\u00f5es do grand slan Rio jiu jitsu\" class=\"wp-image-577875\" srcset=\"https:\/\/uploads.acordacidade.com.br\/2025\/07\/campeoes-do-grand-slan-Rio-jiu-jitsu-490x365.jpg 490w, http:\/\/noticiasbahia360.com.br\/wp-content\/uploads\/2025\/07\/campeoes-do-grand-slan-Rio-jiu-jitsu-1032x768-1.jpg 1032w, https:\/\/uploads.acordacidade.com.br\/2025\/07\/campeoes-do-grand-slan-Rio-jiu-jitsu-743x553.jpg 743w, https:\/\/uploads.acordacidade.com.br\/2025\/07\/campeoes-do-grand-slan-Rio-jiu-jitsu-150x112.jpg 150w, https:\/\/uploads.acordacidade.com.br\/2025\/07\/campeoes-do-grand-slan-Rio-jiu-jitsu.jpg 1200w\" sizes=\"(max-width: 1032px) 100vw, 1032px\"><figcaption class=\"wp-element-caption\">Foto: Arquivo pessoal<\/figcaption><\/figure>\n<p>Agatha Ribeiro relatou como foi grande a emo\u00e7\u00e3o de participar do evento. \u201cNo ano passado, conquistei a prata, mas este ano, ap\u00f3s muita prepara\u00e7\u00e3o e dedica\u00e7\u00e3o junto com meus senseis e colegas da Kamui Team, a medalha de ouro foi nossa! Entrei focada e enfrentei atletas de alt\u00edssimo n\u00edvel. Venci uma por pontos e a outra por finaliza\u00e7\u00e3o. O campeonato foi simplesmente maravilhoso\u201d, compartilhou ao Acorda Cidade. <\/p>\n<p>\u201cA infraestrutura estava impec\u00e1vel, e a equipe, super preparada, garantiu que tudo corresse perfeitamente. Foi uma experi\u00eancia inesquec\u00edvel, tanto como atleta quanto como espectadora, admirando o talento de tantos jiujiteiros incr\u00edveis que deram um verdadeiro show no tatame\u201d, completou a atleta.<\/p>\n<p>Ivaldo Santos, entrou na academia atrav\u00e9s de um <a href=\"https:\/\/www.acordacidade.com.br\/feira-de-santana\/projeto-social-oferece-aulas-de-jiu-jitsu-gratuitas-em-feira-de-santana-mais-de-500-jovens-ja-participaram\/\">projeto social <\/a>realizado pelo professor Leandro Cerqueira da Silva, conhecido como Leo Kamui, \u00fanico \u00e1rbitro representando o nordeste na equipe que trabalhou no evento.<\/p>\n<p>\u201cVoltei pro Grand Slam RJ com sede de fazer hist\u00f3ria. Foram 3 lutas: finalizei uma, venci outra nos pontos e, na terceira, meu advers\u00e1rio foi desclassificado por fugir da luta com golpe encaixado. Nada foi f\u00e1cil, mas tudo foi conquistado\u201d, conta Ivaldo Santos em rede social.<\/p>\n<figure class=\"wp-block-image size-large\"><img decoding=\"async\" width=\"988\" height=\"768\" src=\"http:\/\/noticiasbahia360.com.br\/wp-content\/uploads\/2025\/07\/Ivaldo-Santos-Jiu-Jitsu-988x768-1.jpg\" alt=\"Ivaldo Santos Jiu Jitsu\" class=\"wp-image-577882\" srcset=\"https:\/\/uploads.acordacidade.com.br\/2025\/07\/Ivaldo-Santos-Jiu-Jitsu-469x365.jpg 469w, http:\/\/noticiasbahia360.com.br\/wp-content\/uploads\/2025\/07\/Ivaldo-Santos-Jiu-Jitsu-988x768-1.jpg 988w, https:\/\/uploads.acordacidade.com.br\/2025\/07\/Ivaldo-Santos-Jiu-Jitsu-711x553.jpg 711w, https:\/\/uploads.acordacidade.com.br\/2025\/07\/Ivaldo-Santos-Jiu-Jitsu-150x117.jpg 150w, https:\/\/uploads.acordacidade.com.br\/2025\/07\/Ivaldo-Santos-Jiu-Jitsu.jpg 1200w\" sizes=\"(max-width: 988px) 100vw, 988px\"><figcaption class=\"wp-element-caption\">Ivaldo Santos | Foto: Arquivo pessoal<\/figcaption><\/figure>\n<p>Os alunos da academia tamb\u00e9m conquistaram tr\u00eas medalhas de prata. Entre os destaques, est\u00e3o Andr\u00e9a Ribeiro, de 42 anos, vice-campe\u00e3 na categoria Faixa Roxa Master 1 at\u00e9 69kg, Alanna Ribeiro, de 13 anos, vice-campe\u00e3 na categoria Faixa Laranja at\u00e9 48kg, e Jo\u00e3o Pedro Lessa, de 13 anos, vice-campe\u00e3o na Faixa Amarela at\u00e9 48kg.<\/p>\n<p>L\u00e9o Kamui relata que participar da equipe de arbitragem do Grand Slam Rio sempre foi um sonho para ele. \u201cTodo \u00e1rbitro de Jiu Jitsu tem esse desejo de arbitrar grandes lutas em grandes palcos. O Grand Slam \u00e9 um desses palcos\u201d, compartilhou ao Acorda Cidade.<\/p>\n<figure class=\"wp-block-image size-large\"><img decoding=\"async\" width=\"1106\" height=\"768\" src=\"http:\/\/noticiasbahia360.com.br\/wp-content\/uploads\/2025\/07\/Leo-Kamui-Grand-Slan-Rio-1106x768-1.jpg\" alt=\"Leo Kamui Grand Slan Rio\" class=\"wp-image-577879\" srcset=\"https:\/\/uploads.acordacidade.com.br\/2025\/07\/Leo-Kamui-Grand-Slan-Rio-526x365.jpg 526w, http:\/\/noticiasbahia360.com.br\/wp-content\/uploads\/2025\/07\/Leo-Kamui-Grand-Slan-Rio-1106x768-1.jpg 1106w, https:\/\/uploads.acordacidade.com.br\/2025\/07\/Leo-Kamui-Grand-Slan-Rio-797x553.jpg 797w, https:\/\/uploads.acordacidade.com.br\/2025\/07\/Leo-Kamui-Grand-Slan-Rio-150x104.jpg 150w, https:\/\/uploads.acordacidade.com.br\/2025\/07\/Leo-Kamui-Grand-Slan-Rio.jpg 1200w\" sizes=\"(max-width: 1106px) 100vw, 1106px\"><figcaption class=\"wp-element-caption\">Leo Kamui | Foto: Arquivo Pessoal<\/figcaption><\/figure>\n<p>Al\u00e9m disso, L\u00e9o tamb\u00e9m conta que foi o \u00fanico nordestino no corpo de arbitragem da competi\u00e7\u00e3o, atuando ao lado de grandes nomes, como do Mestre J\u00falio C\u00e9sar Pereira, sob a dire\u00e7\u00e3o de Leonardo (L\u00e9o Tim). \u201c\u00c9 marcante para o curriculum de \u00e1rbitro. Hoje, trago na bagagem, al\u00e9m do sonho realizado, muita experi\u00eancia para passar para a FBJJMMA (Federa\u00e7\u00e3o Baiana de Jiu Jitsu e MMA) onde sou coordenador de arbitragem para meus alunos do CT Kamui\u201d, destacou.<\/p>\n<p><strong>Leia tamb\u00e9m:<\/strong><\/p>\n<p><a href=\"https:\/\/www.acordacidade.com.br\/feira-de-santana\/projeto-social-oferece-aulas-de-jiu-jitsu-gratuitas-em-feira-de-santana-mais-de-500-jovens-ja-participaram\/\">Projeto social oferece aulas de Jiu-Jitsu gratuitas em Feira de Santana; mais de 500 jovens j\u00e1 participaram<\/a><\/p>\n<p><em>Siga o Acorda Cidade no<\/em><a href=\"https:\/\/news.google.com\/search?q=acorda%20cidade&amp;hl=pt-BR&amp;gl=BR&amp;ceid=BR%3Apt-419\"><strong><em>\u00a0Google Not\u00edcias<\/em><\/strong><\/a><em>\u00a0e receba os principais destaques do dia. Participe tamb\u00e9m dos nossos canais no\u00a0<\/em><a href=\"https:\/\/www.whatsapp.com\/channel\/0029Va6Rb4v3WHTNnsh8WI3N\"><strong><em>WhatsApp<\/em><\/strong><\/a><em>\u00a0e\u00a0<\/em><a href=\"https:\/\/www.youtube.com\/@acordacidadenoticias\/videos\"><strong>Youtube<\/strong><\/a><em>\u00a0e grupo de\u00a0<\/em><a href=\"https:\/\/t.me\/+sSz0khrgARA0ZmRh\"><strong><em>Telegram<\/em><\/strong><\/a><em>.<\/em><\/p>\n<\/div>\n","protected":false},"excerpt":{"rendered":"<div>\n<div>\n<figure><img decoding=\"async\" src=\"https:\/\/uploads.acordacidade.com.br\/2025\/07\/campeoes-do-grand-slan-Rio.jpg\" alt=\"campe\u00f5es do grand slan Rio\"><figcaption>Andr\u00e9a Ribeiro, Ivaldo Santos, Jo\u00e3o Pedro Lessa, Agatha Ribeiro e Alanna Ribeiro | Foto: Arquivo pessoal<\/figcaption><\/figure>\n<\/div>\n<p>Competi\u00e7\u00e3o aconteceu entre os dias 19 e 20 de julho, na Arena Carioca 1, do Parque Ol\u00edmpico, na Barra da Tijuca, no Rio de Janeiro.<\/p><\/div>\n","protected":false},"author":1,"featured_media":95049,"comment_status":"closed","ping_status":"closed","sticky":false,"template":"","format":"gallery","meta":{"footnotes":""},"categories":[8,9,6,57,56,10],"tags":[],"class_list":["post-95048","post","type-post","status-publish","format-gallery","has-post-thumbnail","hentry","category-bahia","category-brasil","category-feira-de-santana","category-mundo","category-policia","category-politica","post_format-post-format-gallery"],"featured_image_urls":{"full":["https:\/\/noticiasbahia360.com.br\/wp-content\/uploads\/2025\/07\/campeoes-do-grand-slan-Rio.jpg",1200,692,false],"thumbnail":["https:\/\/noticiasbahia360.com.br\/wp-content\/uploads\/2025\/07\/campeoes-do-grand-slan-Rio-150x150.jpg",150,150,true],"medium":["https:\/\/noticiasbahia360.com.br\/wp-content\/uploads\/2025\/07\/campeoes-do-grand-slan-Rio-300x173.jpg",300,173,true],"medium_large":["https:\/\/noticiasbahia360.com.br\/wp-content\/uploads\/2025\/07\/campeoes-do-grand-slan-Rio-768x443.jpg",640,369,true],"large":["https:\/\/noticiasbahia360.com.br\/wp-content\/uploads\/2025\/07\/campeoes-do-grand-slan-Rio-1024x591.jpg",640,369,true],"1536x1536":["https:\/\/noticiasbahia360.com.br\/wp-content\/uploads\/2025\/07\/campeoes-do-grand-slan-Rio.jpg",1200,692,false],"2048x2048":["https:\/\/noticiasbahia360.com.br\/wp-content\/uploads\/2025\/07\/campeoes-do-grand-slan-Rio.jpg",1200,692,false],"chromenews-featured":["https:\/\/noticiasbahia360.com.br\/wp-content\/uploads\/2025\/07\/campeoes-do-grand-slan-Rio-1024x591.jpg",1024,591,true],"chromenews-large":["https:\/\/noticiasbahia360.com.br\/wp-content\/uploads\/2025\/07\/campeoes-do-grand-slan-Rio-825x575.jpg",825,575,true],"chromenews-medium":["https:\/\/noticiasbahia360.com.br\/wp-content\/uploads\/2025\/07\/campeoes-do-grand-slan-Rio-590x410.jpg",590,410,true]},"author_info":{"display_name":"noticiasbahia360.com.br","author_link":"https:\/\/noticiasbahia360.com.br\/?author=1"},"category_info":"<a href=\"https:\/\/noticiasbahia360.com.br\/?cat=8\" rel=\"category\">Bahia<\/a> <a href=\"https:\/\/noticiasbahia360.com.br\/?cat=9\" rel=\"category\">Brasil<\/a> <a href=\"https:\/\/noticiasbahia360.com.br\/?cat=6\" rel=\"category\">Feira de Santana<\/a> <a href=\"https:\/\/noticiasbahia360.com.br\/?cat=57\" rel=\"category\">Mundo<\/a> <a href=\"https:\/\/noticiasbahia360.com.br\/?cat=56\" rel=\"category\">Pol\u00edcia<\/a> <a href=\"https:\/\/noticiasbahia360.com.br\/?cat=10\" rel=\"category\">Pol\u00edtica<\/a>","tag_info":"Pol\u00edtica","comment_count":"0","_links":{"self":[{"href":"https:\/\/noticiasbahia360.com.br\/index.php?rest_route=\/wp\/v2\/posts\/95048","targetHints":{"allow":["GET"]}}],"collection":[{"href":"https:\/\/noticiasbahia360.com.br\/index.php?rest_route=\/wp\/v2\/posts"}],"about":[{"href":"https:\/\/noticiasbahia360.com.br\/index.php?rest_route=\/wp\/v2\/types\/post"}],"author":[{"embeddable":true,"href":"https:\/\/noticiasbahia360.com.br\/index.php?rest_route=\/wp\/v2\/users\/1"}],"replies":[{"embeddable":true,"href":"https:\/\/noticiasbahia360.com.br\/index.php?rest_route=%2Fwp%2Fv2%2Fcomments&post=95048"}],"version-history":[{"count":0,"href":"https:\/\/noticiasbahia360.com.br\/index.php?rest_route=\/wp\/v2\/posts\/95048\/revisions"}],"wp:featuredmedia":[{"embeddable":true,"href":"https:\/\/noticiasbahia360.com.br\/index.php?rest_route=\/wp\/v2\/media\/95049"}],"wp:attachment":[{"href":"https:\/\/noticiasbahia360.com.br\/index.php?rest_route=%2Fwp%2Fv2%2Fmedia&parent=95048"}],"wp:term":[{"taxonomy":"category","embeddable":true,"href":"https:\/\/noticiasbahia360.com.br\/index.php?rest_route=%2Fwp%2Fv2%2Fcategories&post=95048"},{"taxonomy":"post_tag","embeddable":true,"href":"https:\/\/noticiasbahia360.com.br\/index.php?rest_route=%2Fwp%2Fv2%2Ftags&post=95048"}],"curies":[{"name":"wp","href":"https:\/\/api.w.org\/{rel}","templated":true}]}}