{"id":95053,"date":"2025-07-29T15:29:45","date_gmt":"2025-07-29T18:29:45","guid":{"rendered":"https:\/\/noticiasbahia360.com.br\/?p=95053"},"modified":"2025-07-29T15:29:45","modified_gmt":"2025-07-29T18:29:45","slug":"em-entrevista-no-reconcavo-jeronimo-reforca-que-nao-troca-obras-por-apoio-politico","status":"publish","type":"post","link":"https:\/\/noticiasbahia360.com.br\/?p=95053","title":{"rendered":"Em entrevista no Rec\u00f4ncavo, Jer\u00f4nimo refor\u00e7a que n\u00e3o troca obras por apoio pol\u00edtico"},"content":{"rendered":"<div>\n<div>\n<figure><img decoding=\"async\" src=\"http:\/\/noticiasbahia360.com.br\/wp-content\/uploads\/2025\/07\/Jeronimo-no-Reconcavo-290725.jpg\" alt=\"Jeronimo no Reconcavo\"><figcaption>Foto: Lucas Santa B\u00e1rbara<\/figcaption><\/figure>\n<\/div>\n<p>Durante passagem pelo munic\u00edpio de Muniz Ferreira, no Rec\u00f4ncavo baiano, o governador da <a href=\"https:\/\/www.acordacidade.com.br\/bahia\/\">Bahia<\/a> Jer\u00f4nimo Rodrigues (PT) garantiu que n\u00e3o troca obras e investimentos por apoio pol\u00edtico para 2026. O gestor usou o exemplo do munic\u00edpio de Cruz das Almas, que tamb\u00e9m fica no Rec\u00f4ncavo, para reafirmar o trabalho em toda a Bahia sem olhar para filia\u00e7\u00e3o partid\u00e1ria. A declara\u00e7\u00e3o foi dada durante entrevista \u00e0 r\u00e1dio Muniz Ferreira, concedida nesta ter\u00e7a-feira (29).<\/p>\n<p>\u201cEm Cruz eu apoiei Orlandinho, mas o povo quis Ednaldo. Por isso vou virar as costas para Cruz das Almas? De jeito nenhum! Sentamos com Ednaldo, estamos planejando os investimentos na cidade e nunca condicionamos que para fazer estrada ou escola, ir\u00edamos exigir o voto. Estamos construindo confian\u00e7a, n\u00e3o comprando apoios\u201d, garantiu Jer\u00f4nimo.<\/p>\n<p>Para o governador, esse novo jeito de fazer pol\u00edtica busca romper com pr\u00e1ticas antigas marcadas por exig\u00eancias, disputas e ressentimentos. \u201cSe adotarmos a pol\u00edtica do passado, quem perde \u00e9 a popula\u00e7\u00e3o. Respeitamos a oposi\u00e7\u00e3o e quem perdeu a elei\u00e7\u00e3o, mas vamos seguir trabalhando\u201d, defendeu. Jer\u00f4nimo tamb\u00e9m mandou um recado a quem tenta espalhar inverdades e desqualificar o governo: \u201cSomos humildes, mas n\u00e3o tolos. Nosso grupo tem tr\u00eas ex-governadores, Wagner, Otto e Rui Costa, estamos unidos pela Bahia e pelos baianos\u201d, afirmou.<\/p>\n<p><em>Siga o Acorda Cidade no<\/em><a href=\"https:\/\/news.google.com\/search?q=acorda%20cidade&amp;hl=pt-BR&amp;gl=BR&amp;ceid=BR%3Apt-419\"><strong><em>\u00a0Google Not\u00edcias<\/em><\/strong><\/a><em>\u00a0e receba os principais destaques do dia. Participe tamb\u00e9m dos nossos canais no\u00a0<\/em><a href=\"https:\/\/www.whatsapp.com\/channel\/0029Va6Rb4v3WHTNnsh8WI3N\"><strong><em>WhatsApp<\/em><\/strong><\/a><em>\u00a0e\u00a0<\/em><a href=\"https:\/\/www.youtube.com\/@acordacidadenoticias\/videos\"><strong>Youtube<\/strong><\/a><em>\u00a0e grupo de\u00a0<\/em><a href=\"https:\/\/t.me\/+sSz0khrgARA0ZmRh\"><strong><em>Telegram<\/em><\/strong><\/a><em>.<\/em><\/p>\n<\/div>\n","protected":false},"excerpt":{"rendered":"<div>\n<div>\n<figure><img decoding=\"async\" src=\"https:\/\/uploads.acordacidade.com.br\/2025\/07\/Jeronimo-no-Reconcavo-290725.jpg\" alt=\"Jeronimo no Reconcavo\"><figcaption>Foto: Lucas Santa B\u00e1rbara<\/figcaption><\/figure>\n<\/div>\n<p>&#8220;Respeitamos a oposi\u00e7\u00e3o e quem perdeu a elei\u00e7\u00e3o, mas vamos seguir trabalhando\u201d, afirma governador no Rec\u00f4ncavo<\/p><\/div>\n","protected":false},"author":1,"featured_media":95054,"comment_status":"closed","ping_status":"closed","sticky":false,"template":"","format":"gallery","meta":{"footnotes":""},"categories":[8,9,6,57,56,10],"tags":[],"class_list":["post-95053","post","type-post","status-publish","format-gallery","has-post-thumbnail","hentry","category-bahia","category-brasil","category-feira-de-santana","category-mundo","category-policia","category-politica","post_format-post-format-gallery"],"featured_image_urls":{"full":["https:\/\/noticiasbahia360.com.br\/wp-content\/uploads\/2025\/07\/Jeronimo-no-Reconcavo-290725.jpg",1200,801,false],"thumbnail":["https:\/\/noticiasbahia360.com.br\/wp-content\/uploads\/2025\/07\/Jeronimo-no-Reconcavo-290725-150x150.jpg",150,150,true],"medium":["https:\/\/noticiasbahia360.com.br\/wp-content\/uploads\/2025\/07\/Jeronimo-no-Reconcavo-290725-300x200.jpg",300,200,true],"medium_large":["https:\/\/noticiasbahia360.com.br\/wp-content\/uploads\/2025\/07\/Jeronimo-no-Reconcavo-290725-768x513.jpg",640,428,true],"large":["https:\/\/noticiasbahia360.com.br\/wp-content\/uploads\/2025\/07\/Jeronimo-no-Reconcavo-290725-1024x684.jpg",640,428,true],"1536x1536":["https:\/\/noticiasbahia360.com.br\/wp-content\/uploads\/2025\/07\/Jeronimo-no-Reconcavo-290725.jpg",1200,801,false],"2048x2048":["https:\/\/noticiasbahia360.com.br\/wp-content\/uploads\/2025\/07\/Jeronimo-no-Reconcavo-290725.jpg",1200,801,false],"chromenews-featured":["https:\/\/noticiasbahia360.com.br\/wp-content\/uploads\/2025\/07\/Jeronimo-no-Reconcavo-290725-1024x684.jpg",1024,684,true],"chromenews-large":["https:\/\/noticiasbahia360.com.br\/wp-content\/uploads\/2025\/07\/Jeronimo-no-Reconcavo-290725-825x575.jpg",825,575,true],"chromenews-medium":["https:\/\/noticiasbahia360.com.br\/wp-content\/uploads\/2025\/07\/Jeronimo-no-Reconcavo-290725-590x410.jpg",590,410,true]},"author_info":{"display_name":"noticiasbahia360.com.br","author_link":"https:\/\/noticiasbahia360.com.br\/?author=1"},"category_info":"<a href=\"https:\/\/noticiasbahia360.com.br\/?cat=8\" rel=\"category\">Bahia<\/a> <a href=\"https:\/\/noticiasbahia360.com.br\/?cat=9\" rel=\"category\">Brasil<\/a> <a href=\"https:\/\/noticiasbahia360.com.br\/?cat=6\" rel=\"category\">Feira de Santana<\/a> <a href=\"https:\/\/noticiasbahia360.com.br\/?cat=57\" rel=\"category\">Mundo<\/a> <a href=\"https:\/\/noticiasbahia360.com.br\/?cat=56\" rel=\"category\">Pol\u00edcia<\/a> <a href=\"https:\/\/noticiasbahia360.com.br\/?cat=10\" rel=\"category\">Pol\u00edtica<\/a>","tag_info":"Pol\u00edtica","comment_count":"0","_links":{"self":[{"href":"https:\/\/noticiasbahia360.com.br\/index.php?rest_route=\/wp\/v2\/posts\/95053","targetHints":{"allow":["GET"]}}],"collection":[{"href":"https:\/\/noticiasbahia360.com.br\/index.php?rest_route=\/wp\/v2\/posts"}],"about":[{"href":"https:\/\/noticiasbahia360.com.br\/index.php?rest_route=\/wp\/v2\/types\/post"}],"author":[{"embeddable":true,"href":"https:\/\/noticiasbahia360.com.br\/index.php?rest_route=\/wp\/v2\/users\/1"}],"replies":[{"embeddable":true,"href":"https:\/\/noticiasbahia360.com.br\/index.php?rest_route=%2Fwp%2Fv2%2Fcomments&post=95053"}],"version-history":[{"count":0,"href":"https:\/\/noticiasbahia360.com.br\/index.php?rest_route=\/wp\/v2\/posts\/95053\/revisions"}],"wp:featuredmedia":[{"embeddable":true,"href":"https:\/\/noticiasbahia360.com.br\/index.php?rest_route=\/wp\/v2\/media\/95054"}],"wp:attachment":[{"href":"https:\/\/noticiasbahia360.com.br\/index.php?rest_route=%2Fwp%2Fv2%2Fmedia&parent=95053"}],"wp:term":[{"taxonomy":"category","embeddable":true,"href":"https:\/\/noticiasbahia360.com.br\/index.php?rest_route=%2Fwp%2Fv2%2Fcategories&post=95053"},{"taxonomy":"post_tag","embeddable":true,"href":"https:\/\/noticiasbahia360.com.br\/index.php?rest_route=%2Fwp%2Fv2%2Ftags&post=95053"}],"curies":[{"name":"wp","href":"https:\/\/api.w.org\/{rel}","templated":true}]}}