{"id":95055,"date":"2025-07-29T15:29:49","date_gmt":"2025-07-29T18:29:49","guid":{"rendered":"https:\/\/noticiasbahia360.com.br\/?p=95055"},"modified":"2025-07-29T15:29:49","modified_gmt":"2025-07-29T18:29:49","slug":"artistas-de-feira-de-santana-relembram-ultimos-momentos-com-carlos-bojo","status":"publish","type":"post","link":"https:\/\/noticiasbahia360.com.br\/?p=95055","title":{"rendered":"Artistas de Feira de Santana relembram \u00faltimos momentos com Carlos Boj\u00f4"},"content":{"rendered":"<div>\n<div>\n<figure><img decoding=\"async\" src=\"http:\/\/noticiasbahia360.com.br\/wp-content\/uploads\/2025\/07\/Paulo-Binda-e-Carlos-Bojo.jpg\" alt=\"Corlos Boj\u00f4 e Paulo Bind\u00e1\"><figcaption>Corlos Boj\u00f4 e Paulo Bind\u00e1 | Foto: arquivo pessoal<\/figcaption><\/figure>\n<\/div>\n<p>Ap\u00f3s o falecimento de Carlos Boj\u00f4, t\u00e9cnico de som do cantor Netto Brito, em um <a href=\"https:\/\/www.acordacidade.com.br\/bahia\/tecnico-de-som-da-banda-de-netto-brito-e-outras-duas-pessoas-morrem-em-grave-acidente-em-santo-antonio-de-jesus\/\">grave acidente<\/a> entre um carro de passeio e o \u00f4nibus da banda do artista, no \u00faltimo domingo (27), amigos, familiares e colegas de trabalho como Paulo Bind\u00e1 e Nen\u00e9m do Acordeon, prestaram suas homenagens durante o <a href=\"https:\/\/www.acordacidade.com.br\/feira-de-santana\/carlos-bojo-e-sepultado-em-feira-de-santana-sob-homenagens-de-familiares-amigos-e-artistas\/\">sepultamento<\/a> que aconteceu no Cemit\u00e9rio Jardim Celestial, em Feira de Santana, nesta ter\u00e7a-feira (29).<\/p>\n<p>Em depoimento ao Acorda Cidade, o cantor feirense <a href=\"https:\/\/www.acordacidade.com.br\/tag\/paulo-binda\/\">Paulo Bind\u00e1<\/a> relata que conviveu por muito anos com Carlos Boj\u00f4, desde a \u00e9poca de Luiz do Boj\u00f4, parceiro de trabalho do qual herdou o nome. \u201cFizemos v\u00e1rios trabalhos juntos, por exemplo, os festivais Vozes da Terra, Festival Gospel, trabalhou comigo. E recentemente, agora, com o Netto Brito, ele sempre ia l\u00e1 no est\u00fadio\u201d, contou.<\/p>\n<p>A \u00faltima vez que o cantor esteve com Boj\u00f4 foi no munic\u00edpio de S\u00e3o Gon\u00e7alo dos Campos. Bind\u00e1 compartilhou um momento em que ligou para o amigo informando um problema com a mesa de som. \u201cEle disse \u2018vou passar a\u00ed agora! Tem um amigo meu que resolve isso para voc\u00ea\u2019. Estou contando essa passagem para voc\u00ea ver como ele era sol\u00edcito\u201d, completou o artista.<\/p>\n<p>Segundo Bind\u00e1, Boj\u00f4 foi um exemplo de homem trabalhador e dedicado. \u201cForam muitos momentos bons. N\u00e3o conseguiria falar tantas coisas que eu vivi com o Carlos\u201d, afirmou.<\/p>\n<p>O cantor e instrumentalista, Nen\u00e9m do Acordeon, expressou o grande carinho e admira\u00e7\u00e3o pelo amigo, que conheceu h\u00e1 mais de vinte anos. \u201cBoj\u00f4 era como se fosse seu irm\u00e3o, sabe? Que n\u00e3o \u00e9 seu irm\u00e3o do sangue, mas \u00e9 seu irm\u00e3o[\u2026] Vai ficar uma lacuna que no meio do som. S\u00e3o poucas pessoas com um cora\u00e7\u00e3o t\u00e3o grande quanto o de Carlos\u201d, contou em entrevista ao Acorda Cidade.<\/p>\n<p><em>Com informa\u00e7\u00f5es da jornalista Iasmim Santos do Acorda Cidade<\/em><\/p>\n<p><em>Reportagem escrita pela estagi\u00e1ria de jornalismo Beatriz Rosado sob supervis\u00e3o\u00a0do jornalista Gabriel Gon\u00e7alves<\/em><\/p>\n<p><strong>Leia tamb\u00e9m:<\/strong><\/p>\n<p><a href=\"https:\/\/www.acordacidade.com.br\/feira-de-santana\/carlos-bojo-e-sepultado-em-feira-de-santana-sob-homenagens-de-familiares-amigos-e-artistas\/\">Carlos Boj\u00f4 \u00e9 sepultado em Feira de Santana sob homenagens de familiares, amigos e artistas<\/a><\/p>\n<p><a href=\"https:\/\/www.acordacidade.com.br\/bahia\/onibus-da-banda-do-cantor-netto-britto-e-retirado-da-pista-apos-acidente-com-3-mortes\/\">\u00d4nibus da banda do cantor Netto Brito \u00e9 retirado da pista ap\u00f3s acidente com 3 mortes<\/a><\/p>\n<p><a href=\"https:\/\/www.acordacidade.com.br\/bahia\/tecnico-de-som-da-banda-de-netto-brito-e-outras-duas-pessoas-morrem-em-grave-acidente-em-santo-antonio-de-jesus\/\">T\u00e9cnico de som da banda de Netto Brito e outras 2 pessoas morrem em grave acidente em Santo Ant\u00f4nio de Jesus<\/a><\/p>\n<p><em>Siga o Acorda Cidade no<\/em><a href=\"https:\/\/news.google.com\/search?q=acorda%20cidade&amp;hl=pt-BR&amp;gl=BR&amp;ceid=BR%3Apt-419\"><strong><em>\u00a0Google Not\u00edcias<\/em><\/strong><\/a><em>\u00a0e receba os principais destaques do dia. Participe tamb\u00e9m dos nossos canais no\u00a0<\/em><a href=\"https:\/\/www.whatsapp.com\/channel\/0029Va6Rb4v3WHTNnsh8WI3N\"><strong><em>WhatsApp<\/em><\/strong><\/a><em>\u00a0e\u00a0<\/em><a href=\"https:\/\/www.youtube.com\/@acordacidadenoticias\/videos\"><strong>YouTube<\/strong><\/a><em>\u00a0e grupo de\u00a0<\/em><a href=\"https:\/\/t.me\/+sSz0khrgARA0ZmRh\"><strong><em>Telegram<\/em><\/strong><\/a><em>.<\/em><\/p>\n<\/div>\n","protected":false},"excerpt":{"rendered":"<div>\n<div>\n<figure><img decoding=\"async\" src=\"https:\/\/uploads.acordacidade.com.br\/2025\/07\/Paulo-Binda-e-Carlos-Bojo.jpg\" alt=\"Corlos Boj\u00f4 e Paulo Bind\u00e1\"><figcaption>Corlos Boj\u00f4 e Paulo Bind\u00e1 | Foto: arquivo pessoal<\/figcaption><\/figure>\n<\/div>\n<p>Amigos e familiares prestaram suas homenagens durante o sepultamento que aconteceu em Feira de Santana, nesta ter\u00e7a-feira (29).<\/p><\/div>\n","protected":false},"author":1,"featured_media":95056,"comment_status":"closed","ping_status":"closed","sticky":false,"template":"","format":"gallery","meta":{"footnotes":""},"categories":[8,9,6,57,56,10],"tags":[],"class_list":["post-95055","post","type-post","status-publish","format-gallery","has-post-thumbnail","hentry","category-bahia","category-brasil","category-feira-de-santana","category-mundo","category-policia","category-politica","post_format-post-format-gallery"],"featured_image_urls":{"full":["https:\/\/noticiasbahia360.com.br\/wp-content\/uploads\/2025\/07\/Paulo-Binda-e-Carlos-Bojo.jpg",1200,912,false],"thumbnail":["https:\/\/noticiasbahia360.com.br\/wp-content\/uploads\/2025\/07\/Paulo-Binda-e-Carlos-Bojo-150x150.jpg",150,150,true],"medium":["https:\/\/noticiasbahia360.com.br\/wp-content\/uploads\/2025\/07\/Paulo-Binda-e-Carlos-Bojo-300x228.jpg",300,228,true],"medium_large":["https:\/\/noticiasbahia360.com.br\/wp-content\/uploads\/2025\/07\/Paulo-Binda-e-Carlos-Bojo-768x584.jpg",640,487,true],"large":["https:\/\/noticiasbahia360.com.br\/wp-content\/uploads\/2025\/07\/Paulo-Binda-e-Carlos-Bojo-1024x778.jpg",640,486,true],"1536x1536":["https:\/\/noticiasbahia360.com.br\/wp-content\/uploads\/2025\/07\/Paulo-Binda-e-Carlos-Bojo.jpg",1200,912,false],"2048x2048":["https:\/\/noticiasbahia360.com.br\/wp-content\/uploads\/2025\/07\/Paulo-Binda-e-Carlos-Bojo.jpg",1200,912,false],"chromenews-featured":["https:\/\/noticiasbahia360.com.br\/wp-content\/uploads\/2025\/07\/Paulo-Binda-e-Carlos-Bojo-1024x778.jpg",1024,778,true],"chromenews-large":["https:\/\/noticiasbahia360.com.br\/wp-content\/uploads\/2025\/07\/Paulo-Binda-e-Carlos-Bojo-825x575.jpg",825,575,true],"chromenews-medium":["https:\/\/noticiasbahia360.com.br\/wp-content\/uploads\/2025\/07\/Paulo-Binda-e-Carlos-Bojo-590x410.jpg",590,410,true]},"author_info":{"display_name":"noticiasbahia360.com.br","author_link":"https:\/\/noticiasbahia360.com.br\/?author=1"},"category_info":"<a href=\"https:\/\/noticiasbahia360.com.br\/?cat=8\" rel=\"category\">Bahia<\/a> <a href=\"https:\/\/noticiasbahia360.com.br\/?cat=9\" rel=\"category\">Brasil<\/a> <a href=\"https:\/\/noticiasbahia360.com.br\/?cat=6\" rel=\"category\">Feira de Santana<\/a> <a href=\"https:\/\/noticiasbahia360.com.br\/?cat=57\" rel=\"category\">Mundo<\/a> <a href=\"https:\/\/noticiasbahia360.com.br\/?cat=56\" rel=\"category\">Pol\u00edcia<\/a> <a href=\"https:\/\/noticiasbahia360.com.br\/?cat=10\" rel=\"category\">Pol\u00edtica<\/a>","tag_info":"Pol\u00edtica","comment_count":"0","_links":{"self":[{"href":"https:\/\/noticiasbahia360.com.br\/index.php?rest_route=\/wp\/v2\/posts\/95055","targetHints":{"allow":["GET"]}}],"collection":[{"href":"https:\/\/noticiasbahia360.com.br\/index.php?rest_route=\/wp\/v2\/posts"}],"about":[{"href":"https:\/\/noticiasbahia360.com.br\/index.php?rest_route=\/wp\/v2\/types\/post"}],"author":[{"embeddable":true,"href":"https:\/\/noticiasbahia360.com.br\/index.php?rest_route=\/wp\/v2\/users\/1"}],"replies":[{"embeddable":true,"href":"https:\/\/noticiasbahia360.com.br\/index.php?rest_route=%2Fwp%2Fv2%2Fcomments&post=95055"}],"version-history":[{"count":0,"href":"https:\/\/noticiasbahia360.com.br\/index.php?rest_route=\/wp\/v2\/posts\/95055\/revisions"}],"wp:featuredmedia":[{"embeddable":true,"href":"https:\/\/noticiasbahia360.com.br\/index.php?rest_route=\/wp\/v2\/media\/95056"}],"wp:attachment":[{"href":"https:\/\/noticiasbahia360.com.br\/index.php?rest_route=%2Fwp%2Fv2%2Fmedia&parent=95055"}],"wp:term":[{"taxonomy":"category","embeddable":true,"href":"https:\/\/noticiasbahia360.com.br\/index.php?rest_route=%2Fwp%2Fv2%2Fcategories&post=95055"},{"taxonomy":"post_tag","embeddable":true,"href":"https:\/\/noticiasbahia360.com.br\/index.php?rest_route=%2Fwp%2Fv2%2Ftags&post=95055"}],"curies":[{"name":"wp","href":"https:\/\/api.w.org\/{rel}","templated":true}]}}