{"id":95057,"date":"2025-07-29T15:34:17","date_gmt":"2025-07-29T18:34:17","guid":{"rendered":"https:\/\/noticiasbahia360.com.br\/?p=95057"},"modified":"2025-07-29T15:34:17","modified_gmt":"2025-07-29T18:34:17","slug":"oab-feira-atraves-da-comissao-da-mulher-realiza-acao-de-conscientizacao-em-sao-goncalo-dos-campos","status":"publish","type":"post","link":"https:\/\/noticiasbahia360.com.br\/?p=95057","title":{"rendered":"OAB Feira, atrav\u00e9s da Comiss\u00e3o da Mulher, realiza a\u00e7\u00e3o de conscientiza\u00e7\u00e3o em S\u00e3o Gon\u00e7alo dos Campos"},"content":{"rendered":"<div>\n<div>\n<figure><img decoding=\"async\" src=\"http:\/\/noticiasbahia360.com.br\/wp-content\/uploads\/2025\/07\/Mulheres-290725.jpg\" alt=\"Mulheres\"><figcaption>Foto: Divulga\u00e7\u00e3o<\/figcaption><\/figure>\n<\/div>\n<p>No \u00faltimo fim de semana, nos dias 26 e 27 (s\u00e1bado e domingo), e tamb\u00e9m na segunda-feira (28), durante o Cidade Jardim Festival, que aconteceu no munic\u00edpio de S\u00e3o Gon\u00e7alo dos Campos, a OAB Subse\u00e7\u00e3o Feira de Santana, atrav\u00e9s da Comiss\u00e3o em Defesa dos Direitos das Mulheres, realizou a\u00e7\u00f5es diversas, durante os tr\u00eas dias, em conjunto com a Ronda Maria da Penha, a ONG \u201cEu Sou Todas as Mulheres\u201d, a Pol\u00edcia Civil e a 67\u00b0 CIPM. Esses \u00f3rg\u00e3os envolvidos tinham o mesmo intuito: alertar e conscientizar todos os presentes no evento do munic\u00edpio pr\u00f3ximo a Feira de Santana sobre a import\u00e2ncia do combate \u00e0 viol\u00eancia contra as meninas e as mulheres e o respeito devido a elas.<\/p>\n<p>\u201cEstivemos, durante os dias do festival, conversando com as pessoas, entregando material educativo, informando contatos necess\u00e1rios e buscando agir de forma que a festa ocorresse com seguran\u00e7a e muito respeito para todas as meninas e mulheres\u201d, declara Esmeralda Halana, presidente da comiss\u00e3o.<\/p>\n<p>Ainda, a presidente da OAB Subse\u00e7\u00e3o Feira de Santana, Lorena Peixoto, frisa que a OAB Feira, ao participar de um evento como este, \u201cratifica a fun\u00e7\u00e3o social da OAB em promover a\u00e7\u00f5es de sensibilidade e de combate a todo e qualquer tipo de viol\u00eancia, especialmente contra meninas e mulheres\u201d.<\/p>\n<p>Essa n\u00e3o foi a primeira vez que a Comiss\u00e3o em Defesa dos Direitos das Mulheres da OAB Feira participou do evento. As integrantes tamb\u00e9m realizaram a a\u00e7\u00e3o no ano passado. Vale ressaltar que nesta segunda (28), S\u00e3o Gon\u00e7alo comemorou 141 anos de emancipa\u00e7\u00e3o. Mais informa\u00e7\u00f5es no Instagram @oabmulherfsa.<\/p>\n<p><em>Siga o Acorda Cidade no<\/em><a href=\"https:\/\/news.google.com\/search?q=acorda%20cidade&amp;hl=pt-BR&amp;gl=BR&amp;ceid=BR%3Apt-419\"><strong><em>\u00a0Google Not\u00edcias<\/em><\/strong><\/a><em>\u00a0e receba os principais destaques do dia. Participe tamb\u00e9m dos nossos canais no\u00a0<\/em><a href=\"https:\/\/www.whatsapp.com\/channel\/0029Va6Rb4v3WHTNnsh8WI3N\"><strong><em>WhatsApp<\/em><\/strong><\/a><em>\u00a0e\u00a0<\/em><a href=\"https:\/\/www.youtube.com\/@acordacidadenoticias\/videos\"><strong>Youtube<\/strong><\/a><em>\u00a0e grupo de\u00a0<\/em><a href=\"https:\/\/t.me\/+sSz0khrgARA0ZmRh\"><strong><em>Telegram<\/em><\/strong><\/a><em>.<\/em><\/p>\n<\/p>\n<\/div>\n","protected":false},"excerpt":{"rendered":"<div>\n<div>\n<figure><img decoding=\"async\" src=\"https:\/\/uploads.acordacidade.com.br\/2025\/07\/Mulheres-290725.jpg\" alt=\"Mulheres\"><figcaption>Foto: Divulga\u00e7\u00e3o<\/figcaption><\/figure>\n<\/div>\n<p>Os \u00f3rg\u00e3os envolvidos tinham o intuito de  alertar e conscientizar sobre a import\u00e2ncia do combate \u00e0 viol\u00eancia as mulheres<\/p><\/div>\n","protected":false},"author":1,"featured_media":95058,"comment_status":"closed","ping_status":"closed","sticky":false,"template":"","format":"gallery","meta":{"footnotes":""},"categories":[8,9,6,57,56,10],"tags":[],"class_list":["post-95057","post","type-post","status-publish","format-gallery","has-post-thumbnail","hentry","category-bahia","category-brasil","category-feira-de-santana","category-mundo","category-policia","category-politica","post_format-post-format-gallery"],"featured_image_urls":{"full":["https:\/\/noticiasbahia360.com.br\/wp-content\/uploads\/2025\/07\/Mulheres-290725.jpg",1200,857,false],"thumbnail":["https:\/\/noticiasbahia360.com.br\/wp-content\/uploads\/2025\/07\/Mulheres-290725-150x150.jpg",150,150,true],"medium":["https:\/\/noticiasbahia360.com.br\/wp-content\/uploads\/2025\/07\/Mulheres-290725-300x214.jpg",300,214,true],"medium_large":["https:\/\/noticiasbahia360.com.br\/wp-content\/uploads\/2025\/07\/Mulheres-290725-768x548.jpg",640,457,true],"large":["https:\/\/noticiasbahia360.com.br\/wp-content\/uploads\/2025\/07\/Mulheres-290725-1024x731.jpg",640,457,true],"1536x1536":["https:\/\/noticiasbahia360.com.br\/wp-content\/uploads\/2025\/07\/Mulheres-290725.jpg",1200,857,false],"2048x2048":["https:\/\/noticiasbahia360.com.br\/wp-content\/uploads\/2025\/07\/Mulheres-290725.jpg",1200,857,false],"chromenews-featured":["https:\/\/noticiasbahia360.com.br\/wp-content\/uploads\/2025\/07\/Mulheres-290725-1024x731.jpg",1024,731,true],"chromenews-large":["https:\/\/noticiasbahia360.com.br\/wp-content\/uploads\/2025\/07\/Mulheres-290725-825x575.jpg",825,575,true],"chromenews-medium":["https:\/\/noticiasbahia360.com.br\/wp-content\/uploads\/2025\/07\/Mulheres-290725-590x410.jpg",590,410,true]},"author_info":{"display_name":"noticiasbahia360.com.br","author_link":"https:\/\/noticiasbahia360.com.br\/?author=1"},"category_info":"<a href=\"https:\/\/noticiasbahia360.com.br\/?cat=8\" rel=\"category\">Bahia<\/a> <a href=\"https:\/\/noticiasbahia360.com.br\/?cat=9\" rel=\"category\">Brasil<\/a> <a href=\"https:\/\/noticiasbahia360.com.br\/?cat=6\" rel=\"category\">Feira de Santana<\/a> <a href=\"https:\/\/noticiasbahia360.com.br\/?cat=57\" rel=\"category\">Mundo<\/a> <a href=\"https:\/\/noticiasbahia360.com.br\/?cat=56\" rel=\"category\">Pol\u00edcia<\/a> <a href=\"https:\/\/noticiasbahia360.com.br\/?cat=10\" rel=\"category\">Pol\u00edtica<\/a>","tag_info":"Pol\u00edtica","comment_count":"0","_links":{"self":[{"href":"https:\/\/noticiasbahia360.com.br\/index.php?rest_route=\/wp\/v2\/posts\/95057","targetHints":{"allow":["GET"]}}],"collection":[{"href":"https:\/\/noticiasbahia360.com.br\/index.php?rest_route=\/wp\/v2\/posts"}],"about":[{"href":"https:\/\/noticiasbahia360.com.br\/index.php?rest_route=\/wp\/v2\/types\/post"}],"author":[{"embeddable":true,"href":"https:\/\/noticiasbahia360.com.br\/index.php?rest_route=\/wp\/v2\/users\/1"}],"replies":[{"embeddable":true,"href":"https:\/\/noticiasbahia360.com.br\/index.php?rest_route=%2Fwp%2Fv2%2Fcomments&post=95057"}],"version-history":[{"count":0,"href":"https:\/\/noticiasbahia360.com.br\/index.php?rest_route=\/wp\/v2\/posts\/95057\/revisions"}],"wp:featuredmedia":[{"embeddable":true,"href":"https:\/\/noticiasbahia360.com.br\/index.php?rest_route=\/wp\/v2\/media\/95058"}],"wp:attachment":[{"href":"https:\/\/noticiasbahia360.com.br\/index.php?rest_route=%2Fwp%2Fv2%2Fmedia&parent=95057"}],"wp:term":[{"taxonomy":"category","embeddable":true,"href":"https:\/\/noticiasbahia360.com.br\/index.php?rest_route=%2Fwp%2Fv2%2Fcategories&post=95057"},{"taxonomy":"post_tag","embeddable":true,"href":"https:\/\/noticiasbahia360.com.br\/index.php?rest_route=%2Fwp%2Fv2%2Ftags&post=95057"}],"curies":[{"name":"wp","href":"https:\/\/api.w.org\/{rel}","templated":true}]}} 