{"id":95059,"date":"2025-07-29T15:46:08","date_gmt":"2025-07-29T18:46:08","guid":{"rendered":"https:\/\/noticiasbahia360.com.br\/?p=95059"},"modified":"2025-07-29T15:46:08","modified_gmt":"2025-07-29T18:46:08","slug":"projeto-do-arquivo-publico-da-bahia-usa-ia-para-reconstruir-rostos-de-pessoas-escravizadas-e-libertas","status":"publish","type":"post","link":"https:\/\/noticiasbahia360.com.br\/?p=95059","title":{"rendered":"Projeto do Arquivo P\u00fablico da Bahia usa IA para reconstruir rostos de pessoas escravizadas e libertas"},"content":{"rendered":"<div>\n<div>\n<figure><img decoding=\"async\" src=\"http:\/\/noticiasbahia360.com.br\/wp-content\/uploads\/2025\/07\/Arquivo-Publico-Bahia-290725.jpg\" alt=\"Arquivo Publico Bahia\"><figcaption>Foto: Divulga\u00e7\u00e3o \/ FPC<\/figcaption><\/figure>\n<\/div>\n<p>O Arquivo P\u00fablico do Estado da <a href=\"https:\/\/www.acordacidade.com.br\/bahia\/\">Bahia<\/a> (APEB), equipamento da Funda\u00e7\u00e3o Pedro Calmon (FPC\/SecultBA), segunda institui\u00e7\u00e3o arquiv\u00edstica mais importante do pa\u00eds \u2014 superada apenas pelo Arquivo Nacional \u2014, anuncia o lan\u00e7amento do Projeto Fragmentos de Mem\u00f3ria, integrado ao programa Resgate Ancestral. Sob a condu\u00e7\u00e3o do Diretor do APEB, Jorge X e a ger\u00eancia de Adalton Silva, respons\u00e1vel pela Coordena\u00e7\u00e3o de Preserva\u00e7\u00e3o, a iniciativa prop\u00f5e humanizar os registros de pessoas escravizadas na Bahia Colonial e Imperiais, transformando descri\u00e7\u00f5es burocr\u00e1ticas em retratos p\u00f3stumos carregados de dignidade.<\/p>\n<p>O trabalho combina tr\u00eas etapas principais. Primeiro, procedemos \u00e0 digitaliza\u00e7\u00e3o de passaportes de pessoas escravizadas e libertas, cartas de alforria, livros de notas que registram a compra e venda de escravizados e invent\u00e1rios. Em seguida, realizamos a transcri\u00e7\u00e3o paleogr\u00e1fica para dar lastro \u00e0s descri\u00e7\u00f5es que ser\u00e3o levantadas e interpretadas.; em seguida, um levantamento iconogr\u00e1fico est\u00e1 sendo realizado, abrangendo desde os dados interpretados, pesquisas acad\u00eamicas e trabalhos visuais como o do Jean Baptiste Debret (1816\u20131831) e as fotografias de Marc\u202fFerrez (1882\u20131885), (al\u00e9m de gravuras, \u00e1lbuns de viajantes e acervos privados), tudo isso visando catalogar trajes, cen\u00e1rios, adere\u00e7os e marcadores vis\u00edveis. Por fim, a cria\u00e7\u00e3o de comandos (prompts) que integram dados documentais e visuais, alimentando modelos generativos que ser\u00e3o utilizados para a elabora\u00e7\u00e3o final dos retratos.<\/p>\n<p>A fim de garantir a qualidade de cada etapa, firmamos parcerias estrat\u00e9gicas com o ateli\u00ea Mem\u00f3ria\u202f&amp;\u202fArte, coordenado pela Dra. Vanilda Salignac de Sousa Mazzoni, que lidera a transcri\u00e7\u00e3o paleogr\u00e1fica dos documentos hist\u00f3ricos. Destaca-se, ainda, a valiosa colabora\u00e7\u00e3o de Geovane Gomes Co, conhecido como \u201cBombyeck\u201d, guineense de Guin\u00e9-Bissau, da linhagem Djagra do povo Pep\u00e9l, que habita a zona norte at\u00e9 o centro da capital Bissau. Formado em Letras e Literatura Brasileira, bacharel em Ci\u00eancias Interdisciplinares Humanas e licenciando em Ci\u00eancias Sociais pela UNILAB, \u201cBombyeck\u201d atua como coordenador do grupo de extens\u00e3o cultural de ritmos de dan\u00e7a e m\u00fasica africana \u201cKabaz Garandi\u201d e \u00e9 respons\u00e1vel pelo Departamento Cultural do F\u00f3rum dos Estudantes Guineenses em S\u00e3o Francisco do Conde. Sua contribui\u00e7\u00e3o tem sido essencial na interpreta\u00e7\u00e3o das heran\u00e7as culturais e visuais afroatl\u00e2nticas presentes no projeto.<\/p>\n<p>O projeto encontra-se atualmente na fase de coleta e organiza\u00e7\u00e3o de recursos e dados para serem interpretados: fotografias, gravuras e litografias est\u00e3o sendo restauradas e utilizadas como refer\u00eancia visual inicial para compor o \u201ccombust\u00edvel\u201d que alimentar\u00e1 a intelig\u00eancia artificial. As imagens geradas passar\u00e3o por restaura\u00e7\u00e3o digital. O projeto prev\u00ea parcerias colaborativas com o Arquivo Nacional e com o Arquivo P\u00fablico do estado de S\u00e3o Paulo.\u00a0<\/p>\n<p>Entre julho e setembro de 2025, ampliaremos o banco de refer\u00eancia visual e realizaremos as primeiras rodadas de gera\u00e7\u00e3o em maior escala. Em outubro, ocorrer\u00e3o sess\u00f5es de curadoria colaborativa e ajustes finos nos prompts. O lan\u00e7amento oficial do resultado de \u201cFragmentos de Mem\u00f3ria\u201d est\u00e1 previsto para ocorrer dentro das comemora\u00e7\u00f5es do Novembro Negro deste ano.<\/p>\n<p>\u201cEste projeto transforma documentos frios em rostos cheios de hist\u00f3rias. \u00c9 um ato de justi\u00e7a simb\u00f3lica\u201d, afirma o diretor do APEB, Jorge X.<\/p>\n<p><em>Siga o Acorda Cidade no<\/em><a href=\"https:\/\/news.google.com\/search?q=acorda%20cidade&amp;hl=pt-BR&amp;gl=BR&amp;ceid=BR%3Apt-419\"><strong><em>\u00a0Google Not\u00edcias<\/em><\/strong><\/a><em>\u00a0e receba os principais destaques do dia. Participe tamb\u00e9m dos nossos canais no\u00a0<\/em><a href=\"https:\/\/www.whatsapp.com\/channel\/0029Va6Rb4v3WHTNnsh8WI3N\"><strong><em>WhatsApp<\/em><\/strong><\/a><em>\u00a0e\u00a0<\/em><a href=\"https:\/\/www.youtube.com\/@acordacidadenoticias\/videos\"><strong>Youtube<\/strong><\/a><em>\u00a0e grupo de\u00a0<\/em><a href=\"https:\/\/t.me\/+sSz0khrgARA0ZmRh\"><strong><em>Telegram<\/em><\/strong><\/a><em>.<\/em><\/p>\n<\/div>\n","protected":false},"excerpt":{"rendered":"<div>\n<div>\n<figure><img decoding=\"async\" src=\"https:\/\/uploads.acordacidade.com.br\/2025\/07\/Arquivo-Publico-Bahia-290725.jpg\" alt=\"Arquivo Publico Bahia\"><figcaption>Foto: Divulga\u00e7\u00e3o \/ FPC<\/figcaption><\/figure>\n<\/div>\n<p>O projeto encontra-se atualmente na fase de coleta e organiza\u00e7\u00e3o de recursos e dados para serem interpretados<\/p><\/div>\n","protected":false},"author":1,"featured_media":95060,"comment_status":"closed","ping_status":"closed","sticky":false,"template":"","format":"gallery","meta":{"footnotes":""},"categories":[8,9,6,57,56,10],"tags":[],"class_list":["post-95059","post","type-post","status-publish","format-gallery","has-post-thumbnail","hentry","category-bahia","category-brasil","category-feira-de-santana","category-mundo","category-policia","category-politica","post_format-post-format-gallery"],"featured_image_urls":{"full":["https:\/\/noticiasbahia360.com.br\/wp-content\/uploads\/2025\/07\/Arquivo-Publico-Bahia-290725.jpg",1200,838,false],"thumbnail":["https:\/\/noticiasbahia360.com.br\/wp-content\/uploads\/2025\/07\/Arquivo-Publico-Bahia-290725-150x150.jpg",150,150,true],"medium":["https:\/\/noticiasbahia360.com.br\/wp-content\/uploads\/2025\/07\/Arquivo-Publico-Bahia-290725-300x210.jpg",300,210,true],"medium_large":["https:\/\/noticiasbahia360.com.br\/wp-content\/uploads\/2025\/07\/Arquivo-Publico-Bahia-290725-768x536.jpg",640,447,true],"large":["https:\/\/noticiasbahia360.com.br\/wp-content\/uploads\/2025\/07\/Arquivo-Publico-Bahia-290725-1024x715.jpg",640,447,true],"1536x1536":["https:\/\/noticiasbahia360.com.br\/wp-content\/uploads\/2025\/07\/Arquivo-Publico-Bahia-290725.jpg",1200,838,false],"2048x2048":["https:\/\/noticiasbahia360.com.br\/wp-content\/uploads\/2025\/07\/Arquivo-Publico-Bahia-290725.jpg",1200,838,false],"chromenews-featured":["https:\/\/noticiasbahia360.com.br\/wp-content\/uploads\/2025\/07\/Arquivo-Publico-Bahia-290725-1024x715.jpg",1024,715,true],"chromenews-large":["https:\/\/noticiasbahia360.com.br\/wp-content\/uploads\/2025\/07\/Arquivo-Publico-Bahia-290725-825x575.jpg",825,575,true],"chromenews-medium":["https:\/\/noticiasbahia360.com.br\/wp-content\/uploads\/2025\/07\/Arquivo-Publico-Bahia-290725-590x410.jpg",590,410,true]},"author_info":{"display_name":"noticiasbahia360.com.br","author_link":"https:\/\/noticiasbahia360.com.br\/?author=1"},"category_info":"<a href=\"https:\/\/noticiasbahia360.com.br\/?cat=8\" rel=\"category\">Bahia<\/a> <a href=\"https:\/\/noticiasbahia360.com.br\/?cat=9\" rel=\"category\">Brasil<\/a> <a href=\"https:\/\/noticiasbahia360.com.br\/?cat=6\" rel=\"category\">Feira de Santana<\/a> <a href=\"https:\/\/noticiasbahia360.com.br\/?cat=57\" rel=\"category\">Mundo<\/a> <a href=\"https:\/\/noticiasbahia360.com.br\/?cat=56\" rel=\"category\">Pol\u00edcia<\/a> <a href=\"https:\/\/noticiasbahia360.com.br\/?cat=10\" rel=\"category\">Pol\u00edtica<\/a>","tag_info":"Pol\u00edtica","comment_count":"0","_links":{"self":[{"href":"https:\/\/noticiasbahia360.com.br\/index.php?rest_route=\/wp\/v2\/posts\/95059","targetHints":{"allow":["GET"]}}],"collection":[{"href":"https:\/\/noticiasbahia360.com.br\/index.php?rest_route=\/wp\/v2\/posts"}],"about":[{"href":"https:\/\/noticiasbahia360.com.br\/index.php?rest_route=\/wp\/v2\/types\/post"}],"author":[{"embeddable":true,"href":"https:\/\/noticiasbahia360.com.br\/index.php?rest_route=\/wp\/v2\/users\/1"}],"replies":[{"embeddable":true,"href":"https:\/\/noticiasbahia360.com.br\/index.php?rest_route=%2Fwp%2Fv2%2Fcomments&post=95059"}],"version-history":[{"count":0,"href":"https:\/\/noticiasbahia360.com.br\/index.php?rest_route=\/wp\/v2\/posts\/95059\/revisions"}],"wp:featuredmedia":[{"embeddable":true,"href":"https:\/\/noticiasbahia360.com.br\/index.php?rest_route=\/wp\/v2\/media\/95060"}],"wp:attachment":[{"href":"https:\/\/noticiasbahia360.com.br\/index.php?rest_route=%2Fwp%2Fv2%2Fmedia&parent=95059"}],"wp:term":[{"taxonomy":"category","embeddable":true,"href":"https:\/\/noticiasbahia360.com.br\/index.php?rest_route=%2Fwp%2Fv2%2Fcategories&post=95059"},{"taxonomy":"post_tag","embeddable":true,"href":"https:\/\/noticiasbahia360.com.br\/index.php?rest_route=%2Fwp%2Fv2%2Ftags&post=95059"}],"curies":[{"name":"wp","href":"https:\/\/api.w.org\/{rel}","templated":true}]}}