{"id":95065,"date":"2025-07-29T16:08:55","date_gmt":"2025-07-29T19:08:55","guid":{"rendered":"https:\/\/noticiasbahia360.com.br\/?p=95065"},"modified":"2025-07-29T16:08:55","modified_gmt":"2025-07-29T19:08:55","slug":"governo-avalia-cortar-aulas-praticas-obrigatorias-em-autoescolas-para-obter-cnh-detrans-sao-contra","status":"publish","type":"post","link":"https:\/\/noticiasbahia360.com.br\/?p=95065","title":{"rendered":"Governo avalia cortar aulas pr\u00e1ticas obrigat\u00f3rias em autoescolas para obter CNH; Detrans s\u00e3o contra"},"content":{"rendered":"<div>\n<div>\n<figure><img decoding=\"async\" src=\"http:\/\/noticiasbahia360.com.br\/wp-content\/uploads\/2025\/07\/autoescola-foto-Lia-de-PaulaAgencia-Senado-cnh-habilitacao.jpg\" alt=\"autoescola\"><figcaption>Foto Lia de Paula\/Ag\u00eancia Senado<\/figcaption><\/figure>\n<\/div>\n<p>O governo federal est\u00e1 analisando uma medida que pode mudar radicalmente o processo de obten\u00e7\u00e3o da Carteira Nacional de Habilita\u00e7\u00e3o (CNH). A proposta em estudo prev\u00ea o fim da obrigatoriedade das aulas de dire\u00e7\u00e3o em autoescolas, permitindo que candidatos realizem diretamente o exame pr\u00e1tico do Detran. O objetivo, segundo o governo, \u00e9 reduzir os custos para emiss\u00e3o da habilita\u00e7\u00e3o e facilitar o acesso ao documento.<\/p>\n<p><strong>\u201cO Brasil \u00e9 um dos poucos pa\u00edses no mundo que obriga o sujeito a fazer um n\u00famero de horas-aula para fazer uma prova. A autoescola vai permanecer, mas, ao inv\u00e9s de ser obrigat\u00f3ria, ela pode ser facultativa\u201d, disse o ministro dos Transportes, Renan Filho, em entrevista ao jornal Folha de S. Paulo. <\/strong><\/p>\n<p>Segundo o ministro, a mudan\u00e7a n\u00e3o precisa do aval do Congresso para entrar em vigor, mas apenas de um ato executivo, como um decreto, por exemplo.<\/p>\n<p>Ao tomar conhecimento da iniciativa, a Associa\u00e7\u00e3o Nacional dos Detrans (AND) se manifestou contr\u00e1ria \u00e0 proposta. Em nota enviada nesta ter\u00e7a-feira (29), ao Acorda Cidade, a entidade destacou que acompanha de perto as discuss\u00f5es e que est\u00e1 articulando uma agenda com a Secretaria Nacional de Tr\u00e2nsito (Senatran) e com o Ministro dos Transportes, Renan Filho, para tratar do tema com a profundidade que ele exige.<\/p>\n<p><strong>\u201cO nosso principal foco nas tratativas \u00e9 a valoriza\u00e7\u00e3o da educa\u00e7\u00e3o para o tr\u00e2nsito\u201d, afirmou o presidente da AND, Givaldo Vieira. Para ele, em um pa\u00eds que ainda registra altos \u00edndices de condutores n\u00e3o habilitados, qualquer mudan\u00e7a deve preservar e refor\u00e7ar a qualidade da forma\u00e7\u00e3o dos motoristas.<\/strong><\/p>\n<p>A associa\u00e7\u00e3o tamb\u00e9m destacou que, <strong>embora reconhe\u00e7a a necessidade de tornar a CNH mais acess\u00edvel como pol\u00edtica social, isso n\u00e3o pode comprometer a excel\u00eancia do processo de aprendizagem. <\/strong><\/p>\n<p>\u201cA forma\u00e7\u00e3o de condutores deve priorizar a seguran\u00e7a vi\u00e1ria e contribuir efetivamente para a redu\u00e7\u00e3o dos \u00edndices de sinistros e mortes no tr\u00e2nsito. A educa\u00e7\u00e3o no tr\u00e2nsito salva vidas e deve ser tratada como prioridade absoluta em qualquer pol\u00edtica p\u00fablica relacionada \u00e0 mobilidade\u201d, refor\u00e7ou Vieira.<\/p>\n<p>A proposta ainda est\u00e1 em fase de avalia\u00e7\u00e3o e n\u00e3o h\u00e1 previs\u00e3o de quando ou se  ser\u00e1 implementada. <\/p>\n<h2 class=\"wp-block-heading\" id=\"h-leia-a-nota-da-and-na-integra-sobre-o-fim-da-obrigatoriedade-de-aulas-de-direcao-em-autoescola\">Leia a nota da AND na \u00edntegra sobre o fim da obrigatoriedade de aulas de dire\u00e7\u00e3o em autoescola:<\/h2>\n<p><em>Prezados(a),\u00a0<\/em><\/p>\n<p><em>A Associa\u00e7\u00e3o Nacional dos\u00a0Detrans\u00a0(AND) est\u00e1 acompanhando de perto as discuss\u00f5es relacionadas \u00e0s poss\u00edveis mudan\u00e7as no processo de forma\u00e7\u00e3o de condutores, j\u00e1 anunciadas publicamente. Em conjunto com os presidentes de todos os Departamentos Estaduais de Tr\u00e2nsito, estamos articulando uma agenda com a Secretaria Nacional de Tr\u00e2nsito (Senatran) e com o Ministro dos Transportes, Renan Filho, para tratar do tema com a seriedade e profundidade que ele exige.<\/em><\/p>\n<p><em>\u201cNosso principal foco nas tratativas \u00e9 a valoriza\u00e7\u00e3o da educa\u00e7\u00e3o para o tr\u00e2nsito. Em um pa\u00eds que ainda registra altos \u00edndices de condutores n\u00e3o habilitados, \u00e9 fundamental que qualquer mudan\u00e7a preserve e reforce a qualidade da forma\u00e7\u00e3o dos motoristas. Al\u00e9m disso, \u00e9 essencial que se busquem alternativas que tornem a obten\u00e7\u00e3o da Carteira Nacional de Habilita\u00e7\u00e3o (CNH) mais acess\u00edvel, considerando essa iniciativa como uma pol\u00edtica social relevante, desde que n\u00e3o se comprometa a excel\u00eancia no processo de aprendizagem.\u00a0<\/em><\/p>\n<p><em>Defendemos que a forma\u00e7\u00e3o de condutores deve priorizar a seguran\u00e7a vi\u00e1ria e contribuir efetivamente para a redu\u00e7\u00e3o dos \u00edndices de sinistros e mortes no tr\u00e2nsito. A educa\u00e7\u00e3o no tr\u00e2nsito salva vidas e deve ser tratada como prioridade absoluta em qualquer pol\u00edtica p\u00fablica relacionada \u00e0 mobilidade\u201d, refor\u00e7a Givaldo Vieira, Presidente da Associa\u00e7\u00e3o Nacional dos Detran.<\/em><\/p>\n<p><em>Atenciosamente.<\/em><\/p>\n<p><em>Associa\u00e7\u00e3o Nacional dos\u00a0Detrans<\/em><\/p>\n<p><em>Siga o Acorda Cidade no<\/em><a href=\"https:\/\/news.google.com\/search?q=acorda%20cidade&amp;hl=pt-BR&amp;gl=BR&amp;ceid=BR%3Apt-419\"><strong><em>\u00a0Google Not\u00edcias<\/em><\/strong><\/a><em>\u00a0e receba os principais destaques do dia. Participe tamb\u00e9m dos nossos canais no\u00a0<\/em><a href=\"https:\/\/www.whatsapp.com\/channel\/0029Va6Rb4v3WHTNnsh8WI3N\"><strong><em>WhatsApp<\/em><\/strong><\/a><em>\u00a0e\u00a0<\/em><a href=\"https:\/\/www.youtube.com\/@acordacidadenoticias\/videos\"><strong>YouTube<\/strong><\/a><em>\u00a0e grupo de\u00a0<\/em><a href=\"https:\/\/t.me\/+sSz0khrgARA0ZmRh\"><strong><em>Telegram<\/em><\/strong><\/a><em>.<\/em><\/p>\n<\/div>\n","protected":false},"excerpt":{"rendered":"<div>\n<div>\n<figure><img decoding=\"async\" src=\"https:\/\/uploads.acordacidade.com.br\/2025\/07\/autoescola-foto-Lia-de-PaulaAgencia-Senado-cnh-habilitacao.jpg\" alt=\"autoescola\"><figcaption>Foto Lia de Paula\/Ag\u00eancia Senado<\/figcaption><\/figure>\n<\/div>\n<p>Segundo o ministro do Transporte se a medida entrar em vigor, as aulas pr\u00e1ticas na autoescola ir\u00e3o permanecer, mas de forma facultativa.<\/p><\/div>\n","protected":false},"author":1,"featured_media":95066,"comment_status":"closed","ping_status":"closed","sticky":false,"template":"","format":"gallery","meta":{"footnotes":""},"categories":[8,9,6,57,56,10],"tags":[],"class_list":["post-95065","post","type-post","status-publish","format-gallery","has-post-thumbnail","hentry","category-bahia","category-brasil","category-feira-de-santana","category-mundo","category-policia","category-politica","post_format-post-format-gallery"],"featured_image_urls":{"full":["https:\/\/noticiasbahia360.com.br\/wp-content\/uploads\/2025\/07\/autoescola-foto-Lia-de-PaulaAgencia-Senado-cnh-habilitacao.jpg",1300,862,false],"thumbnail":["https:\/\/noticiasbahia360.com.br\/wp-content\/uploads\/2025\/07\/autoescola-foto-Lia-de-PaulaAgencia-Senado-cnh-habilitacao-150x150.jpg",150,150,true],"medium":["https:\/\/noticiasbahia360.com.br\/wp-content\/uploads\/2025\/07\/autoescola-foto-Lia-de-PaulaAgencia-Senado-cnh-habilitacao-300x199.jpg",300,199,true],"medium_large":["https:\/\/noticiasbahia360.com.br\/wp-content\/uploads\/2025\/07\/autoescola-foto-Lia-de-PaulaAgencia-Senado-cnh-habilitacao-768x509.jpg",640,424,true],"large":["https:\/\/noticiasbahia360.com.br\/wp-content\/uploads\/2025\/07\/autoescola-foto-Lia-de-PaulaAgencia-Senado-cnh-habilitacao-1024x679.jpg",640,424,true],"1536x1536":["https:\/\/noticiasbahia360.com.br\/wp-content\/uploads\/2025\/07\/autoescola-foto-Lia-de-PaulaAgencia-Senado-cnh-habilitacao.jpg",1300,862,false],"2048x2048":["https:\/\/noticiasbahia360.com.br\/wp-content\/uploads\/2025\/07\/autoescola-foto-Lia-de-PaulaAgencia-Senado-cnh-habilitacao.jpg",1300,862,false],"chromenews-featured":["https:\/\/noticiasbahia360.com.br\/wp-content\/uploads\/2025\/07\/autoescola-foto-Lia-de-PaulaAgencia-Senado-cnh-habilitacao-1024x679.jpg",1024,679,true],"chromenews-large":["https:\/\/noticiasbahia360.com.br\/wp-content\/uploads\/2025\/07\/autoescola-foto-Lia-de-PaulaAgencia-Senado-cnh-habilitacao-825x575.jpg",825,575,true],"chromenews-medium":["https:\/\/noticiasbahia360.com.br\/wp-content\/uploads\/2025\/07\/autoescola-foto-Lia-de-PaulaAgencia-Senado-cnh-habilitacao-590x410.jpg",590,410,true]},"author_info":{"display_name":"noticiasbahia360.com.br","author_link":"https:\/\/noticiasbahia360.com.br\/?author=1"},"category_info":"<a href=\"https:\/\/noticiasbahia360.com.br\/?cat=8\" rel=\"category\">Bahia<\/a> <a href=\"https:\/\/noticiasbahia360.com.br\/?cat=9\" rel=\"category\">Brasil<\/a> <a href=\"https:\/\/noticiasbahia360.com.br\/?cat=6\" rel=\"category\">Feira de Santana<\/a> <a href=\"https:\/\/noticiasbahia360.com.br\/?cat=57\" rel=\"category\">Mundo<\/a> <a href=\"https:\/\/noticiasbahia360.com.br\/?cat=56\" rel=\"category\">Pol\u00edcia<\/a> <a href=\"https:\/\/noticiasbahia360.com.br\/?cat=10\" rel=\"category\">Pol\u00edtica<\/a>","tag_info":"Pol\u00edtica","comment_count":"0","_links":{"self":[{"href":"https:\/\/noticiasbahia360.com.br\/index.php?rest_route=\/wp\/v2\/posts\/95065","targetHints":{"allow":["GET"]}}],"collection":[{"href":"https:\/\/noticiasbahia360.com.br\/index.php?rest_route=\/wp\/v2\/posts"}],"about":[{"href":"https:\/\/noticiasbahia360.com.br\/index.php?rest_route=\/wp\/v2\/types\/post"}],"author":[{"embeddable":true,"href":"https:\/\/noticiasbahia360.com.br\/index.php?rest_route=\/wp\/v2\/users\/1"}],"replies":[{"embeddable":true,"href":"https:\/\/noticiasbahia360.com.br\/index.php?rest_route=%2Fwp%2Fv2%2Fcomments&post=95065"}],"version-history":[{"count":0,"href":"https:\/\/noticiasbahia360.com.br\/index.php?rest_route=\/wp\/v2\/posts\/95065\/revisions"}],"wp:featuredmedia":[{"embeddable":true,"href":"https:\/\/noticiasbahia360.com.br\/index.php?rest_route=\/wp\/v2\/media\/95066"}],"wp:attachment":[{"href":"https:\/\/noticiasbahia360.com.br\/index.php?rest_route=%2Fwp%2Fv2%2Fmedia&parent=95065"}],"wp:term":[{"taxonomy":"category","embeddable":true,"href":"https:\/\/noticiasbahia360.com.br\/index.php?rest_route=%2Fwp%2Fv2%2Fcategories&post=95065"},{"taxonomy":"post_tag","embeddable":true,"href":"https:\/\/noticiasbahia360.com.br\/index.php?rest_route=%2Fwp%2Fv2%2Ftags&post=95065"}],"curies":[{"name":"wp","href":"https:\/\/api.w.org\/{rel}","templated":true}]}}