{"id":95067,"date":"2025-07-29T16:26:27","date_gmt":"2025-07-29T19:26:27","guid":{"rendered":"https:\/\/noticiasbahia360.com.br\/?p=95067"},"modified":"2025-07-29T16:26:27","modified_gmt":"2025-07-29T19:26:27","slug":"com-90-de-chance-de-cura-no-inicio-cancer-de-cabeca-e-pescoco-ainda-e-descoberto-em-estagio-avancado","status":"publish","type":"post","link":"https:\/\/noticiasbahia360.com.br\/?p=95067","title":{"rendered":"Com 90% de chance de cura no in\u00edcio, c\u00e2ncer de cabe\u00e7a e pesco\u00e7o ainda \u00e9 descoberto em est\u00e1gio avan\u00e7ado"},"content":{"rendered":"<div>\n<div>\n<figure><img decoding=\"async\" src=\"http:\/\/noticiasbahia360.com.br\/wp-content\/uploads\/2025\/07\/acao-preventiva-do-cancer-de-cabeca-e-pescoco-ft-ney-silva-acorda-cidade-1.webp\" alt=\"a\u00e7\u00e3o preventiva do c\u00e2ncer de cabe\u00e7a e pesco\u00e7o\"><figcaption>Foto: Ney Silva\/Acorda Cidade<\/figcaption><\/figure>\n<\/div>\n<p>A manh\u00e3 desta ter\u00e7a-feira (29) foi de preven\u00e7\u00e3o no centro de Feira de Santana. Para chamar aten\u00e7\u00e3o da popula\u00e7\u00e3o para a incid\u00eancia do c\u00e2ncer de cabe\u00e7a e pesco\u00e7o, profissionais de sa\u00fade se organizaram no Estacionamento da Prefeitura para levar informa\u00e7\u00e3o e servi\u00e7os essenciais para preven\u00e7\u00e3o da doen\u00e7a.<\/p>\n<p>A a\u00e7\u00e3o faz parte da <strong>Campanha Nacional Julho Verde<\/strong>, que tem o objetivo de conscientizar as pessoas sobre os riscos e sintomas, diagn\u00f3stico e preven\u00e7\u00e3o desse tipo de c\u00e2ncer. Segundo o <a href=\"https:\/\/www.gov.br\/inca\/pt-br\/canais-de-atendimento\/imprensa\/releases\/2025\/inca-divulga-pesquisa-inedita-sobre-o-panorama-do-cancer-de-cabeca-e-pescoco-no-brasil\" target=\"_blank\" rel=\"noreferrer noopener\">Instituto Nacional de C\u00e2ncer (INCA), cerca de 80% dos tumores de cabe\u00e7a e pesco\u00e7o s\u00e3o diagnosticados em est\u00e1gios avan\u00e7ados<\/a> \u2014 o que desfavorece os progn\u00f3sticos. Em sua maioria, os casos s\u00e3o tumores na hipofaringe, orofaringe, cavidade oral e laringe, por isso, \u00e9 importante se atentar aos pequenos sinais.<\/p>\n<p>O secret\u00e1rio de Sa\u00fade, Rodrigo Matos, destacou a import\u00e2ncia de mais um evento de sa\u00fade promovido pela SMS em parceria com a Santa Casa de Miseric\u00f3rdia. Na a\u00e7\u00e3o de hoje est\u00e3o sendo realizados triagem com m\u00e9dicos e fonoaudi\u00f3logos, exames de videolaringoscopia, al\u00e9m de orienta\u00e7\u00f5es para casos suspeitos.<\/p>\n<figure class=\"wp-block-image size-large\"><img fetchpriority=\"high\" fetchpriority=\"high\" decoding=\"async\" width=\"1145\" height=\"768\" src=\"http:\/\/noticiasbahia360.com.br\/wp-content\/uploads\/2025\/07\/acao-preventiva-do-cancer-de-cabeca-e-pescoco-ft-ney-silva-acorda-cidade-2-1145x768-1.webp\" alt=\"a\u00e7\u00e3o preventiva do c\u00e2ncer de cabe\u00e7a e pesco\u00e7o\" class=\"wp-image-577962\" srcset=\"https:\/\/uploads.acordacidade.com.br\/2025\/07\/acao-preventiva-do-cancer-de-cabeca-e-pescoco-ft-ney-silva-acorda-cidade-2-544x365.webp 544w, http:\/\/noticiasbahia360.com.br\/wp-content\/uploads\/2025\/07\/acao-preventiva-do-cancer-de-cabeca-e-pescoco-ft-ney-silva-acorda-cidade-2-1145x768-1.webp 1145w, https:\/\/uploads.acordacidade.com.br\/2025\/07\/acao-preventiva-do-cancer-de-cabeca-e-pescoco-ft-ney-silva-acorda-cidade-2-824x553.webp 824w, https:\/\/uploads.acordacidade.com.br\/2025\/07\/acao-preventiva-do-cancer-de-cabeca-e-pescoco-ft-ney-silva-acorda-cidade-2-150x101.webp 150w, https:\/\/uploads.acordacidade.com.br\/2025\/07\/acao-preventiva-do-cancer-de-cabeca-e-pescoco-ft-ney-silva-acorda-cidade-2.webp 1200w\" sizes=\"(max-width: 1145px) 100vw, 1145px\"><figcaption class=\"wp-element-caption\">Secret\u00e1rio e m\u00e9dico | Rodrigo Matos | Foto: Ney Silva\/Acorda Cidade<\/figcaption><\/figure>\n<p>\u201cUma a\u00e7\u00e3o integrada social para poder fazer uma triagem para casos suspeitos de c\u00e2ncer de cabe\u00e7a e pesco\u00e7o. Voc\u00ea sabe que muitas vezes as pessoas t\u00eam rouquid\u00e3o ou t\u00eam outros artefatos cl\u00ednicos que podem sugerir o c\u00e2ncer, por isso, precisa passar por um m\u00e9dico especializado. N\u00e3o existem muitos m\u00e9dicos no Brasil e na Bahia de cabe\u00e7a e pesco\u00e7o e por isso que a gente, em parceria com a Santa Casa, que \u00e9 onde concentra o maior n\u00famero de m\u00e9dicos especialistas em cabe\u00e7a e pesco\u00e7o, est\u00e1 se estruturando aqui e \u00e9 uma a\u00e7\u00e3o que \u00e9 volunt\u00e1ria de todos os profissionais que est\u00e3o aqui.\u201d<\/p>\n<p>Rodrigo alertou que todo tipo de c\u00e2ncer, quanto mais precoce voc\u00ea consegue fazer o diagn\u00f3stico, maiores s\u00e3o as chances de cura. Por isso que a a\u00e7\u00e3o social \u00e9 extremamente importante, principalmente para a popula\u00e7\u00e3o mais vulner\u00e1vel.<\/p>\n<figure class=\"wp-block-image size-full\"><img decoding=\"async\" width=\"1200\" height=\"718\" src=\"http:\/\/noticiasbahia360.com.br\/wp-content\/uploads\/2025\/07\/acao-preventiva-do-cancer-de-cabeca-e-pescoco-ft-ney-silva-acorda-cidade-4.webp\" alt=\"a\u00e7\u00e3o preventiva do c\u00e2ncer de cabe\u00e7a e pesco\u00e7o\" class=\"wp-image-577961\" srcset=\"https:\/\/uploads.acordacidade.com.br\/2025\/07\/acao-preventiva-do-cancer-de-cabeca-e-pescoco-ft-ney-silva-acorda-cidade-4-610x365.webp 610w, https:\/\/uploads.acordacidade.com.br\/2025\/07\/acao-preventiva-do-cancer-de-cabeca-e-pescoco-ft-ney-silva-acorda-cidade-4-924x553.webp 924w, https:\/\/uploads.acordacidade.com.br\/2025\/07\/acao-preventiva-do-cancer-de-cabeca-e-pescoco-ft-ney-silva-acorda-cidade-4-150x90.webp 150w, http:\/\/noticiasbahia360.com.br\/wp-content\/uploads\/2025\/07\/acao-preventiva-do-cancer-de-cabeca-e-pescoco-ft-ney-silva-acorda-cidade-4.webp 1200w\" sizes=\"(max-width: 1200px) 100vw, 1200px\"><figcaption class=\"wp-element-caption\">Foto: Ney Silva\/Acorda Cidade<\/figcaption><\/figure>\n<p>\u201cPrimeiro que o custo com tratamento tende a ser menor quando voc\u00ea diagnostica ele mais precoce e tamb\u00e9m o custo social, as chances maximizadas de cura s\u00e3o maiores. Ent\u00e3o, por isso que a\u00e7\u00f5es como essa t\u00eam que ser incentivadas e n\u00f3s incentivamos e buscamos fazer sa\u00fade assim, com responsabilidade, buscando parcerias estrat\u00e9gicas e contando com o compromisso social dos profissionais e das institui\u00e7\u00f5es\u201d, afirmou ao Acorda Cidade.<\/p>\n<p>Em casos de suspeitas durante a a\u00e7\u00e3o, os pacientes est\u00e3o sendo encaminhados para uma avalia\u00e7\u00e3o mais acurada com o cirurgi\u00e3o de cabe\u00e7a e pesco\u00e7o e, se for necess\u00e1rio, s\u00e3o feitos procedimentos mais profundos de rastreio, como a bi\u00f3psia. Os casos positivados s\u00e3o direcionados para entrar em tratamento pelo Unacon (Unidade de Alta Complexidade em Oncologia) da Santa Casa.<\/p>\n<figure class=\"wp-block-image size-full\"><img decoding=\"async\" width=\"1200\" height=\"763\" src=\"http:\/\/noticiasbahia360.com.br\/wp-content\/uploads\/2025\/07\/acao-preventiva-do-cancer-de-cabeca-e-pescoco-ft-ney-silva-acorda-cidade-.webp\" alt=\"a\u00e7\u00e3o preventiva do c\u00e2ncer de cabe\u00e7a e pesco\u00e7o\" class=\"wp-image-577965\" srcset=\"https:\/\/uploads.acordacidade.com.br\/2025\/07\/acao-preventiva-do-cancer-de-cabeca-e-pescoco-ft-ney-silva-acorda-cidade--574x365.webp 574w, https:\/\/uploads.acordacidade.com.br\/2025\/07\/acao-preventiva-do-cancer-de-cabeca-e-pescoco-ft-ney-silva-acorda-cidade--870x553.webp 870w, https:\/\/uploads.acordacidade.com.br\/2025\/07\/acao-preventiva-do-cancer-de-cabeca-e-pescoco-ft-ney-silva-acorda-cidade--150x95.webp 150w, http:\/\/noticiasbahia360.com.br\/wp-content\/uploads\/2025\/07\/acao-preventiva-do-cancer-de-cabeca-e-pescoco-ft-ney-silva-acorda-cidade-.webp 1200w\" sizes=\"(max-width: 1200px) 100vw, 1200px\"><figcaption class=\"wp-element-caption\">Foto: Ney Silva\/Acorda Cidade<\/figcaption><\/figure>\n<p>O m\u00e9dico especialista em cabe\u00e7a e pesco\u00e7o, Leonardo Rios, \u00e9 coordenador de cirurgias na \u00e1rea no Hospital Dom Pedro de Alc\u00e2ntara. S\u00f3 o c\u00e2ncer de cavidade oral \u2014 de boca \u2014 \u00e9 o quinto mais frequente em homens no Brasil.<\/p>\n<p>\u201c\u00c9 uma doen\u00e7a muito comum e pouco falada. Da\u00ed um movimento da Sociedade Brasileira de Cirurgia de Cabe\u00e7a e Pesco\u00e7o em fazer o Julho Verde. Dia 27 de julho \u00e9 o Dia Mundial de Combate ao C\u00e2ncer de Cabe\u00e7a e Pesco\u00e7o. Aqui no Brasil, essa data, 27 de julho, se estende para todo m\u00eas, onde a gente faz campanhas no Brasil inteiro de combate ao c\u00e2ncer.\u201d<\/p>\n<p>O m\u00e9dico tamb\u00e9m alertou para os sintomas, que podem ser v\u00e1rios de acordo com cada tipo de c\u00e2ncer. Vale refor\u00e7ar que para cabe\u00e7a e pesco\u00e7o existem in\u00fameras doen\u00e7as que podem ser desenvolvidas.<\/p>\n<h2 class=\"wp-block-heading\" id=\"h-os-sinais-de-alarme-sao\">Os sinais de alarme s\u00e3o:<\/h2>\n<ul class=\"wp-block-list\">\n<li>Manchas esbranqui\u00e7adas na cavidade oral \u2014 podem ser sinais precoces de les\u00f5es pr\u00e9-cancerosas e devem ser investigadas, mesmo que n\u00e3o causem dor.<\/li>\n<li>Feridas na boca que n\u00e3o cicatrizam \u2014 muitas vezes n\u00e3o doem, o que \u00e9 um grande problema. Como n\u00e3o h\u00e1 dor, o paciente n\u00e3o procura ajuda m\u00e9dica. A ferida continua crescendo e, quando come\u00e7a a doer, geralmente o tumor j\u00e1 est\u00e1 em est\u00e1gio avan\u00e7ado.<\/li>\n<li>Caro\u00e7os ou n\u00f3dulos no pesco\u00e7o ou na boca<\/li>\n<li>Dor persistente na garganta<\/li>\n<li>Dificuldade para engolir (disfagia)<\/li>\n<li>Mudan\u00e7as na voz ou rouquid\u00e3o \u2014 especialmente se persistirem por mais de 2 semanas.<\/li>\n<li>Mau h\u00e1lito persistente (halitose)<\/li>\n<li>Sangramentos inexplic\u00e1veis na boca ou nariz<\/li>\n<li>Dorm\u00eancia ou formigamento em partes do rosto<\/li>\n<li>Perda de peso inexplicada<\/li>\n<\/ul>\n<figure class=\"wp-block-image size-large\"><img decoding=\"async\" width=\"1118\" height=\"768\" src=\"http:\/\/noticiasbahia360.com.br\/wp-content\/uploads\/2025\/07\/acao-preventiva-do-cancer-de-cabeca-e-pescoco-ft-ney-silva-acorda-cidade-1118x768-1.webp\" alt=\"a\u00e7\u00e3o preventiva do c\u00e2ncer de cabe\u00e7a e pesco\u00e7o\" class=\"wp-image-577966\" srcset=\"https:\/\/uploads.acordacidade.com.br\/2025\/07\/acao-preventiva-do-cancer-de-cabeca-e-pescoco-ft-ney-silva-acorda-cidade-532x365.webp 532w, http:\/\/noticiasbahia360.com.br\/wp-content\/uploads\/2025\/07\/acao-preventiva-do-cancer-de-cabeca-e-pescoco-ft-ney-silva-acorda-cidade-1118x768-1.webp 1118w, https:\/\/uploads.acordacidade.com.br\/2025\/07\/acao-preventiva-do-cancer-de-cabeca-e-pescoco-ft-ney-silva-acorda-cidade-805x553.webp 805w, https:\/\/uploads.acordacidade.com.br\/2025\/07\/acao-preventiva-do-cancer-de-cabeca-e-pescoco-ft-ney-silva-acorda-cidade-150x103.webp 150w, https:\/\/uploads.acordacidade.com.br\/2025\/07\/acao-preventiva-do-cancer-de-cabeca-e-pescoco-ft-ney-silva-acorda-cidade.webp 1200w\" sizes=\"(max-width: 1118px) 100vw, 1118px\"><figcaption class=\"wp-element-caption\">M\u00e9dico Leonardo Rios | Foto: Ney Silva\/Acorda Cidade<\/figcaption><\/figure>\n<p>\u201c90% dos pacientes que t\u00eam diagn\u00f3stico precoce conseguem a cura dessa doen\u00e7a. Muitas vezes, chega no meu consult\u00f3rio pacientes com meses com rouquid\u00e3o, sem procurar ajuda. E quando vai procurar, j\u00e1 est\u00e1 com a rouquid\u00e3o mais grave, j\u00e1 est\u00e1 com a falta de ar mais grave, e infelizmente esses pacientes t\u00eam menos chances de cura. Lembrando que n\u00e3o s\u00f3 m\u00e9dicos podem fazer esse diagn\u00f3stico, os dentistas tamb\u00e9m s\u00e3o importantes no combate ao c\u00e2ncer de cabe\u00e7a e pesco\u00e7o\u201d, alertou o m\u00e9dico ao Acorda Cidade.<\/p>\n<h2 class=\"wp-block-heading\" id=\"h-fatores-de-risco\">Fatores de risco<\/h2>\n<p>Os fatores de risco s\u00e3o aqueles que fogem de uma vida saud\u00e1vel, mas h\u00e1 outros que devem manter em alerta:<\/p>\n<ul class=\"wp-block-list\">\n<li>H\u00e1bito de fumar<\/li>\n<li>Consumo de \u00e1lcool<\/li>\n<li>M\u00e1 higiene \u2014 principalmente bucal<\/li>\n<li>Dentadura mal adaptada<\/li>\n<\/ul>\n<p>Entre os fatores de risco importantes, o m\u00e9dico alerta para o sexo oral desprotegido, que inclusive, aumenta a exposi\u00e7\u00e3o ao HPV (Papilomav\u00edrus Humano).<\/p>\n<p>\u201cO v\u00edrus do HPV \u00e9 um importante fator de risco no c\u00e2ncer de garganta. Inclusive, em jovens e em lugares desenvolvidos, \u00e9 o principal fator de risco. Mais importante, inclusive, at\u00e9 mesmo do que o cigarro\u201d, alertou Leonardo, lembrando a import\u00e2ncia da vacina\u00e7\u00e3o contra o HPV em crian\u00e7as e adolescentes.<\/p>\n<figure class=\"wp-block-image size-large\"><img loading=\"lazy\" decoding=\"async\" width=\"1145\" height=\"768\" src=\"http:\/\/noticiasbahia360.com.br\/wp-content\/uploads\/2025\/07\/acao-preventiva-do-cancer-de-cabeca-e-pescoco-ft-ney-silva-acorda-cidade-3-1145x768-1.webp\" alt=\"a\u00e7\u00e3o preventiva do c\u00e2ncer de cabe\u00e7a e pesco\u00e7o\" class=\"wp-image-577963\" srcset=\"https:\/\/uploads.acordacidade.com.br\/2025\/07\/acao-preventiva-do-cancer-de-cabeca-e-pescoco-ft-ney-silva-acorda-cidade-3-544x365.webp 544w, http:\/\/noticiasbahia360.com.br\/wp-content\/uploads\/2025\/07\/acao-preventiva-do-cancer-de-cabeca-e-pescoco-ft-ney-silva-acorda-cidade-3-1145x768-1.webp 1145w, https:\/\/uploads.acordacidade.com.br\/2025\/07\/acao-preventiva-do-cancer-de-cabeca-e-pescoco-ft-ney-silva-acorda-cidade-3-824x553.webp 824w, https:\/\/uploads.acordacidade.com.br\/2025\/07\/acao-preventiva-do-cancer-de-cabeca-e-pescoco-ft-ney-silva-acorda-cidade-3-150x101.webp 150w, https:\/\/uploads.acordacidade.com.br\/2025\/07\/acao-preventiva-do-cancer-de-cabeca-e-pescoco-ft-ney-silva-acorda-cidade-3.webp 1200w\" sizes=\"(max-width: 1145px) 100vw, 1145px\"><figcaption class=\"wp-element-caption\">Foto: Ney Silva\/Acorda Cidade<\/figcaption><\/figure>\n<h2 class=\"wp-block-heading\" id=\"h-tratamento\">Tratamento<\/h2>\n<p>Segundo o m\u00e9dico, o tratamento vai depender da regi\u00e3o onde o c\u00e2ncer foi desenvolvido.<br \/>\u201cNa boca a primeira linha de tratamento \u00e9 a cirurgia. A gente remove completamente o c\u00e2ncer. A partir da\u00ed, a partir do resultado final da bi\u00f3psia, a gente vai saber se o paciente vai precisar da quimioterapia e se vai precisar de uma radioterapia.\u201d Tumores avan\u00e7ados tamb\u00e9m impossibilitam o tratamento cir\u00fargico, o que impossibilita a cura. Para esses pacientes, s\u00f3 restam quimioterapia e radioterapia.<\/p>\n<p>O c\u00e2ncer de cabe\u00e7a e pesco\u00e7o, quando n\u00e3o tratado de forma adequada, pode se disseminar pelo corpo.<\/p>\n<p>\u201cPrimeiro, eles costumam ter uma dissemina\u00e7\u00e3o local, causando obstru\u00e7\u00e3o da respira\u00e7\u00e3o, impedindo que o paciente fale adequadamente, comece a ter rouquid\u00e3o, o paciente tem dificuldade de engolir por dor, e o c\u00e2ncer tamb\u00e9m pode se espalhar mais \u00e0 dist\u00e2ncia. Linfonodos do pesco\u00e7o, \u00ednguas do pesco\u00e7o, caro\u00e7os no pesco\u00e7o podem ser por conta de c\u00e2ncer de cabe\u00e7a e pesco\u00e7o\u201d, acrescentou.<\/p>\n<p><em>Com informa\u00e7\u00f5es do rep\u00f3rter Ney Silva do Acorda Cidade<\/em><\/p>\n<p><em>Siga o Acorda Cidade no<\/em><a href=\"https:\/\/news.google.com\/search?q=acorda%20cidade&amp;hl=pt-BR&amp;gl=BR&amp;ceid=BR%3Apt-419\"><strong><em>\u00a0Google Not\u00edcias<\/em><\/strong><\/a><em>\u00a0e receba os principais destaques do dia. Participe tamb\u00e9m dos nossos canais no\u00a0<\/em><a href=\"https:\/\/www.whatsapp.com\/channel\/0029Va6Rb4v3WHTNnsh8WI3N\"><strong><em>WhatsApp<\/em><\/strong><\/a><em>\u00a0e\u00a0<\/em><a href=\"https:\/\/www.youtube.com\/@acordacidadenoticias\/videos\"><strong>Youtube<\/strong><\/a><em>\u00a0e grupo de\u00a0<\/em><a href=\"https:\/\/t.me\/+sSz0khrgARA0ZmRh\"><strong><em>Telegram<\/em><\/strong><\/a><em>.<\/em><\/p>\n<\/div>\n","protected":false},"excerpt":{"rendered":"<div>\n<div>\n<figure><img decoding=\"async\" src=\"https:\/\/uploads.acordacidade.com.br\/2025\/07\/acao-preventiva-do-cancer-de-cabeca-e-pescoco-ft-ney-silva-acorda-cidade-1.webp\" alt=\"a\u00e7\u00e3o preventiva do c\u00e2ncer de cabe\u00e7a e pesco\u00e7o\"><figcaption>Foto: Ney Silva\/Acorda Cidade<\/figcaption><\/figure>\n<\/div>\n<p>A\u00e7\u00e3o em Feira de Santana chamo aten\u00e7\u00e3o para conscientizar sobre os riscos, sintomas, diagn\u00f3stico e preven\u00e7\u00e3o desse tipo de c\u00e2ncer.<\/p><\/div>\n","protected":false},"author":1,"featured_media":95068,"comment_status":"closed","ping_status":"closed","sticky":false,"template":"","format":"gallery","meta":{"footnotes":""},"categories":[8,9,6,57,56,10],"tags":[],"class_list":["post-95067","post","type-post","status-publish","format-gallery","has-post-thumbnail","hentry","category-bahia","category-brasil","category-feira-de-santana","category-mundo","category-policia","category-politica","post_format-post-format-gallery"],"featured_image_urls":{"full":["https:\/\/noticiasbahia360.com.br\/wp-content\/uploads\/2025\/07\/acao-preventiva-do-cancer-de-cabeca-e-pescoco-ft-ney-silva-acorda-cidade-1.webp",1200,805,false],"thumbnail":["https:\/\/noticiasbahia360.com.br\/wp-content\/uploads\/2025\/07\/acao-preventiva-do-cancer-de-cabeca-e-pescoco-ft-ney-silva-acorda-cidade-1-150x150.webp",150,150,true],"medium":["https:\/\/noticiasbahia360.com.br\/wp-content\/uploads\/2025\/07\/acao-preventiva-do-cancer-de-cabeca-e-pescoco-ft-ney-silva-acorda-cidade-1-300x201.webp",300,201,true],"medium_large":["https:\/\/noticiasbahia360.com.br\/wp-content\/uploads\/2025\/07\/acao-preventiva-do-cancer-de-cabeca-e-pescoco-ft-ney-silva-acorda-cidade-1-768x515.webp",640,429,true],"large":["https:\/\/noticiasbahia360.com.br\/wp-content\/uploads\/2025\/07\/acao-preventiva-do-cancer-de-cabeca-e-pescoco-ft-ney-silva-acorda-cidade-1-1024x687.webp",640,429,true],"1536x1536":["https:\/\/noticiasbahia360.com.br\/wp-content\/uploads\/2025\/07\/acao-preventiva-do-cancer-de-cabeca-e-pescoco-ft-ney-silva-acorda-cidade-1.webp",1200,805,false],"2048x2048":["https:\/\/noticiasbahia360.com.br\/wp-content\/uploads\/2025\/07\/acao-preventiva-do-cancer-de-cabeca-e-pescoco-ft-ney-silva-acorda-cidade-1.webp",1200,805,false],"chromenews-featured":["https:\/\/noticiasbahia360.com.br\/wp-content\/uploads\/2025\/07\/acao-preventiva-do-cancer-de-cabeca-e-pescoco-ft-ney-silva-acorda-cidade-1-1024x687.webp",1024,687,true],"chromenews-large":["https:\/\/noticiasbahia360.com.br\/wp-content\/uploads\/2025\/07\/acao-preventiva-do-cancer-de-cabeca-e-pescoco-ft-ney-silva-acorda-cidade-1-825x575.webp",825,575,true],"chromenews-medium":["https:\/\/noticiasbahia360.com.br\/wp-content\/uploads\/2025\/07\/acao-preventiva-do-cancer-de-cabeca-e-pescoco-ft-ney-silva-acorda-cidade-1-590x410.webp",590,410,true]},"author_info":{"display_name":"noticiasbahia360.com.br","author_link":"https:\/\/noticiasbahia360.com.br\/?author=1"},"category_info":"<a href=\"https:\/\/noticiasbahia360.com.br\/?cat=8\" rel=\"category\">Bahia<\/a> <a href=\"https:\/\/noticiasbahia360.com.br\/?cat=9\" rel=\"category\">Brasil<\/a> <a href=\"https:\/\/noticiasbahia360.com.br\/?cat=6\" rel=\"category\">Feira de Santana<\/a> <a href=\"https:\/\/noticiasbahia360.com.br\/?cat=57\" rel=\"category\">Mundo<\/a> <a href=\"https:\/\/noticiasbahia360.com.br\/?cat=56\" rel=\"category\">Pol\u00edcia<\/a> <a href=\"https:\/\/noticiasbahia360.com.br\/?cat=10\" rel=\"category\">Pol\u00edtica<\/a>","tag_info":"Pol\u00edtica","comment_count":"0","_links":{"self":[{"href":"https:\/\/noticiasbahia360.com.br\/index.php?rest_route=\/wp\/v2\/posts\/95067","targetHints":{"allow":["GET"]}}],"collection":[{"href":"https:\/\/noticiasbahia360.com.br\/index.php?rest_route=\/wp\/v2\/posts"}],"about":[{"href":"https:\/\/noticiasbahia360.com.br\/index.php?rest_route=\/wp\/v2\/types\/post"}],"author":[{"embeddable":true,"href":"https:\/\/noticiasbahia360.com.br\/index.php?rest_route=\/wp\/v2\/users\/1"}],"replies":[{"embeddable":true,"href":"https:\/\/noticiasbahia360.com.br\/index.php?rest_route=%2Fwp%2Fv2%2Fcomments&post=95067"}],"version-history":[{"count":0,"href":"https:\/\/noticiasbahia360.com.br\/index.php?rest_route=\/wp\/v2\/posts\/95067\/revisions"}],"wp:featuredmedia":[{"embeddable":true,"href":"https:\/\/noticiasbahia360.com.br\/index.php?rest_route=\/wp\/v2\/media\/95068"}],"wp:attachment":[{"href":"https:\/\/noticiasbahia360.com.br\/index.php?rest_route=%2Fwp%2Fv2%2Fmedia&parent=95067"}],"wp:term":[{"taxonomy":"category","embeddable":true,"href":"https:\/\/noticiasbahia360.com.br\/index.php?rest_route=%2Fwp%2Fv2%2Fcategories&post=95067"},{"taxonomy":"post_tag","embeddable":true,"href":"https:\/\/noticiasbahia360.com.br\/index.php?rest_route=%2Fwp%2Fv2%2Ftags&post=95067"}],"curies":[{"name":"wp","href":"https:\/\/api.w.org\/{rel}","templated":true}]}}