{"id":95074,"date":"2025-07-29T16:36:37","date_gmt":"2025-07-29T19:36:37","guid":{"rendered":"https:\/\/noticiasbahia360.com.br\/?p=95074"},"modified":"2025-07-29T16:36:37","modified_gmt":"2025-07-29T19:36:37","slug":"pesca-solidaria-sera-realizada-no-parque-erivaldo-cerqueira-inscricoes-ate-sexta-1o","status":"publish","type":"post","link":"https:\/\/noticiasbahia360.com.br\/?p=95074","title":{"rendered":"Pesca Solid\u00e1ria ser\u00e1 realizada no Parque Erivaldo Cerqueira; inscri\u00e7\u00f5es at\u00e9 sexta (1\u00ba)"},"content":{"rendered":"<div>\n<div>\n<figure><img decoding=\"async\" src=\"http:\/\/noticiasbahia360.com.br\/wp-content\/uploads\/2025\/07\/pescasolidaria_ney_silva_acordacidade-5.jpeg\" alt=\"\"><figcaption>Foto: Ney Silva\/Acorda Cidade<\/figcaption><\/figure>\n<\/div>\n<p>As inscri\u00e7\u00f5es para a terceira edi\u00e7\u00e3o da Pesca Solid\u00e1ria, que acontecer\u00e1 no Parque Erivaldo Cerqueira, conhecido como Parque do Geladinho, nas Bara\u00fanas, est\u00e3o abertas at\u00e9 a pr\u00f3xima sexta-feira, 1\u00ba de agosto \u2014 foram iniciadas nessa segunda-feira (28).<\/p>\n<p>Os interessados em participar da a\u00e7\u00e3o, que une as iniciativas ambiental e solid\u00e1ria, devem se inscrever pelo site <a href=\"http:\/\/www.feiradesantana.ba.gov.br\/\" target=\"_blank\" rel=\"noreferrer noopener\">www.feiradesantana.ba.gov.br<\/a>, no link na se\u00e7\u00e3o \u201cServi\u00e7os e Informa\u00e7\u00f5es\u201d. 30 pescadores ser\u00e3o autorizados a participar da pescaria. N\u00e3o ser\u00e3o realizadas inscri\u00e7\u00f5es no dia da pescaria.<\/p>\n<p>Para participar, no dia da pescaria, no pr\u00f3ximo s\u00e1bado, 2 de agosto, o pescador dever\u00e1 apresentar dois quilos de alimentos n\u00e3o perec\u00edveis, que ser\u00e3o distribu\u00eddos entre entidades filantr\u00f3picas do munic\u00edpio.<\/p>\n<p>O despeixamento, que vinha acontecendo na Quaresma, antes da Semana Santa, n\u00e3o foi realizado nos \u00faltimos dois anos. Em 2023, exames de rotina detectaram a presen\u00e7a do vibri\u00e3o col\u00e9rico na \u00e1gua da lagoa. O problema foi sanado e, no exame realizado no m\u00eas passado, nada que levasse \u00e0 sua interdi\u00e7\u00e3o foi encontrado.<\/p>\n<p>A pescaria, realizada conjuntamente pelas Secretarias de Meio Ambiente e de Servi\u00e7os P\u00fablicos, tem como objetivo o equil\u00edbrio da quantidade de peixes que vivem na lagoa. A esp\u00e9cie com maior n\u00famero de indiv\u00edduos, levando-se em conta a visualiza\u00e7\u00e3o, \u00e9 a til\u00e1pia, que ser\u00e1 a esp\u00e9cie preferencial para captura.<\/p>\n<p><em>Com informa\u00e7\u00f5es da Secretaria Municipal de Comunica\u00e7\u00e3o Social (Secom)<\/em><\/p>\n<p><em>Siga o Acorda Cidade no<a href=\"https:\/\/news.google.com\/search?q=acorda%20cidade&amp;hl=pt-BR&amp;gl=BR&amp;ceid=BR%3Apt-419\" target=\"_blank\" rel=\"noreferrer noopener\">\u00a0Google Not\u00edcias<\/a>\u00a0e receba os principais destaques do dia.\u00a0Participe tamb\u00e9m dos nossos grupos no\u00a0<a href=\"https:\/\/chat.whatsapp.com\/Fj2agnR6CdwLEb9Uqew8QI\" target=\"_blank\" rel=\"noreferrer noopener\">WhatsApp<\/a>\u00a0e\u00a0<a href=\"https:\/\/t.me\/+sSz0khrgARA0ZmRh\" target=\"_blank\" rel=\"noreferrer noopener\">Telegram<\/a><\/em><\/p>\n<\/div>\n","protected":false},"excerpt":{"rendered":"<div>\n<div>\n<figure><img decoding=\"async\" src=\"https:\/\/uploads.acordacidade.com.br\/wp-content\/uploads\/2022\/09\/18114942\/pescasolidaria_ney_silva_acordacidade-5.jpeg\" alt=\"\"><figcaption>Foto: Ney Silva\/Acorda Cidade<\/figcaption><\/figure>\n<\/div>\n<p>Para participar da pescaria, no pr\u00f3ximo s\u00e1bado (2), o pescador dever\u00e1 apresentar dois quilos de alimentos n\u00e3o perec\u00edveis.<\/p><\/div>\n","protected":false},"author":1,"featured_media":95075,"comment_status":"closed","ping_status":"closed","sticky":false,"template":"","format":"gallery","meta":{"footnotes":""},"categories":[8,9,6,57,56,10],"tags":[],"class_list":["post-95074","post","type-post","status-publish","format-gallery","has-post-thumbnail","hentry","category-bahia","category-brasil","category-feira-de-santana","category-mundo","category-policia","category-politica","post_format-post-format-gallery"],"featured_image_urls":{"full":["https:\/\/noticiasbahia360.com.br\/wp-content\/uploads\/2025\/07\/pescasolidaria_ney_silva_acordacidade-5.jpeg",640,480,false],"thumbnail":["https:\/\/noticiasbahia360.com.br\/wp-content\/uploads\/2025\/07\/pescasolidaria_ney_silva_acordacidade-5-150x150.jpeg",150,150,true],"medium":["https:\/\/noticiasbahia360.com.br\/wp-content\/uploads\/2025\/07\/pescasolidaria_ney_silva_acordacidade-5-300x225.jpeg",300,225,true],"medium_large":["https:\/\/noticiasbahia360.com.br\/wp-content\/uploads\/2025\/07\/pescasolidaria_ney_silva_acordacidade-5.jpeg",640,480,false],"large":["https:\/\/noticiasbahia360.com.br\/wp-content\/uploads\/2025\/07\/pescasolidaria_ney_silva_acordacidade-5.jpeg",640,480,false],"1536x1536":["https:\/\/noticiasbahia360.com.br\/wp-content\/uploads\/2025\/07\/pescasolidaria_ney_silva_acordacidade-5.jpeg",640,480,false],"2048x2048":["https:\/\/noticiasbahia360.com.br\/wp-content\/uploads\/2025\/07\/pescasolidaria_ney_silva_acordacidade-5.jpeg",640,480,false],"chromenews-featured":["https:\/\/noticiasbahia360.com.br\/wp-content\/uploads\/2025\/07\/pescasolidaria_ney_silva_acordacidade-5.jpeg",640,480,false],"chromenews-large":["https:\/\/noticiasbahia360.com.br\/wp-content\/uploads\/2025\/07\/pescasolidaria_ney_silva_acordacidade-5.jpeg",640,480,false],"chromenews-medium":["https:\/\/noticiasbahia360.com.br\/wp-content\/uploads\/2025\/07\/pescasolidaria_ney_silva_acordacidade-5-590x410.jpeg",590,410,true]},"author_info":{"display_name":"noticiasbahia360.com.br","author_link":"https:\/\/noticiasbahia360.com.br\/?author=1"},"category_info":"<a href=\"https:\/\/noticiasbahia360.com.br\/?cat=8\" rel=\"category\">Bahia<\/a> <a href=\"https:\/\/noticiasbahia360.com.br\/?cat=9\" rel=\"category\">Brasil<\/a> <a href=\"https:\/\/noticiasbahia360.com.br\/?cat=6\" rel=\"category\">Feira de Santana<\/a> <a href=\"https:\/\/noticiasbahia360.com.br\/?cat=57\" rel=\"category\">Mundo<\/a> <a href=\"https:\/\/noticiasbahia360.com.br\/?cat=56\" rel=\"category\">Pol\u00edcia<\/a> <a href=\"https:\/\/noticiasbahia360.com.br\/?cat=10\" rel=\"category\">Pol\u00edtica<\/a>","tag_info":"Pol\u00edtica","comment_count":"0","_links":{"self":[{"href":"https:\/\/noticiasbahia360.com.br\/index.php?rest_route=\/wp\/v2\/posts\/95074","targetHints":{"allow":["GET"]}}],"collection":[{"href":"https:\/\/noticiasbahia360.com.br\/index.php?rest_route=\/wp\/v2\/posts"}],"about":[{"href":"https:\/\/noticiasbahia360.com.br\/index.php?rest_route=\/wp\/v2\/types\/post"}],"author":[{"embeddable":true,"href":"https:\/\/noticiasbahia360.com.br\/index.php?rest_route=\/wp\/v2\/users\/1"}],"replies":[{"embeddable":true,"href":"https:\/\/noticiasbahia360.com.br\/index.php?rest_route=%2Fwp%2Fv2%2Fcomments&post=95074"}],"version-history":[{"count":0,"href":"https:\/\/noticiasbahia360.com.br\/index.php?rest_route=\/wp\/v2\/posts\/95074\/revisions"}],"wp:featuredmedia":[{"embeddable":true,"href":"https:\/\/noticiasbahia360.com.br\/index.php?rest_route=\/wp\/v2\/media\/95075"}],"wp:attachment":[{"href":"https:\/\/noticiasbahia360.com.br\/index.php?rest_route=%2Fwp%2Fv2%2Fmedia&parent=95074"}],"wp:term":[{"taxonomy":"category","embeddable":true,"href":"https:\/\/noticiasbahia360.com.br\/index.php?rest_route=%2Fwp%2Fv2%2Fcategories&post=95074"},{"taxonomy":"post_tag","embeddable":true,"href":"https:\/\/noticiasbahia360.com.br\/index.php?rest_route=%2Fwp%2Fv2%2Ftags&post=95074"}],"curies":[{"name":"wp","href":"https:\/\/api.w.org\/{rel}","templated":true}]}}