{"id":95076,"date":"2025-07-29T16:45:11","date_gmt":"2025-07-29T19:45:11","guid":{"rendered":"https:\/\/noticiasbahia360.com.br\/?p=95076"},"modified":"2025-07-29T16:45:11","modified_gmt":"2025-07-29T19:45:11","slug":"melhores-do-baianao-serie-b-premia-destaques-da-competicao-veja-selecionados","status":"publish","type":"post","link":"https:\/\/noticiasbahia360.com.br\/?p=95076","title":{"rendered":"Melhores do Baian\u00e3o S\u00e9rie B premia destaques da competi\u00e7\u00e3o; veja selecionados"},"content":{"rendered":"<div>\n<div>\n<figure><img decoding=\"async\" src=\"http:\/\/noticiasbahia360.com.br\/wp-content\/uploads\/2025\/07\/Premiacao-Bahia-290725.webp\" alt=\"Premia\u00e7\u00e3o Bahia\"><figcaption>Fotos: Julio e Lana Loiola\/FBF<\/figcaption><\/figure>\n<\/div>\n<p>O evento Melhores do Baian\u00e3o S\u00e9rie B aconteceu na \u00faltima segunda-feira (28), em Feira de Santana, palco da final da competi\u00e7\u00e3o, disputada entre <a href=\"https:\/\/www.acordacidade.com.br\/tag\/bahia\/\">Bahia<\/a> de Feira e Gal\u00edcia. O cerimonial premiou os destaques da edi\u00e7\u00e3o 2025 do torneio.\u00a0<\/p>\n<p>No local, compareceram o presidente Ricardo Lima, o vice-presidente Manfredo Lessa, a diretora de competi\u00e7\u00f5es Ta\u00edse Galv\u00e3o, dentre outros representantes da Federa\u00e7\u00e3o Bahiana de Futebol.\u00a0<\/p>\n<p>A premia\u00e7\u00e3o contou com o dom\u00ednio do Bahia de Feira, campe\u00e3o da segunda divis\u00e3o do Campeonato Baiano. Os nomes presenteados no evento foram: Marcos (melhor goleiro), Luc\u00e3o (melhor zagueiro 2), Welisson (melhor lateral-direito), Cazumba (melhor lateral-esquerdo), Ronan (melhor meia 1) e Jo\u00e3o Carlos (melhor t\u00e9cnico).<\/p>\n<p>Al\u00e9m disso, o Gal\u00edcia, vice-campe\u00e3o do torneio, tamb\u00e9m colocou dois atletas na Sele\u00e7\u00e3o do campeonato: Brendon (melhor volante) e Palacios (melhor centroavante).<\/p>\n<p>O Fluminense de Feira foi representado por dois jogadores na premia\u00e7\u00e3o: W. Mineiro (melhor zagueiro 1) e Luan (melhor atacante 2). Para completar a Sele\u00e7\u00e3o, Figueredo, do Ypiranga, como melhor volante 2; e Jussimar, do Itabuna, como melhor meia 2.<\/p>\n<p>Os pr\u00eamios individuais foram divididos em Craque da Galera, que ficou com Palacios, do Granadeiro, Craque do Campeonato, que foi para as m\u00e3os de Ronan, do Bahia de Feira, e o atleta revela\u00e7\u00e3o, Kauan, do Flu de Feira.\u00a0<\/p>\n<h2 class=\"wp-block-heading\" id=\"h-confira-a-seguir-todos-os-premiados-da-serie-b-do-baianao\">Confira a seguir todos os premiados da S\u00e9rie B do Baian\u00e3o:<\/h2>\n<ul class=\"wp-block-list\">\n<li><strong>Sele\u00e7\u00e3o \u2013 Marcos (Bahia de Feira); Welisson (Bahia de Feira), W. Mineiro (Fluminense), Luc\u00e3o (Bahia de Feira) e Cazumba (Bahia de Feira); Brendon (Gal\u00edcia), Figueredo (Ypiranga), Ronan (Bahia de Feira) e Jussimar (Itabuna); Luan (Fluminense) e Palacios (Gal\u00edcia). T\u00e9cnico: Jo\u00e3o Carlos (Bahia de Feira).<\/strong><\/li>\n<li><strong>Artilheiros \u2013 Palacios (Gal\u00edcia) e Patrick (Bahia de Feira)<\/strong><\/li>\n<li><strong>Revela\u00e7\u00e3o \u2013 Kauan (Fluminense)<\/strong><\/li>\n<li><strong>Craque da Galera \u2013 Palacios (Gal\u00edcia)<\/strong><\/li>\n<li><strong>Craque do Campeonato \u2013 Ronan (Bahia de Feira)<\/strong><\/li>\n<li><strong>Melhor \u00c1rbitro \u2013 Eziquiel Sousa Costa<\/strong><\/li>\n<li><strong>Melhor \u00c1rbitro Assistente 1 \u2013 Antonielson Jesus da Silva<\/strong><\/li>\n<li><strong>Melhor \u00c1rbitro Assistente 2 \u2013 Jos\u00e9 dos Santos Amador.<\/strong><\/li>\n<\/ul>\n<p><em>Fonte: <a href=\"https:\/\/www.bahianoticias.com.br\/esportes\/noticia\/75093-melhores-do-baianao-serie-b-premia-destaques-da-competicao-veja-selecao\">Bahia Not\u00edcias<\/a>, parceiro do Acorda Cidade.<\/em><\/p>\n<p><em>Siga o Acorda Cidade no<\/em><a href=\"https:\/\/news.google.com\/search?q=acorda%20cidade&amp;hl=pt-BR&amp;gl=BR&amp;ceid=BR%3Apt-419\"><strong><em>\u00a0Google Not\u00edcias<\/em><\/strong><\/a><em>\u00a0e receba os principais destaques do dia. Participe tamb\u00e9m dos nossos canais no\u00a0<\/em><a href=\"https:\/\/www.whatsapp.com\/channel\/0029Va6Rb4v3WHTNnsh8WI3N\"><strong><em>WhatsApp<\/em><\/strong><\/a><em>\u00a0e\u00a0<\/em><a href=\"https:\/\/www.youtube.com\/@acordacidadenoticias\/videos\"><strong>Youtube<\/strong><\/a><em>\u00a0e grupo de\u00a0<\/em><a href=\"https:\/\/t.me\/+sSz0khrgARA0ZmRh\"><strong><em>Telegram<\/em><\/strong><\/a><em>.<\/em><\/p>\n<\/p>\n<\/div>\n","protected":false},"excerpt":{"rendered":"<div>\n<div>\n<figure><img decoding=\"async\" src=\"https:\/\/uploads.acordacidade.com.br\/2025\/07\/Premiacao-Bahia-290725.webp\" alt=\"Premia\u00e7\u00e3o Bahia\"><figcaption>Fotos: Julio e Lana Loiola\/FBF<\/figcaption><\/figure>\n<\/div>\n<p>O cerimonial premiou os destaques da edi\u00e7\u00e3o 2025 do torneio<\/p><\/div>\n","protected":false},"author":1,"featured_media":95077,"comment_status":"closed","ping_status":"closed","sticky":false,"template":"","format":"gallery","meta":{"footnotes":""},"categories":[8,9,6,57,56,10],"tags":[],"class_list":["post-95076","post","type-post","status-publish","format-gallery","has-post-thumbnail","hentry","category-bahia","category-brasil","category-feira-de-santana","category-mundo","category-policia","category-politica","post_format-post-format-gallery"],"featured_image_urls":{"full":["https:\/\/noticiasbahia360.com.br\/wp-content\/uploads\/2025\/07\/Premiacao-Bahia-290725.webp",1200,630,false],"thumbnail":["https:\/\/noticiasbahia360.com.br\/wp-content\/uploads\/2025\/07\/Premiacao-Bahia-290725-150x150.webp",150,150,true],"medium":["https:\/\/noticiasbahia360.com.br\/wp-content\/uploads\/2025\/07\/Premiacao-Bahia-290725-300x158.webp",300,158,true],"medium_large":["https:\/\/noticiasbahia360.com.br\/wp-content\/uploads\/2025\/07\/Premiacao-Bahia-290725-768x403.webp",640,336,true],"large":["https:\/\/noticiasbahia360.com.br\/wp-content\/uploads\/2025\/07\/Premiacao-Bahia-290725-1024x538.webp",640,336,true],"1536x1536":["https:\/\/noticiasbahia360.com.br\/wp-content\/uploads\/2025\/07\/Premiacao-Bahia-290725.webp",1200,630,false],"2048x2048":["https:\/\/noticiasbahia360.com.br\/wp-content\/uploads\/2025\/07\/Premiacao-Bahia-290725.webp",1200,630,false],"chromenews-featured":["https:\/\/noticiasbahia360.com.br\/wp-content\/uploads\/2025\/07\/Premiacao-Bahia-290725-1024x538.webp",1024,538,true],"chromenews-large":["https:\/\/noticiasbahia360.com.br\/wp-content\/uploads\/2025\/07\/Premiacao-Bahia-290725-825x575.webp",825,575,true],"chromenews-medium":["https:\/\/noticiasbahia360.com.br\/wp-content\/uploads\/2025\/07\/Premiacao-Bahia-290725-590x410.webp",590,410,true]},"author_info":{"display_name":"noticiasbahia360.com.br","author_link":"https:\/\/noticiasbahia360.com.br\/?author=1"},"category_info":"<a href=\"https:\/\/noticiasbahia360.com.br\/?cat=8\" rel=\"category\">Bahia<\/a> <a href=\"https:\/\/noticiasbahia360.com.br\/?cat=9\" rel=\"category\">Brasil<\/a> <a href=\"https:\/\/noticiasbahia360.com.br\/?cat=6\" rel=\"category\">Feira de Santana<\/a> <a href=\"https:\/\/noticiasbahia360.com.br\/?cat=57\" rel=\"category\">Mundo<\/a> <a href=\"https:\/\/noticiasbahia360.com.br\/?cat=56\" rel=\"category\">Pol\u00edcia<\/a> <a href=\"https:\/\/noticiasbahia360.com.br\/?cat=10\" rel=\"category\">Pol\u00edtica<\/a>","tag_info":"Pol\u00edtica","comment_count":"0","_links":{"self":[{"href":"https:\/\/noticiasbahia360.com.br\/index.php?rest_route=\/wp\/v2\/posts\/95076","targetHints":{"allow":["GET"]}}],"collection":[{"href":"https:\/\/noticiasbahia360.com.br\/index.php?rest_route=\/wp\/v2\/posts"}],"about":[{"href":"https:\/\/noticiasbahia360.com.br\/index.php?rest_route=\/wp\/v2\/types\/post"}],"author":[{"embeddable":true,"href":"https:\/\/noticiasbahia360.com.br\/index.php?rest_route=\/wp\/v2\/users\/1"}],"replies":[{"embeddable":true,"href":"https:\/\/noticiasbahia360.com.br\/index.php?rest_route=%2Fwp%2Fv2%2Fcomments&post=95076"}],"version-history":[{"count":0,"href":"https:\/\/noticiasbahia360.com.br\/index.php?rest_route=\/wp\/v2\/posts\/95076\/revisions"}],"wp:featuredmedia":[{"embeddable":true,"href":"https:\/\/noticiasbahia360.com.br\/index.php?rest_route=\/wp\/v2\/media\/95077"}],"wp:attachment":[{"href":"https:\/\/noticiasbahia360.com.br\/index.php?rest_route=%2Fwp%2Fv2%2Fmedia&parent=95076"}],"wp:term":[{"taxonomy":"category","embeddable":true,"href":"https:\/\/noticiasbahia360.com.br\/index.php?rest_route=%2Fwp%2Fv2%2Fcategories&post=95076"},{"taxonomy":"post_tag","embeddable":true,"href":"https:\/\/noticiasbahia360.com.br\/index.php?rest_route=%2Fwp%2Fv2%2Ftags&post=95076"}],"curies":[{"name":"wp","href":"https:\/\/api.w.org\/{rel}","templated":true}]}}