{"id":95078,"date":"2025-07-29T16:45:16","date_gmt":"2025-07-29T19:45:16","guid":{"rendered":"https:\/\/noticiasbahia360.com.br\/?p=95078"},"modified":"2025-07-29T16:45:16","modified_gmt":"2025-07-29T19:45:16","slug":"tapa-buraco-prefeitura-amplia-equipes-de-manutencao-de-ruas-apos-tregua-das-chuvas","status":"publish","type":"post","link":"https:\/\/noticiasbahia360.com.br\/?p=95078","title":{"rendered":"Tapa buraco: prefeitura amplia equipes de manuten\u00e7\u00e3o de ruas ap\u00f3s tr\u00e9gua das chuvas"},"content":{"rendered":"<div>\n<div>\n<figure><img decoding=\"async\" src=\"http:\/\/noticiasbahia360.com.br\/wp-content\/uploads\/2025\/07\/Soma-estamos-em-obras.webp\" alt=\"Soma - 'estamos em obras' - tapa buraco\"><figcaption>Foto: Ronaldo Belo<\/figcaption><\/figure>\n<\/div>\n<p>A Superintend\u00eancia Municipal de Opera\u00e7\u00f5es e Manuten\u00e7\u00e3o (Soma) da Prefeitura de Feira de Santana ampliou o n\u00famero de equipes de manuten\u00e7\u00e3o das pavimenta\u00e7\u00f5es asf\u00e1lticas e a paralelep\u00edpedo de ruas e avenidas atuando simultaneamente no munic\u00edpio ap\u00f3s a tr\u00e9gua das chuvas. O n\u00famero de frentes de trabalho aumentou de 7 para 9 grupos atendendo 9 bairros e um distrito.<\/p>\n<p>As seis equipes de oper\u00e1rios da Soma respons\u00e1veis pela manuten\u00e7\u00e3o da pavimenta\u00e7\u00e3o em Concreto Betuminoso Usinado a Quente (CBUQ) est\u00e3o com servi\u00e7os concentrados na rua 02 e Caminho 47 do conjunto Feira VII. J\u00e1 no bairro Mangabeira est\u00e1 sendo contemplada a avenida Ayrton Senna, nas imedia\u00e7\u00f5es da Bica.<\/p>\n<p>Tamb\u00e9m tem trabalho de manuten\u00e7\u00e3o em execu\u00e7\u00e3o no bairro Bara\u00fanas, contemplando a rua Jos\u00e9 Tavares com Oscar Mesquita e a avenida Riachuelo. J\u00e1 no bairro Pedra do Descanso as interven\u00e7\u00f5es est\u00e3o sendo executadas ao longo da avenida Rio de Janeiro e tamb\u00e9m na rua Donizete Carvalho. Ainda tem manuten\u00e7\u00e3o nas ruas S\u00edlvia Marques de Oliveira e Adriano Ara\u00fajo, no bairro Panorama; na rua 39, bairro Tomba; e ruas C\u00e2ndido Mendes, C\u00e2ndido Mota e Acopiara, no bairro S\u00edtio Matias.<\/p>\n<figure class=\"wp-block-image size-large\"><img fetchpriority=\"high\" fetchpriority=\"high\" decoding=\"async\" width=\"1044\" height=\"768\" src=\"http:\/\/noticiasbahia360.com.br\/wp-content\/uploads\/2025\/07\/Soma-estamos-em-obras-tapa-buraco-1044x768-1.webp\" alt=\"Soma - 'estamos em obras' - tapa buraco\" class=\"wp-image-577984\" srcset=\"https:\/\/uploads.acordacidade.com.br\/2025\/07\/Soma-estamos-em-obras-tapa-buraco-496x365.webp 496w, http:\/\/noticiasbahia360.com.br\/wp-content\/uploads\/2025\/07\/Soma-estamos-em-obras-tapa-buraco-1044x768-1.webp 1044w, https:\/\/uploads.acordacidade.com.br\/2025\/07\/Soma-estamos-em-obras-tapa-buraco-752x553.webp 752w, https:\/\/uploads.acordacidade.com.br\/2025\/07\/Soma-estamos-em-obras-tapa-buraco-150x110.webp 150w, https:\/\/uploads.acordacidade.com.br\/2025\/07\/Soma-estamos-em-obras-tapa-buraco.webp 1200w\" sizes=\"(max-width: 1044px) 100vw, 1044px\"><figcaption class=\"wp-element-caption\">Foto: Ronaldo Belo<\/figcaption><\/figure>\n<p>J\u00e1 as interven\u00e7\u00f5es em paralelep\u00edpedo est\u00e3o sendo executadas por tr\u00eas equipes. Uma est\u00e1 atuando no bairro Ponto Central, ao longo da avenida Jo\u00e3o Durval Carneiro; outra na rua Garanhuns, no bairro Concei\u00e7\u00e3o, e a terceira equipe atuando na recupera\u00e7\u00e3o das ruas no entorno da pra\u00e7a central do distrito de Humildes.<\/p>\n<p><em>Com informa\u00e7\u00f5es da Secretaria Municipal de Comunica\u00e7\u00e3o Social (Secom)<\/em><\/p>\n<p><em>Siga o Acorda Cidade no<a href=\"https:\/\/news.google.com\/search?q=acorda%20cidade&amp;hl=pt-BR&amp;gl=BR&amp;ceid=BR%3Apt-419\" target=\"_blank\" rel=\"noreferrer noopener\">\u00a0Google Not\u00edcias<\/a>\u00a0e receba os principais destaques do dia.\u00a0Participe tamb\u00e9m dos nossos grupos no\u00a0<a href=\"https:\/\/chat.whatsapp.com\/Fj2agnR6CdwLEb9Uqew8QI\" target=\"_blank\" rel=\"noreferrer noopener\">WhatsApp<\/a>\u00a0e\u00a0<a href=\"https:\/\/t.me\/+sSz0khrgARA0ZmRh\" target=\"_blank\" rel=\"noreferrer noopener\">Telegram<\/a><\/em><\/p>\n<\/div>\n","protected":false},"excerpt":{"rendered":"<div>\n<div>\n<figure><img decoding=\"async\" src=\"https:\/\/uploads.acordacidade.com.br\/2025\/07\/Soma-estamos-em-obras.webp\" alt=\"Soma - 'estamos em obras' - tapa buraco\"><figcaption>Foto: Ronaldo Belo<\/figcaption><\/figure>\n<\/div>\n<p>Segundo a prefeitura, o n\u00famero de frentes de trabalho da Soma aumentou de 7 para 9 grupos atendendo 9 bairros e um distrito.<\/p><\/div>\n","protected":false},"author":1,"featured_media":95079,"comment_status":"closed","ping_status":"closed","sticky":false,"template":"","format":"gallery","meta":{"footnotes":""},"categories":[8,9,6,57,56,10],"tags":[],"class_list":["post-95078","post","type-post","status-publish","format-gallery","has-post-thumbnail","hentry","category-bahia","category-brasil","category-feira-de-santana","category-mundo","category-policia","category-politica","post_format-post-format-gallery"],"featured_image_urls":{"full":["https:\/\/noticiasbahia360.com.br\/wp-content\/uploads\/2025\/07\/Soma-estamos-em-obras.webp",1200,799,false],"thumbnail":["https:\/\/noticiasbahia360.com.br\/wp-content\/uploads\/2025\/07\/Soma-estamos-em-obras-150x150.webp",150,150,true],"medium":["https:\/\/noticiasbahia360.com.br\/wp-content\/uploads\/2025\/07\/Soma-estamos-em-obras-300x200.webp",300,200,true],"medium_large":["https:\/\/noticiasbahia360.com.br\/wp-content\/uploads\/2025\/07\/Soma-estamos-em-obras-768x511.webp",640,426,true],"large":["https:\/\/noticiasbahia360.com.br\/wp-content\/uploads\/2025\/07\/Soma-estamos-em-obras-1024x682.webp",640,426,true],"1536x1536":["https:\/\/noticiasbahia360.com.br\/wp-content\/uploads\/2025\/07\/Soma-estamos-em-obras.webp",1200,799,false],"2048x2048":["https:\/\/noticiasbahia360.com.br\/wp-content\/uploads\/2025\/07\/Soma-estamos-em-obras.webp",1200,799,false],"chromenews-featured":["https:\/\/noticiasbahia360.com.br\/wp-content\/uploads\/2025\/07\/Soma-estamos-em-obras-1024x682.webp",1024,682,true],"chromenews-large":["https:\/\/noticiasbahia360.com.br\/wp-content\/uploads\/2025\/07\/Soma-estamos-em-obras-825x575.webp",825,575,true],"chromenews-medium":["https:\/\/noticiasbahia360.com.br\/wp-content\/uploads\/2025\/07\/Soma-estamos-em-obras-590x410.webp",590,410,true]},"author_info":{"display_name":"noticiasbahia360.com.br","author_link":"https:\/\/noticiasbahia360.com.br\/?author=1"},"category_info":"<a href=\"https:\/\/noticiasbahia360.com.br\/?cat=8\" rel=\"category\">Bahia<\/a> <a href=\"https:\/\/noticiasbahia360.com.br\/?cat=9\" rel=\"category\">Brasil<\/a> <a href=\"https:\/\/noticiasbahia360.com.br\/?cat=6\" rel=\"category\">Feira de Santana<\/a> <a href=\"https:\/\/noticiasbahia360.com.br\/?cat=57\" rel=\"category\">Mundo<\/a> <a href=\"https:\/\/noticiasbahia360.com.br\/?cat=56\" rel=\"category\">Pol\u00edcia<\/a> <a href=\"https:\/\/noticiasbahia360.com.br\/?cat=10\" rel=\"category\">Pol\u00edtica<\/a>","tag_info":"Pol\u00edtica","comment_count":"0","_links":{"self":[{"href":"https:\/\/noticiasbahia360.com.br\/index.php?rest_route=\/wp\/v2\/posts\/95078","targetHints":{"allow":["GET"]}}],"collection":[{"href":"https:\/\/noticiasbahia360.com.br\/index.php?rest_route=\/wp\/v2\/posts"}],"about":[{"href":"https:\/\/noticiasbahia360.com.br\/index.php?rest_route=\/wp\/v2\/types\/post"}],"author":[{"embeddable":true,"href":"https:\/\/noticiasbahia360.com.br\/index.php?rest_route=\/wp\/v2\/users\/1"}],"replies":[{"embeddable":true,"href":"https:\/\/noticiasbahia360.com.br\/index.php?rest_route=%2Fwp%2Fv2%2Fcomments&post=95078"}],"version-history":[{"count":0,"href":"https:\/\/noticiasbahia360.com.br\/index.php?rest_route=\/wp\/v2\/posts\/95078\/revisions"}],"wp:featuredmedia":[{"embeddable":true,"href":"https:\/\/noticiasbahia360.com.br\/index.php?rest_route=\/wp\/v2\/media\/95079"}],"wp:attachment":[{"href":"https:\/\/noticiasbahia360.com.br\/index.php?rest_route=%2Fwp%2Fv2%2Fmedia&parent=95078"}],"wp:term":[{"taxonomy":"category","embeddable":true,"href":"https:\/\/noticiasbahia360.com.br\/index.php?rest_route=%2Fwp%2Fv2%2Fcategories&post=95078"},{"taxonomy":"post_tag","embeddable":true,"href":"https:\/\/noticiasbahia360.com.br\/index.php?rest_route=%2Fwp%2Fv2%2Ftags&post=95078"}],"curies":[{"name":"wp","href":"https:\/\/api.w.org\/{rel}","templated":true}]}}