{"id":95081,"date":"2025-07-29T16:51:44","date_gmt":"2025-07-29T19:51:44","guid":{"rendered":"https:\/\/noticiasbahia360.com.br\/?p=95081"},"modified":"2025-07-29T16:51:44","modified_gmt":"2025-07-29T19:51:44","slug":"desconto-no-ipva-para-placas-de-final-9-vai-ate-esta-quarta-feira-30","status":"publish","type":"post","link":"https:\/\/noticiasbahia360.com.br\/?p=95081","title":{"rendered":"Desconto no IPVA para placas de final 9 vai at\u00e9 esta quarta-feira (30)"},"content":{"rendered":"<div>\n<div>\n<figure><img decoding=\"async\" src=\"http:\/\/noticiasbahia360.com.br\/wp-content\/uploads\/2025\/07\/carros_avenida_ciclista_ipva-768x512-ELOI-CORREA-gov-ba-ipva-estrada-640.jpg\" alt=\"carros_avenida_ciclista_ipva-768x512-ELOI-CORREA-gov-ba-ipva-estrada-640\"><figcaption>Foto: El\u00f3i Correia\/ GOVBA<\/figcaption><\/figure>\n<\/div>\n<p>Vai at\u00e9 esta quarta-feira (30) o prazo para pagamento do IPVA com desconto de 8% para ve\u00edculos com placas de final 9. O abatimento vale para quem quitar o tributo em cota \u00fanica. Se a op\u00e7\u00e3o for pelo pagamento em cinco parcelas, sem desconto, a primeira cota tamb\u00e9m vence no dia 30 de julho. Para as placas de final 0, estes prazos v\u00e3o at\u00e9 quinta (31). O calend\u00e1rio do IPVA 2025 est\u00e1 dispon\u00edvel no site\u00a0<a href=\"https:\/\/www.sefaz.ba.gov.br\/\" target=\"_blank\" rel=\"noreferrer noopener\">https:\/\/www.sefaz.ba.gov.br<\/a>, no canal \u201cInspetoria eletr\u00f4nica\u201d, \u201cIPVA\u201d, \u201cCalend\u00e1rio\u201d.<\/p>\n<p>O pagamento em cota \u00fanica com desconto de 8% pode ser realizado via Pix, por meio do portal<a href=\"https:\/\/www.ba.gov.br\/comunicacao\/%20www.ba.gov.br.\">\u00a0www.ba.gov.br.<\/a>\u00a0Para isso, basta entrar com usu\u00e1rio, senha e solicitar o servi\u00e7o \u201cPagar licenciamento cota \u00fanica \u2013 emiss\u00e3o do DAE\u201d. Tamb\u00e9m \u00e9 poss\u00edvel pagar o IPVA pelos canais das institui\u00e7\u00f5es parceiras da Secretaria da Fazenda do Estado da Bahia (Sefaz-BA): Banco do Brasil, Bradesco ou Banco Sicoob.<\/p>\n<p>Caso o contribuinte prefira quitar o imposto em cota \u00fanica, sem desconto, o prazo para a placa 9 \u00e9 at\u00e9 27 de novembro. Em caso de descumprimento dos prazos, o propriet\u00e1rio do ve\u00edculo perde o direito ao parcelamento ou ao desconto e dever\u00e1 quitar o valor integral no dia do vencimento da \u00faltima cota.<\/p>\n<h2 class=\"wp-block-heading\" id=\"h-outros-prazos\">Outros prazos<\/h2>\n<p>Os donos de autom\u00f3veis com placas 7 e 8 que dividiram o tributo em cinco vezes precisam quitar a segunda cota tamb\u00e9m at\u00e9 30 e 31 de julho, respectivamente. Nessas mesmas datas, 30 e 31 de julho, ocorre o vencimento da terceira cota para placas 5 e 6, da quarta cota para placas 3 e 4, e da quinta cota para placas 1 e 2, respectivamente. No caso dos donos de autom\u00f3veis com placas 1 e 2 que n\u00e3o parcelaram o tributo, 30 e 31 de julho tamb\u00e9m s\u00e3o os \u00faltimos dias para pagar a cota \u00fanica do IPVA sem desconto.<\/p>\n<p>Para mais informa\u00e7\u00f5es, o contribuinte pode utilizar o atendimento do Balc\u00e3o Virtual, tamb\u00e9m no site\u00a0<a href=\"https:\/\/www.sefaz.ba.gov.br\/\" target=\"_blank\" rel=\"noreferrer noopener\">https:\/\/www.sefaz.ba.gov.br<\/a>, enviar e-mail para\u00a0<a href=\"mailto:faleconosco@sefaz.ba.gov.br\" target=\"_blank\" rel=\"noreferrer noopener\">faleconosco@sefaz.ba.gov.br<\/a>\u00a0ou ligar para o call center, no 0800 071 0071 (para liga\u00e7\u00f5es de telefone fixo) ou no 71 3319-2500 ou 2501 (para liga\u00e7\u00f5es de celular ou de telefone fixo).<\/p>\n<p>De acordo com o Departamento Estadual de Tr\u00e2nsito da Bahia (Detran-BA), o contribuinte deve estar atento pois o licenciamento completo do ve\u00edculo engloba outros itens al\u00e9m do IPVA, ou seja, para o autom\u00f3vel estar regularizado \u00e9 necess\u00e1rio quitar tamb\u00e9m d\u00e9bitos do licenciamento anual e multas, se houver. O prazo para ficar em dia com a documenta\u00e7\u00e3o do ve\u00edculo termina na data do vencimento da quinta parcela do imposto.\u00a0<\/p>\n<p><em>Siga o Acorda Cidade no<\/em><a href=\"https:\/\/news.google.com\/search?q=acorda%20cidade&amp;hl=pt-BR&amp;gl=BR&amp;ceid=BR%3Apt-419\"><strong><em>\u00a0Google Not\u00edcias<\/em><\/strong><\/a><em>\u00a0e receba os principais destaques do dia. Participe tamb\u00e9m dos nossos canais no\u00a0<\/em><a href=\"https:\/\/www.whatsapp.com\/channel\/0029Va6Rb4v3WHTNnsh8WI3N\"><strong><em>WhatsApp<\/em><\/strong><\/a><em>\u00a0e\u00a0<\/em><a href=\"https:\/\/www.youtube.com\/@acordacidadenoticias\/videos\"><strong>Youtube<\/strong><\/a><em>\u00a0e grupo de\u00a0<\/em><a href=\"https:\/\/t.me\/+sSz0khrgARA0ZmRh\"><strong><em>Telegram<\/em><\/strong><\/a><em>.<\/em><\/p>\n<\/div>\n","protected":false},"excerpt":{"rendered":"<div>\n<div>\n<figure><img decoding=\"async\" src=\"https:\/\/uploads.acordacidade.com.br\/wp-content\/uploads\/2022\/11\/21084952\/carros_avenida_ciclista_ipva-768x512-ELOI-CORREA-gov-ba-ipva-estrada-640.jpg\" alt=\"carros_avenida_ciclista_ipva-768x512-ELOI-CORREA-gov-ba-ipva-estrada-640\"><figcaption>Foto: El\u00f3i Correia\/ GOVBA<\/figcaption><\/figure>\n<\/div>\n<p>O calend\u00e1rio do IPVA 2025 est\u00e1 dispon\u00edvel no site\u00a0https:\/\/www.sefaz.ba.gov.br, no canal \u201cInspetoria eletr\u00f4nica\u201d, \u201cIPVA\u201d, \u201cCalend\u00e1rio\u201d.<\/p><\/div>\n","protected":false},"author":1,"featured_media":95082,"comment_status":"closed","ping_status":"closed","sticky":false,"template":"","format":"gallery","meta":{"footnotes":""},"categories":[8,9,6,57,56,10],"tags":[],"class_list":["post-95081","post","type-post","status-publish","format-gallery","has-post-thumbnail","hentry","category-bahia","category-brasil","category-feira-de-santana","category-mundo","category-policia","category-politica","post_format-post-format-gallery"],"featured_image_urls":{"full":["https:\/\/noticiasbahia360.com.br\/wp-content\/uploads\/2025\/07\/carros_avenida_ciclista_ipva-768x512-ELOI-CORREA-gov-ba-ipva-estrada-640.jpg",640,426,false],"thumbnail":["https:\/\/noticiasbahia360.com.br\/wp-content\/uploads\/2025\/07\/carros_avenida_ciclista_ipva-768x512-ELOI-CORREA-gov-ba-ipva-estrada-640-150x150.jpg",150,150,true],"medium":["https:\/\/noticiasbahia360.com.br\/wp-content\/uploads\/2025\/07\/carros_avenida_ciclista_ipva-768x512-ELOI-CORREA-gov-ba-ipva-estrada-640-300x200.jpg",300,200,true],"medium_large":["https:\/\/noticiasbahia360.com.br\/wp-content\/uploads\/2025\/07\/carros_avenida_ciclista_ipva-768x512-ELOI-CORREA-gov-ba-ipva-estrada-640.jpg",640,426,false],"large":["https:\/\/noticiasbahia360.com.br\/wp-content\/uploads\/2025\/07\/carros_avenida_ciclista_ipva-768x512-ELOI-CORREA-gov-ba-ipva-estrada-640.jpg",640,426,false],"1536x1536":["https:\/\/noticiasbahia360.com.br\/wp-content\/uploads\/2025\/07\/carros_avenida_ciclista_ipva-768x512-ELOI-CORREA-gov-ba-ipva-estrada-640.jpg",640,426,false],"2048x2048":["https:\/\/noticiasbahia360.com.br\/wp-content\/uploads\/2025\/07\/carros_avenida_ciclista_ipva-768x512-ELOI-CORREA-gov-ba-ipva-estrada-640.jpg",640,426,false],"chromenews-featured":["https:\/\/noticiasbahia360.com.br\/wp-content\/uploads\/2025\/07\/carros_avenida_ciclista_ipva-768x512-ELOI-CORREA-gov-ba-ipva-estrada-640.jpg",640,426,false],"chromenews-large":["https:\/\/noticiasbahia360.com.br\/wp-content\/uploads\/2025\/07\/carros_avenida_ciclista_ipva-768x512-ELOI-CORREA-gov-ba-ipva-estrada-640.jpg",640,426,false],"chromenews-medium":["https:\/\/noticiasbahia360.com.br\/wp-content\/uploads\/2025\/07\/carros_avenida_ciclista_ipva-768x512-ELOI-CORREA-gov-ba-ipva-estrada-640-590x410.jpg",590,410,true]},"author_info":{"display_name":"noticiasbahia360.com.br","author_link":"https:\/\/noticiasbahia360.com.br\/?author=1"},"category_info":"<a href=\"https:\/\/noticiasbahia360.com.br\/?cat=8\" rel=\"category\">Bahia<\/a> <a href=\"https:\/\/noticiasbahia360.com.br\/?cat=9\" rel=\"category\">Brasil<\/a> <a href=\"https:\/\/noticiasbahia360.com.br\/?cat=6\" rel=\"category\">Feira de Santana<\/a> <a href=\"https:\/\/noticiasbahia360.com.br\/?cat=57\" rel=\"category\">Mundo<\/a> <a href=\"https:\/\/noticiasbahia360.com.br\/?cat=56\" rel=\"category\">Pol\u00edcia<\/a> <a href=\"https:\/\/noticiasbahia360.com.br\/?cat=10\" rel=\"category\">Pol\u00edtica<\/a>","tag_info":"Pol\u00edtica","comment_count":"0","_links":{"self":[{"href":"https:\/\/noticiasbahia360.com.br\/index.php?rest_route=\/wp\/v2\/posts\/95081","targetHints":{"allow":["GET"]}}],"collection":[{"href":"https:\/\/noticiasbahia360.com.br\/index.php?rest_route=\/wp\/v2\/posts"}],"about":[{"href":"https:\/\/noticiasbahia360.com.br\/index.php?rest_route=\/wp\/v2\/types\/post"}],"author":[{"embeddable":true,"href":"https:\/\/noticiasbahia360.com.br\/index.php?rest_route=\/wp\/v2\/users\/1"}],"replies":[{"embeddable":true,"href":"https:\/\/noticiasbahia360.com.br\/index.php?rest_route=%2Fwp%2Fv2%2Fcomments&post=95081"}],"version-history":[{"count":0,"href":"https:\/\/noticiasbahia360.com.br\/index.php?rest_route=\/wp\/v2\/posts\/95081\/revisions"}],"wp:featuredmedia":[{"embeddable":true,"href":"https:\/\/noticiasbahia360.com.br\/index.php?rest_route=\/wp\/v2\/media\/95082"}],"wp:attachment":[{"href":"https:\/\/noticiasbahia360.com.br\/index.php?rest_route=%2Fwp%2Fv2%2Fmedia&parent=95081"}],"wp:term":[{"taxonomy":"category","embeddable":true,"href":"https:\/\/noticiasbahia360.com.br\/index.php?rest_route=%2Fwp%2Fv2%2Fcategories&post=95081"},{"taxonomy":"post_tag","embeddable":true,"href":"https:\/\/noticiasbahia360.com.br\/index.php?rest_route=%2Fwp%2Fv2%2Ftags&post=95081"}],"curies":[{"name":"wp","href":"https:\/\/api.w.org\/{rel}","templated":true}]}}