{"id":95087,"date":"2025-07-29T17:21:49","date_gmt":"2025-07-29T20:21:49","guid":{"rendered":"https:\/\/noticiasbahia360.com.br\/?p=95087"},"modified":"2025-07-29T17:21:49","modified_gmt":"2025-07-29T20:21:49","slug":"celulares-furtados-em-show-de-natanzinho-lima-sao-recuperados-em-feira-de-santana-e-salvador","status":"publish","type":"post","link":"https:\/\/noticiasbahia360.com.br\/?p=95087","title":{"rendered":"Celulares furtados em show de Natanzinho Lima s\u00e3o recuperados em Feira de Santana e Salvador"},"content":{"rendered":"<div>\n<div>\n<figure><img decoding=\"async\" src=\"http:\/\/noticiasbahia360.com.br\/wp-content\/uploads\/2025\/07\/0468-achei-sudoeste-delegacia-territorial-de-brumado.webp\" alt=\"Pol\u00edcia civil recupera celulares furtados em Brumado\"><figcaption>Foto: Lay Amorim\/Achei Sudoeste<\/figcaption><\/figure>\n<\/div>\n<p>Dois aparelhos furtados foram encontrados em Salvador e Feira de Santana, e um terceiro est\u00e1 prestes a ser recuperado em S\u00e3o Francisco do Conde. Com base nos boletins de ocorr\u00eancia registrados durante o anivers\u00e1rio da cidade de Brumado, a Pol\u00edcia Civil iniciou uma investiga\u00e7\u00e3o para rastrear celulares furtados durante o show do cantor Natanzinho Lima, ocorrido em junho. Aproximadamente 100 aparelhos foram subtra\u00eddos no evento.<\/p>\n<p>Utilizando o n\u00famero de identifica\u00e7\u00e3o IMEI \u2014 sigla para International Mobile Equipment Identity, que funciona como um \u201cRG\u201d do celular \u2014 os agentes conseguiram localizar parte dos dispositivos. O IMEI \u00e9 um n\u00famero \u00fanico de identifica\u00e7\u00e3o de 15 d\u00edgitos de cada aparelho celular. Com ele \u00e9 poss\u00edvel identificar e rastrear, especialmente em casos de perda, furto ou roubo.<\/p>\n<p>O investigador L\u00facio Estrela disse em entrevista ao site Achei Sudoeste, parceiro do Acorda Cidade, que as dilig\u00eancias devem continuam para recuperar mais celulares.<\/p>\n<p>Os aparelhos permanecem sob cust\u00f3dia das delegacias nas cidades onde foram encontrados. Assim que forem encaminhados de volta a Brumado, os propriet\u00e1rios ser\u00e3o contatados para receber seus dispositivos de volta.<\/p>\n<p><em>Siga o Acorda Cidade no<\/em><a href=\"https:\/\/news.google.com\/search?q=acorda%20cidade&amp;hl=pt-BR&amp;gl=BR&amp;ceid=BR%3Apt-419\"><strong><em>\u00a0Google Not\u00edcias<\/em><\/strong><\/a><em>\u00a0e receba os principais destaques do dia. Participe tamb\u00e9m dos nossos canais no\u00a0<\/em><a href=\"https:\/\/www.whatsapp.com\/channel\/0029Va6Rb4v3WHTNnsh8WI3N\"><strong><em>WhatsApp<\/em><\/strong><\/a><em>\u00a0e\u00a0<\/em><a href=\"https:\/\/www.youtube.com\/@acordacidadenoticias\/videos\"><strong>Youtube<\/strong><\/a><em>\u00a0e grupo de\u00a0<\/em><a href=\"https:\/\/t.me\/+sSz0khrgARA0ZmRh\"><strong><em>Telegram<\/em><\/strong><\/a><em>.<\/em><\/p>\n<\/div>\n","protected":false},"excerpt":{"rendered":"<div>\n<div>\n<figure><img decoding=\"async\" src=\"https:\/\/uploads.acordacidade.com.br\/2025\/07\/0468-achei-sudoeste-delegacia-territorial-de-brumado.webp\" alt=\"Pol\u00edcia civil recupera celulares furtados em Brumado\"><figcaption>Foto: Lay Amorim\/Achei Sudoeste<\/figcaption><\/figure>\n<\/div>\n<p>Assim que forem encaminhados de volta a cidade de Brumado, os propriet\u00e1rios ser\u00e3o contatados para receber seus celulares de volta.<\/p><\/div>\n","protected":false},"author":1,"featured_media":95088,"comment_status":"closed","ping_status":"closed","sticky":false,"template":"","format":"gallery","meta":{"footnotes":""},"categories":[8,9,6,57,56,10],"tags":[],"class_list":["post-95087","post","type-post","status-publish","format-gallery","has-post-thumbnail","hentry","category-bahia","category-brasil","category-feira-de-santana","category-mundo","category-policia","category-politica","post_format-post-format-gallery"],"featured_image_urls":{"full":["https:\/\/noticiasbahia360.com.br\/wp-content\/uploads\/2025\/07\/0468-achei-sudoeste-delegacia-territorial-de-brumado.webp",1200,800,false],"thumbnail":["https:\/\/noticiasbahia360.com.br\/wp-content\/uploads\/2025\/07\/0468-achei-sudoeste-delegacia-territorial-de-brumado-150x150.webp",150,150,true],"medium":["https:\/\/noticiasbahia360.com.br\/wp-content\/uploads\/2025\/07\/0468-achei-sudoeste-delegacia-territorial-de-brumado-300x200.webp",300,200,true],"medium_large":["https:\/\/noticiasbahia360.com.br\/wp-content\/uploads\/2025\/07\/0468-achei-sudoeste-delegacia-territorial-de-brumado-768x512.webp",640,427,true],"large":["https:\/\/noticiasbahia360.com.br\/wp-content\/uploads\/2025\/07\/0468-achei-sudoeste-delegacia-territorial-de-brumado-1024x683.webp",640,427,true],"1536x1536":["https:\/\/noticiasbahia360.com.br\/wp-content\/uploads\/2025\/07\/0468-achei-sudoeste-delegacia-territorial-de-brumado.webp",1200,800,false],"2048x2048":["https:\/\/noticiasbahia360.com.br\/wp-content\/uploads\/2025\/07\/0468-achei-sudoeste-delegacia-territorial-de-brumado.webp",1200,800,false],"chromenews-featured":["https:\/\/noticiasbahia360.com.br\/wp-content\/uploads\/2025\/07\/0468-achei-sudoeste-delegacia-territorial-de-brumado-1024x683.webp",1024,683,true],"chromenews-large":["https:\/\/noticiasbahia360.com.br\/wp-content\/uploads\/2025\/07\/0468-achei-sudoeste-delegacia-territorial-de-brumado-825x575.webp",825,575,true],"chromenews-medium":["https:\/\/noticiasbahia360.com.br\/wp-content\/uploads\/2025\/07\/0468-achei-sudoeste-delegacia-territorial-de-brumado-590x410.webp",590,410,true]},"author_info":{"display_name":"noticiasbahia360.com.br","author_link":"https:\/\/noticiasbahia360.com.br\/?author=1"},"category_info":"<a href=\"https:\/\/noticiasbahia360.com.br\/?cat=8\" rel=\"category\">Bahia<\/a> <a href=\"https:\/\/noticiasbahia360.com.br\/?cat=9\" rel=\"category\">Brasil<\/a> <a href=\"https:\/\/noticiasbahia360.com.br\/?cat=6\" rel=\"category\">Feira de Santana<\/a> <a href=\"https:\/\/noticiasbahia360.com.br\/?cat=57\" rel=\"category\">Mundo<\/a> <a href=\"https:\/\/noticiasbahia360.com.br\/?cat=56\" rel=\"category\">Pol\u00edcia<\/a> <a href=\"https:\/\/noticiasbahia360.com.br\/?cat=10\" rel=\"category\">Pol\u00edtica<\/a>","tag_info":"Pol\u00edtica","comment_count":"0","_links":{"self":[{"href":"https:\/\/noticiasbahia360.com.br\/index.php?rest_route=\/wp\/v2\/posts\/95087","targetHints":{"allow":["GET"]}}],"collection":[{"href":"https:\/\/noticiasbahia360.com.br\/index.php?rest_route=\/wp\/v2\/posts"}],"about":[{"href":"https:\/\/noticiasbahia360.com.br\/index.php?rest_route=\/wp\/v2\/types\/post"}],"author":[{"embeddable":true,"href":"https:\/\/noticiasbahia360.com.br\/index.php?rest_route=\/wp\/v2\/users\/1"}],"replies":[{"embeddable":true,"href":"https:\/\/noticiasbahia360.com.br\/index.php?rest_route=%2Fwp%2Fv2%2Fcomments&post=95087"}],"version-history":[{"count":0,"href":"https:\/\/noticiasbahia360.com.br\/index.php?rest_route=\/wp\/v2\/posts\/95087\/revisions"}],"wp:featuredmedia":[{"embeddable":true,"href":"https:\/\/noticiasbahia360.com.br\/index.php?rest_route=\/wp\/v2\/media\/95088"}],"wp:attachment":[{"href":"https:\/\/noticiasbahia360.com.br\/index.php?rest_route=%2Fwp%2Fv2%2Fmedia&parent=95087"}],"wp:term":[{"taxonomy":"category","embeddable":true,"href":"https:\/\/noticiasbahia360.com.br\/index.php?rest_route=%2Fwp%2Fv2%2Fcategories&post=95087"},{"taxonomy":"post_tag","embeddable":true,"href":"https:\/\/noticiasbahia360.com.br\/index.php?rest_route=%2Fwp%2Fv2%2Ftags&post=95087"}],"curies":[{"name":"wp","href":"https:\/\/api.w.org\/{rel}","templated":true}]}}