{"id":95089,"date":"2025-07-29T17:21:55","date_gmt":"2025-07-29T20:21:55","guid":{"rendered":"https:\/\/noticiasbahia360.com.br\/?p=95089"},"modified":"2025-07-29T17:21:55","modified_gmt":"2025-07-29T20:21:55","slug":"casa-da-ponte-promove-encontro-de-filarmonicas-na-cidade-de-sao-felix","status":"publish","type":"post","link":"https:\/\/noticiasbahia360.com.br\/?p=95089","title":{"rendered":"Casa da Ponte promove encontro de filarm\u00f4nicas na cidade de S\u00e3o F\u00e9lix"},"content":{"rendered":"<div>\n<div>\n<figure><img decoding=\"async\" src=\"http:\/\/noticiasbahia360.com.br\/wp-content\/uploads\/2025\/07\/CasadaPonte-credito_Jardel_Souza.webp\" alt=\"Casa da ponte apresenta filarm\u00f4nicas em S\u00e3o F\u00e9lix\"><figcaption>Foto: Jardel Souza<\/figcaption><\/figure>\n<\/div>\n<p>A Casa da Ponte realiza a primeira edi\u00e7\u00e3o do projeto Ponte Para as Filarm\u00f4nicas<strong>,\u00a0<\/strong>nos dias 2\/08 (s\u00e1bado) e 3\/08 (domingo), S\u00e3o F\u00e9lix, no Rec\u00f4ncavo Baiano. O evento \u00e9 uma iniciativa que valoriza as bandas filarm\u00f4nicas como patrim\u00f4nio imaterial da Bahia, e promove a\u00e7\u00f5es de forma\u00e7\u00e3o, integra\u00e7\u00e3o e troca entre m\u00fasicos de diferentes gera\u00e7\u00f5es e linguagens musicais. Esta primeira edi\u00e7\u00e3o contar\u00e1\u00a0com representantes de Santo Amaro,\u00a0Cachoeira,\u00a0Cruz das Almas, Muritiba, Acupe e S\u00e3o F\u00e9lix.<\/p>\n<p>Durante o encontro, os integrantes de sete\u00a0filarm\u00f4nicasir\u00e3oparticipar\u00a0de oficinas de flauta, clarinete, saxofone, trompete, trombone, tuba, bombardino, percuss\u00e3o e arranjos. As atividades ser\u00e3o conduzidas por m\u00fasicos da Orquestra Afrosinf\u00f4nica, incluindo o maestro Ubiratan Marques, e por professores convidados.\u00a0<\/p>\n<p>As oficinas acontecem no centro da cidade, com programa\u00e7\u00e3o intensiva nos dois dias. Participam da a\u00e7\u00e3o as filarm\u00f4nicas Filhos de Apolo, Euterpe Cruzalmense, 5 de Mar\u00e7o, 19 de Mar\u00e7o,\u00a0Lyra Ceciliana,\u00a0Lira Guarani e Uni\u00e3o Sanfelixta.<\/p>\n<p>O encerramento do encontro contar\u00e1 com uma apresenta\u00e7\u00e3o p\u00fablica gratuita, no domingo (3\/08), \u00e0s 17h, no Porto S\u00e3o F\u00e9lix (Avenida Salvador Pinto), aberta a toda a comunidade. O momento celebrar\u00e1 os dois dias de trocas entre mestres, m\u00fasicos e bandas participantes, conectando tradi\u00e7\u00e3o e contemporaneidade no espa\u00e7o p\u00fablico.<\/p>\n<p>Segundo a organiza\u00e7\u00e3o, a a\u00e7\u00e3o busca ampliar a visibilidade dessas institui\u00e7\u00f5es centen\u00e1rias no cen\u00e1rio cultural baiano. As filarm\u00f4nicas t\u00eam um papel fundamental na forma\u00e7\u00e3o musical comunit\u00e1ria. \u201cA proposta \u00e9 criar pontes entre saberes musicais, entre gera\u00e7\u00f5es e entre territ\u00f3rios. Acreditamos que as filarm\u00f4nicas s\u00e3o fundamentos hist\u00f3ricos e culturais da m\u00fasica produzida na Bahia\u201d, afirma Ubiratan Marques, maestro e presidente da Casa da Ponte.<\/p>\n<p>O projeto conta com apoio financeiro do Governo do Estado da Bahia, por meio do Fundo de Cultura \/ Programa de Apoio a A\u00e7\u00f5es Continuadas.<\/p>\n<h2 class=\"wp-block-heading\" id=\"h-servico\">Servi\u00e7o:<\/h2>\n<p><strong>Ponte Para as Filarm\u00f4nicas<\/strong><\/p>\n<p><strong>Local:\u00a0<\/strong>S\u00e3o F\u00e9lix (BA)<\/p>\n<p><strong>Datas:<\/strong>\u00a02 e 3 de agosto de 2025<\/p>\n<p><strong>Local das oficinas: <\/strong>Escola Bal\u00e3o M\u00e1gico \u2013 Rua Marechal Deodoro da Fonseca, Centro<\/p>\n<p><strong>Apresenta\u00e7\u00e3o final:<\/strong> domingo, 3\/08, \u00e0s 17h \u2013 Porto S\u00e3o F\u00e9lix (Av. Salvador Pinto)<\/p>\n<p><strong>Entrada livre<\/strong><\/p>\n<p><strong>Realiza\u00e7\u00e3o:<\/strong> Casa da Ponte Maestro Ubiratan Marques<\/p>\n<p><strong>Apoio financeiro: <\/strong>Governo do Estado da Bahia, por meio do Fundo de Cultura da Bahia | Programa de Apoio \u00e0s A\u00e7\u00f5es Continuadas<\/p>\n<p><em>Siga o Acorda Cidade no<\/em><a href=\"https:\/\/news.google.com\/search?q=acorda%20cidade&amp;hl=pt-BR&amp;gl=BR&amp;ceid=BR%3Apt-419\"><strong><em>\u00a0Google Not\u00edcias<\/em><\/strong><\/a><em>\u00a0e receba os principais destaques do dia. Participe tamb\u00e9m dos nossos canais no\u00a0<\/em><a href=\"https:\/\/www.whatsapp.com\/channel\/0029Va6Rb4v3WHTNnsh8WI3N\"><strong><em>WhatsApp<\/em><\/strong><\/a><em>\u00a0e\u00a0<\/em><a href=\"https:\/\/www.youtube.com\/@acordacidadenoticias\/videos\"><strong>Youtube<\/strong><\/a><em>\u00a0e grupo de\u00a0<\/em><a href=\"https:\/\/t.me\/+sSz0khrgARA0ZmRh\"><strong><em>Telegram<\/em><\/strong><\/a><em>.<\/em><\/p>\n<\/div>\n","protected":false},"excerpt":{"rendered":"<div>\n<div>\n<figure><img decoding=\"async\" src=\"https:\/\/uploads.acordacidade.com.br\/2025\/07\/CasadaPonte-credito_Jardel_Souza.webp\" alt=\"Casa da ponte apresenta filarm\u00f4nicas em S\u00e3o F\u00e9lix\"><figcaption>Foto: Jardel Souza<\/figcaption><\/figure>\n<\/div>\n<p>S\u00e3o F\u00e9lix recebe a Ponte para as Filarm\u00f4nicas, dias 2 e 3\/08, com oficinas, interc\u00e2mbio musical e apresenta\u00e7\u00e3o p\u00fablica.<\/p><\/div>\n","protected":false},"author":1,"featured_media":95090,"comment_status":"closed","ping_status":"closed","sticky":false,"template":"","format":"gallery","meta":{"footnotes":""},"categories":[8,9,6,57,56,10],"tags":[],"class_list":["post-95089","post","type-post","status-publish","format-gallery","has-post-thumbnail","hentry","category-bahia","category-brasil","category-feira-de-santana","category-mundo","category-policia","category-politica","post_format-post-format-gallery"],"featured_image_urls":{"full":["https:\/\/noticiasbahia360.com.br\/wp-content\/uploads\/2025\/07\/CasadaPonte-credito_Jardel_Souza.webp",1200,720,false],"thumbnail":["https:\/\/noticiasbahia360.com.br\/wp-content\/uploads\/2025\/07\/CasadaPonte-credito_Jardel_Souza-150x150.webp",150,150,true],"medium":["https:\/\/noticiasbahia360.com.br\/wp-content\/uploads\/2025\/07\/CasadaPonte-credito_Jardel_Souza-300x180.webp",300,180,true],"medium_large":["https:\/\/noticiasbahia360.com.br\/wp-content\/uploads\/2025\/07\/CasadaPonte-credito_Jardel_Souza-768x461.webp",640,384,true],"large":["https:\/\/noticiasbahia360.com.br\/wp-content\/uploads\/2025\/07\/CasadaPonte-credito_Jardel_Souza-1024x614.webp",640,384,true],"1536x1536":["https:\/\/noticiasbahia360.com.br\/wp-content\/uploads\/2025\/07\/CasadaPonte-credito_Jardel_Souza.webp",1200,720,false],"2048x2048":["https:\/\/noticiasbahia360.com.br\/wp-content\/uploads\/2025\/07\/CasadaPonte-credito_Jardel_Souza.webp",1200,720,false],"chromenews-featured":["https:\/\/noticiasbahia360.com.br\/wp-content\/uploads\/2025\/07\/CasadaPonte-credito_Jardel_Souza-1024x614.webp",1024,614,true],"chromenews-large":["https:\/\/noticiasbahia360.com.br\/wp-content\/uploads\/2025\/07\/CasadaPonte-credito_Jardel_Souza-825x575.webp",825,575,true],"chromenews-medium":["https:\/\/noticiasbahia360.com.br\/wp-content\/uploads\/2025\/07\/CasadaPonte-credito_Jardel_Souza-590x410.webp",590,410,true]},"author_info":{"display_name":"noticiasbahia360.com.br","author_link":"https:\/\/noticiasbahia360.com.br\/?author=1"},"category_info":"<a href=\"https:\/\/noticiasbahia360.com.br\/?cat=8\" rel=\"category\">Bahia<\/a> <a href=\"https:\/\/noticiasbahia360.com.br\/?cat=9\" rel=\"category\">Brasil<\/a> <a href=\"https:\/\/noticiasbahia360.com.br\/?cat=6\" rel=\"category\">Feira de Santana<\/a> <a href=\"https:\/\/noticiasbahia360.com.br\/?cat=57\" rel=\"category\">Mundo<\/a> <a href=\"https:\/\/noticiasbahia360.com.br\/?cat=56\" rel=\"category\">Pol\u00edcia<\/a> <a href=\"https:\/\/noticiasbahia360.com.br\/?cat=10\" rel=\"category\">Pol\u00edtica<\/a>","tag_info":"Pol\u00edtica","comment_count":"0","_links":{"self":[{"href":"https:\/\/noticiasbahia360.com.br\/index.php?rest_route=\/wp\/v2\/posts\/95089","targetHints":{"allow":["GET"]}}],"collection":[{"href":"https:\/\/noticiasbahia360.com.br\/index.php?rest_route=\/wp\/v2\/posts"}],"about":[{"href":"https:\/\/noticiasbahia360.com.br\/index.php?rest_route=\/wp\/v2\/types\/post"}],"author":[{"embeddable":true,"href":"https:\/\/noticiasbahia360.com.br\/index.php?rest_route=\/wp\/v2\/users\/1"}],"replies":[{"embeddable":true,"href":"https:\/\/noticiasbahia360.com.br\/index.php?rest_route=%2Fwp%2Fv2%2Fcomments&post=95089"}],"version-history":[{"count":0,"href":"https:\/\/noticiasbahia360.com.br\/index.php?rest_route=\/wp\/v2\/posts\/95089\/revisions"}],"wp:featuredmedia":[{"embeddable":true,"href":"https:\/\/noticiasbahia360.com.br\/index.php?rest_route=\/wp\/v2\/media\/95090"}],"wp:attachment":[{"href":"https:\/\/noticiasbahia360.com.br\/index.php?rest_route=%2Fwp%2Fv2%2Fmedia&parent=95089"}],"wp:term":[{"taxonomy":"category","embeddable":true,"href":"https:\/\/noticiasbahia360.com.br\/index.php?rest_route=%2Fwp%2Fv2%2Fcategories&post=95089"},{"taxonomy":"post_tag","embeddable":true,"href":"https:\/\/noticiasbahia360.com.br\/index.php?rest_route=%2Fwp%2Fv2%2Ftags&post=95089"}],"curies":[{"name":"wp","href":"https:\/\/api.w.org\/{rel}","templated":true}]}}