{"id":95091,"date":"2025-07-29T17:40:29","date_gmt":"2025-07-29T20:40:29","guid":{"rendered":"https:\/\/noticiasbahia360.com.br\/?p=95091"},"modified":"2025-07-29T17:40:29","modified_gmt":"2025-07-29T20:40:29","slug":"apos-um-mes-celular-furtado-no-hgca-e-recuperado-pela-policia","status":"publish","type":"post","link":"https:\/\/noticiasbahia360.com.br\/?p=95091","title":{"rendered":"Ap\u00f3s um m\u00eas, celular furtado no HGCA \u00e9 recuperado pela pol\u00edcia"},"content":{"rendered":"<div>\n<div>\n<figure><img decoding=\"async\" src=\"http:\/\/noticiasbahia360.com.br\/wp-content\/uploads\/2025\/07\/celular-furtado-no-HGCA.webp\" alt=\"celular furtado no HGCA\"><figcaption>Foto: Ascom\/PC<\/figcaption><\/figure>\n<\/div>\n<p>A Pol\u00edcia Civil da Bahia \u2014 Delegacia de Repress\u00e3o a Furtos e Roubos de Feira de Santana (Diec\/1\u00aa Coorpin) recuperou nesta ter\u00e7a-feira (29), um aparelho celular subtra\u00eddo na recep\u00e7\u00e3o do Hospital Geral Cl\u00e9riston Andrade (HGCA).<\/p>\n<p>A v\u00edtima que passou por atendimento m\u00e9dico no local, teve seu celular furtado da bolsa, mas s\u00f3 deu falta do aparelho ao chegar em casa.<\/p>\n<p>O crime ocorreu no dia 1\u00ba de junho deste ano. A DRFR foi acionada no dia 28 de junho. Ap\u00f3s aproximadamente 30 dias de trabalho investigativo cont\u00ednuo, que incluiu levantamentos, cruzamento de dados e consultas a sistemas restritos de uso policial, os investigadores conseguiram identificar a localiza\u00e7\u00e3o e posse atual do bem.<\/p>\n<p>O atual possuidor do aparelho foi ouvido e liberado. As investiga\u00e7\u00f5es prosseguem com o objetivo de identificar se ele tem envolvimento no crime ou se trata de um comprador de boa-f\u00e9.<\/p>\n<p>A DRFR\/Feira de Santana reiterou o compromisso com a repress\u00e3o qualificada aos crimes patrimoniais no munic\u00edpio e orientou a popula\u00e7\u00e3o que, ao constatar qualquer furto ou roubo, procure imediatamente uma unidade policial para registro do fato, possibilitando pronta resposta investigativa e a poss\u00edvel recupera\u00e7\u00e3o do bem. <\/p>\n<p><em>Siga o Acorda Cidade no<\/em><a href=\"https:\/\/news.google.com\/search?q=acorda%20cidade&amp;hl=pt-BR&amp;gl=BR&amp;ceid=BR%3Apt-419\"><strong><em>\u00a0Google Not\u00edcias<\/em><\/strong><\/a><em>\u00a0e receba os principais destaques do dia. Participe tamb\u00e9m dos nossos canais no\u00a0<\/em><a href=\"https:\/\/www.whatsapp.com\/channel\/0029Va6Rb4v3WHTNnsh8WI3N\"><strong><em>WhatsApp<\/em><\/strong><\/a><em>\u00a0e\u00a0<\/em><a href=\"https:\/\/www.youtube.com\/@acordacidadenoticias\/videos\"><strong>Youtube<\/strong><\/a><em>\u00a0e grupo de\u00a0<\/em><a href=\"https:\/\/t.me\/+sSz0khrgARA0ZmRh\"><strong><em>Telegram<\/em><\/strong><\/a><em>.<\/em><\/p>\n<\/div>\n","protected":false},"excerpt":{"rendered":"<div>\n<div>\n<figure><img decoding=\"async\" src=\"https:\/\/uploads.acordacidade.com.br\/2025\/07\/celular-furtado-no-HGCA.webp\" alt=\"celular furtado no HGCA\"><figcaption>Foto: Ascom\/PC<\/figcaption><\/figure>\n<\/div>\n<p>A v\u00edtima que passou por atendimento m\u00e9dico no local, teve seu celular furtado da bolsa, mas s\u00f3 deu falta do aparelho ao chegar em casa.<\/p><\/div>\n","protected":false},"author":1,"featured_media":95092,"comment_status":"closed","ping_status":"closed","sticky":false,"template":"","format":"gallery","meta":{"footnotes":""},"categories":[8,9,6,57,56,10],"tags":[],"class_list":["post-95091","post","type-post","status-publish","format-gallery","has-post-thumbnail","hentry","category-bahia","category-brasil","category-feira-de-santana","category-mundo","category-policia","category-politica","post_format-post-format-gallery"],"featured_image_urls":{"full":["https:\/\/noticiasbahia360.com.br\/wp-content\/uploads\/2025\/07\/celular-furtado-no-HGCA.webp",1200,1144,false],"thumbnail":["https:\/\/noticiasbahia360.com.br\/wp-content\/uploads\/2025\/07\/celular-furtado-no-HGCA-150x150.webp",150,150,true],"medium":["https:\/\/noticiasbahia360.com.br\/wp-content\/uploads\/2025\/07\/celular-furtado-no-HGCA-300x286.webp",300,286,true],"medium_large":["https:\/\/noticiasbahia360.com.br\/wp-content\/uploads\/2025\/07\/celular-furtado-no-HGCA-768x732.webp",640,610,true],"large":["https:\/\/noticiasbahia360.com.br\/wp-content\/uploads\/2025\/07\/celular-furtado-no-HGCA-1024x976.webp",640,610,true],"1536x1536":["https:\/\/noticiasbahia360.com.br\/wp-content\/uploads\/2025\/07\/celular-furtado-no-HGCA.webp",1200,1144,false],"2048x2048":["https:\/\/noticiasbahia360.com.br\/wp-content\/uploads\/2025\/07\/celular-furtado-no-HGCA.webp",1200,1144,false],"chromenews-featured":["https:\/\/noticiasbahia360.com.br\/wp-content\/uploads\/2025\/07\/celular-furtado-no-HGCA-1024x976.webp",1024,976,true],"chromenews-large":["https:\/\/noticiasbahia360.com.br\/wp-content\/uploads\/2025\/07\/celular-furtado-no-HGCA-825x575.webp",825,575,true],"chromenews-medium":["https:\/\/noticiasbahia360.com.br\/wp-content\/uploads\/2025\/07\/celular-furtado-no-HGCA-590x410.webp",590,410,true]},"author_info":{"display_name":"noticiasbahia360.com.br","author_link":"https:\/\/noticiasbahia360.com.br\/?author=1"},"category_info":"<a href=\"https:\/\/noticiasbahia360.com.br\/?cat=8\" rel=\"category\">Bahia<\/a> <a href=\"https:\/\/noticiasbahia360.com.br\/?cat=9\" rel=\"category\">Brasil<\/a> <a href=\"https:\/\/noticiasbahia360.com.br\/?cat=6\" rel=\"category\">Feira de Santana<\/a> <a href=\"https:\/\/noticiasbahia360.com.br\/?cat=57\" rel=\"category\">Mundo<\/a> <a href=\"https:\/\/noticiasbahia360.com.br\/?cat=56\" rel=\"category\">Pol\u00edcia<\/a> <a href=\"https:\/\/noticiasbahia360.com.br\/?cat=10\" rel=\"category\">Pol\u00edtica<\/a>","tag_info":"Pol\u00edtica","comment_count":"0","_links":{"self":[{"href":"https:\/\/noticiasbahia360.com.br\/index.php?rest_route=\/wp\/v2\/posts\/95091","targetHints":{"allow":["GET"]}}],"collection":[{"href":"https:\/\/noticiasbahia360.com.br\/index.php?rest_route=\/wp\/v2\/posts"}],"about":[{"href":"https:\/\/noticiasbahia360.com.br\/index.php?rest_route=\/wp\/v2\/types\/post"}],"author":[{"embeddable":true,"href":"https:\/\/noticiasbahia360.com.br\/index.php?rest_route=\/wp\/v2\/users\/1"}],"replies":[{"embeddable":true,"href":"https:\/\/noticiasbahia360.com.br\/index.php?rest_route=%2Fwp%2Fv2%2Fcomments&post=95091"}],"version-history":[{"count":0,"href":"https:\/\/noticiasbahia360.com.br\/index.php?rest_route=\/wp\/v2\/posts\/95091\/revisions"}],"wp:featuredmedia":[{"embeddable":true,"href":"https:\/\/noticiasbahia360.com.br\/index.php?rest_route=\/wp\/v2\/media\/95092"}],"wp:attachment":[{"href":"https:\/\/noticiasbahia360.com.br\/index.php?rest_route=%2Fwp%2Fv2%2Fmedia&parent=95091"}],"wp:term":[{"taxonomy":"category","embeddable":true,"href":"https:\/\/noticiasbahia360.com.br\/index.php?rest_route=%2Fwp%2Fv2%2Fcategories&post=95091"},{"taxonomy":"post_tag","embeddable":true,"href":"https:\/\/noticiasbahia360.com.br\/index.php?rest_route=%2Fwp%2Fv2%2Ftags&post=95091"}],"curies":[{"name":"wp","href":"https:\/\/api.w.org\/{rel}","templated":true}]}} 