{"id":95093,"date":"2025-07-29T17:40:34","date_gmt":"2025-07-29T20:40:34","guid":{"rendered":"https:\/\/noticiasbahia360.com.br\/?p=95093"},"modified":"2025-07-29T17:40:34","modified_gmt":"2025-07-29T20:40:34","slug":"deputada-carla-zambelli-e-presa-da-italia","status":"publish","type":"post","link":"https:\/\/noticiasbahia360.com.br\/?p=95093","title":{"rendered":"Deputada Carla Zambelli \u00e9 presa da It\u00e1lia"},"content":{"rendered":"<div>\n<div>\n<figure><img decoding=\"async\" src=\"http:\/\/noticiasbahia360.com.br\/wp-content\/uploads\/2025\/07\/Carla-Zambelli-foto-Lula-marques-abr.jpg\" alt=\"Carla Zambelli\"><figcaption>Foto: Lula Marques\/Ag\u00eancia Brasil <\/figcaption><\/figure>\n<\/div>\n<p>Ag\u00eancia Brasil \u2013 A deputada federal Carla Zambelli foi presa pela pol\u00edcia italiana na tarde desta ter\u00e7a-feira (29) na It\u00e1lia. A informa\u00e7\u00e3o foi confirmada por fontes da Pol\u00edcia Federal.\u00a0<img decoding=\"async\" src=\"https:\/\/agenciabrasil.ebc.com.br\/ebc.png?id=1652470&amp;o=node\"><img decoding=\"async\" src=\"https:\/\/agenciabrasil.ebc.com.br\/ebc.gif?id=1652470&amp;o=node\"><\/p>\n<p>O deputado italiano Angelo Bonelli denunciou um endere\u00e7o em Roma no qual Zambelli estaria hospedada.\u00a0<\/p>\n<p>\u201cCarla Zambelli est\u00e1 em um apartamento em Roma. Dei o endere\u00e7o \u00e0 pol\u00edcia, e a pol\u00edcia j\u00e1 est\u00e1 identificando Zambelli\u201d, publicou Bonelli na rede X.<\/p>\n<p>Em maio, Zambelli\u00a0foi\u00a0condenada\u00a0a 10 anos de pris\u00e3o\u00a0por invas\u00e3o aos sistemas eletr\u00f4nicos do Conselho Nacional de Justi\u00e7a (CNJ).\u00a0Duas semanas\u00a0ap\u00f3s ser condenada, a\u00a0deputada deixou o Brasil\u00a0para evitar o cumprimento da pena.<\/p>\n<p><em>Siga o Acorda Cidade no<\/em><a href=\"https:\/\/news.google.com\/search?q=acorda%20cidade&amp;hl=pt-BR&amp;gl=BR&amp;ceid=BR%3Apt-419\"><strong><em>\u00a0Google Not\u00edcias<\/em><\/strong><\/a><em>\u00a0e receba os principais destaques do dia. Participe tamb\u00e9m dos nossos canais no\u00a0<\/em><a href=\"https:\/\/www.whatsapp.com\/channel\/0029Va6Rb4v3WHTNnsh8WI3N\"><strong><em>WhatsApp<\/em><\/strong><\/a><em>\u00a0e\u00a0<\/em><a href=\"https:\/\/www.youtube.com\/@acordacidadenoticias\/videos\"><strong>Youtube<\/strong><\/a><em>\u00a0e grupo de\u00a0<\/em><a href=\"https:\/\/t.me\/+sSz0khrgARA0ZmRh\"><strong><em>Telegram<\/em><\/strong><\/a><em>.<\/em><\/p>\n<\/div>\n","protected":false},"excerpt":{"rendered":"<div>\n<div>\n<figure><img decoding=\"async\" src=\"https:\/\/uploads.acordacidade.com.br\/2025\/05\/Carla-Zambelli-foto-Lula-marques-abr.jpg\" alt=\"Carla Zambelli\"><figcaption>Foto: Lula Marques\/Ag\u00eancia Brasil <\/figcaption><\/figure>\n<\/div>\n<p>O deputado italiano Angelo Bonelli denunciou um endere\u00e7o em Roma no qual Zambelli estaria hospedada.\u00a0Pris\u00e3o ocorreu nesta ter\u00e7a (29).<\/p><\/div>\n","protected":false},"author":1,"featured_media":95094,"comment_status":"closed","ping_status":"closed","sticky":false,"template":"","format":"gallery","meta":{"footnotes":""},"categories":[8,9,6,57,56,10],"tags":[],"class_list":["post-95093","post","type-post","status-publish","format-gallery","has-post-thumbnail","hentry","category-bahia","category-brasil","category-feira-de-santana","category-mundo","category-policia","category-politica","post_format-post-format-gallery"],"featured_image_urls":{"full":["https:\/\/noticiasbahia360.com.br\/wp-content\/uploads\/2025\/07\/Carla-Zambelli-foto-Lula-marques-abr.jpg",1200,718,false],"thumbnail":["https:\/\/noticiasbahia360.com.br\/wp-content\/uploads\/2025\/07\/Carla-Zambelli-foto-Lula-marques-abr-150x150.jpg",150,150,true],"medium":["https:\/\/noticiasbahia360.com.br\/wp-content\/uploads\/2025\/07\/Carla-Zambelli-foto-Lula-marques-abr-300x180.jpg",300,180,true],"medium_large":["https:\/\/noticiasbahia360.com.br\/wp-content\/uploads\/2025\/07\/Carla-Zambelli-foto-Lula-marques-abr-768x460.jpg",640,383,true],"large":["https:\/\/noticiasbahia360.com.br\/wp-content\/uploads\/2025\/07\/Carla-Zambelli-foto-Lula-marques-abr-1024x613.jpg",640,383,true],"1536x1536":["https:\/\/noticiasbahia360.com.br\/wp-content\/uploads\/2025\/07\/Carla-Zambelli-foto-Lula-marques-abr.jpg",1200,718,false],"2048x2048":["https:\/\/noticiasbahia360.com.br\/wp-content\/uploads\/2025\/07\/Carla-Zambelli-foto-Lula-marques-abr.jpg",1200,718,false],"chromenews-featured":["https:\/\/noticiasbahia360.com.br\/wp-content\/uploads\/2025\/07\/Carla-Zambelli-foto-Lula-marques-abr-1024x613.jpg",1024,613,true],"chromenews-large":["https:\/\/noticiasbahia360.com.br\/wp-content\/uploads\/2025\/07\/Carla-Zambelli-foto-Lula-marques-abr-825x575.jpg",825,575,true],"chromenews-medium":["https:\/\/noticiasbahia360.com.br\/wp-content\/uploads\/2025\/07\/Carla-Zambelli-foto-Lula-marques-abr-590x410.jpg",590,410,true]},"author_info":{"display_name":"noticiasbahia360.com.br","author_link":"https:\/\/noticiasbahia360.com.br\/?author=1"},"category_info":"<a href=\"https:\/\/noticiasbahia360.com.br\/?cat=8\" rel=\"category\">Bahia<\/a> <a href=\"https:\/\/noticiasbahia360.com.br\/?cat=9\" rel=\"category\">Brasil<\/a> <a href=\"https:\/\/noticiasbahia360.com.br\/?cat=6\" rel=\"category\">Feira de Santana<\/a> <a href=\"https:\/\/noticiasbahia360.com.br\/?cat=57\" rel=\"category\">Mundo<\/a> <a href=\"https:\/\/noticiasbahia360.com.br\/?cat=56\" rel=\"category\">Pol\u00edcia<\/a> <a href=\"https:\/\/noticiasbahia360.com.br\/?cat=10\" rel=\"category\">Pol\u00edtica<\/a>","tag_info":"Pol\u00edtica","comment_count":"0","_links":{"self":[{"href":"https:\/\/noticiasbahia360.com.br\/index.php?rest_route=\/wp\/v2\/posts\/95093","targetHints":{"allow":["GET"]}}],"collection":[{"href":"https:\/\/noticiasbahia360.com.br\/index.php?rest_route=\/wp\/v2\/posts"}],"about":[{"href":"https:\/\/noticiasbahia360.com.br\/index.php?rest_route=\/wp\/v2\/types\/post"}],"author":[{"embeddable":true,"href":"https:\/\/noticiasbahia360.com.br\/index.php?rest_route=\/wp\/v2\/users\/1"}],"replies":[{"embeddable":true,"href":"https:\/\/noticiasbahia360.com.br\/index.php?rest_route=%2Fwp%2Fv2%2Fcomments&post=95093"}],"version-history":[{"count":0,"href":"https:\/\/noticiasbahia360.com.br\/index.php?rest_route=\/wp\/v2\/posts\/95093\/revisions"}],"wp:featuredmedia":[{"embeddable":true,"href":"https:\/\/noticiasbahia360.com.br\/index.php?rest_route=\/wp\/v2\/media\/95094"}],"wp:attachment":[{"href":"https:\/\/noticiasbahia360.com.br\/index.php?rest_route=%2Fwp%2Fv2%2Fmedia&parent=95093"}],"wp:term":[{"taxonomy":"category","embeddable":true,"href":"https:\/\/noticiasbahia360.com.br\/index.php?rest_route=%2Fwp%2Fv2%2Fcategories&post=95093"},{"taxonomy":"post_tag","embeddable":true,"href":"https:\/\/noticiasbahia360.com.br\/index.php?rest_route=%2Fwp%2Fv2%2Ftags&post=95093"}],"curies":[{"name":"wp","href":"https:\/\/api.w.org\/{rel}","templated":true}]}}