{"id":95100,"date":"2025-07-29T18:06:53","date_gmt":"2025-07-29T21:06:53","guid":{"rendered":"https:\/\/noticiasbahia360.com.br\/?p=95100"},"modified":"2025-07-29T18:06:53","modified_gmt":"2025-07-29T21:06:53","slug":"bodega-do-pablo-cantor-apresenta-projeto-em-feira-de-santana","status":"publish","type":"post","link":"https:\/\/noticiasbahia360.com.br\/?p=95100","title":{"rendered":"\u201cBodega do Pablo\u201d: cantor apresenta projeto em Feira de Santana"},"content":{"rendered":"<div>\n<div>\n<figure><img decoding=\"async\" src=\"http:\/\/noticiasbahia360.com.br\/wp-content\/uploads\/2025\/07\/Cantor-Pablo-290725.jpg\" alt=\"\" bodega do pablo cantor apresenta projeto em feira de santana><figcaption>Cantor Pablo | Foto: Kaio Vinicius\/ Acorda Cidade <\/figcaption><\/figure>\n<\/div>\n<p>O cantor Pablo esteve em Feira de Santana na tarde desta ter\u00e7a-feira (29), para apresentar detalhes do show \u201cBodega do Pablo\u201d, que ser\u00e1 realizado no dia 16 de agosto, no Est\u00e1dio Alberto Oliveira (J\u00f3ia da Princesa). A festa contar\u00e1 ainda com apresenta\u00e7\u00f5es de Silfarley, Tarc\u00edsio do Acordeon e Netto Brito.<\/p>\n<p>O espa\u00e7o de eventos Aria Hall foi transformado com a cenografia oficial do <a href=\"https:\/\/www.acordacidade.com.br\/tag\/show\/\">show<\/a>, um verdadeiro clima de bodega, com casas r\u00fasticas e ch\u00e3o de terra batida, al\u00e9m daquele clima interiorano que meche com os sentimentos e a mem\u00f3ria afetiva.<\/p>\n<figure class=\"wp-block-image size-full\"><img fetchpriority=\"high\" fetchpriority=\"high\" decoding=\"async\" width=\"1200\" height=\"675\" src=\"http:\/\/noticiasbahia360.com.br\/wp-content\/uploads\/2025\/07\/Bodega-do-Pablo-290725.jpg\" alt='\"Bodega do Pablo\": cantor apresenta projeto em Feira de Santana' class=\"wp-image-578016\" srcset=\"https:\/\/uploads.acordacidade.com.br\/2025\/07\/Bodega-do-Pablo-290725-648x365.jpg 648w, https:\/\/uploads.acordacidade.com.br\/2025\/07\/Bodega-do-Pablo-290725-150x84.jpg 150w, http:\/\/noticiasbahia360.com.br\/wp-content\/uploads\/2025\/07\/Bodega-do-Pablo-290725.jpg 1200w\" sizes=\"(max-width: 1200px) 100vw, 1200px\"><figcaption class=\"wp-element-caption\">Cen\u00e1rio da \u201cBodega do Pablo\u201d | Foto: Kaio Vinicius\/ Acorda Cidade<\/figcaption><\/figure>\n<figure class=\"wp-block-image size-full\"><img decoding=\"async\" width=\"1200\" height=\"738\" src=\"http:\/\/noticiasbahia360.com.br\/wp-content\/uploads\/2025\/07\/Bodega-do-Pablo-2-290725.jpg\" alt='\"Bodega do Pablo\": cantor apresenta projeto em Feira de Santana' class=\"wp-image-578017\" srcset=\"https:\/\/uploads.acordacidade.com.br\/2025\/07\/Bodega-do-Pablo-2-290725-593x365.jpg 593w, https:\/\/uploads.acordacidade.com.br\/2025\/07\/Bodega-do-Pablo-2-290725-899x553.jpg 899w, https:\/\/uploads.acordacidade.com.br\/2025\/07\/Bodega-do-Pablo-2-290725-150x92.jpg 150w, http:\/\/noticiasbahia360.com.br\/wp-content\/uploads\/2025\/07\/Bodega-do-Pablo-2-290725.jpg 1200w\" sizes=\"(max-width: 1200px) 100vw, 1200px\"><figcaption class=\"wp-element-caption\">Cen\u00e1rio da \u201cBodega do Pablo\u201d | Foto: Kaio Vinicius\/ Acorda Cidade<\/figcaption><\/figure>\n<p>Uma lembran\u00e7a da simplicidade e positividade dos tempos antigos, esta \u00e9 a ess\u00eancia do projeto \u201cBodega do Pablo\u201d, como relatou o cantor em entrevista coletiva \u00e0 imprensa.<\/p>\n<figure class=\"wp-block-image size-full\"><img decoding=\"async\" width=\"1200\" height=\"762\" src=\"http:\/\/noticiasbahia360.com.br\/wp-content\/uploads\/2025\/07\/Bodega-do-Pablo-3-290725.jpg\" alt=\"Bodega do Pablo \" class=\"wp-image-578018\" srcset=\"https:\/\/uploads.acordacidade.com.br\/2025\/07\/Bodega-do-Pablo-3-290725-575x365.jpg 575w, https:\/\/uploads.acordacidade.com.br\/2025\/07\/Bodega-do-Pablo-3-290725-871x553.jpg 871w, https:\/\/uploads.acordacidade.com.br\/2025\/07\/Bodega-do-Pablo-3-290725-150x95.jpg 150w, http:\/\/noticiasbahia360.com.br\/wp-content\/uploads\/2025\/07\/Bodega-do-Pablo-3-290725.jpg 1200w\" sizes=\"(max-width: 1200px) 100vw, 1200px\"><figcaption class=\"wp-element-caption\">Foto: Kaio Vinicius\/ Acorda Cidade <\/figcaption><\/figure>\n<p>\u201cAquela coisa da nossa \u00e9poca, as fam\u00edlias mais unidas, aquela coisa pacata, sem esta maldade que existe hoje no mundo. Os vizinhos se reuniam na porta para acender uma fogueirinha, quela resenha, tomar uma pinga, \u00e9 isso que remete a bodega\u201d, disse o cantor Pablo.<\/p>\n<p>Al\u00e9m da coletiva de imprensa, os cantores Pablo e Silfarley realizaram um pocket show exclusivo cantando sucessos do audiovisual \u201cBodega do Pablo\u201d.<\/p>\n<figure class=\"wp-block-image size-full\"><img decoding=\"async\" width=\"1200\" height=\"682\" src=\"http:\/\/noticiasbahia360.com.br\/wp-content\/uploads\/2025\/07\/Bodega-do-Pablo-8-290725.jpg\" alt=\"Bodega do Pablo\" class=\"wp-image-578020\" srcset=\"https:\/\/uploads.acordacidade.com.br\/2025\/07\/Bodega-do-Pablo-8-290725-642x365.jpg 642w, https:\/\/uploads.acordacidade.com.br\/2025\/07\/Bodega-do-Pablo-8-290725-973x553.jpg 973w, https:\/\/uploads.acordacidade.com.br\/2025\/07\/Bodega-do-Pablo-8-290725-150x85.jpg 150w, http:\/\/noticiasbahia360.com.br\/wp-content\/uploads\/2025\/07\/Bodega-do-Pablo-8-290725.jpg 1200w\" sizes=\"(max-width: 1200px) 100vw, 1200px\"><figcaption class=\"wp-element-caption\">Silfarley e Pablo | Foto: Kaio Vinicius\/ Acorda Cidade <\/figcaption><\/figure>\n<p>Em entrevista ao Acorda Cidade, Grazi, f\u00e3 de Pablo desde os 12 anos, contou que estava feliz e nervosa em ver o cantor de perto no evento mais uma vez. \u201cCora\u00e7\u00e3o transborda de alegria\u201d, disse.<\/p>\n<p>Tamires, outra f\u00e3 do cantor Pablo, relatou que n\u00e3o dormiu na \u00faltima noite na expectativa de participar do evento exclusivo desta ter\u00e7a (29). \u201cExperi\u00eancia maravilhosa , t\u00f4 muito emocionada mesmo, um sonho realizado\u201d, disse.<\/p>\n<figure class=\"wp-block-image size-full\"><img loading=\"lazy\" decoding=\"async\" width=\"1200\" height=\"675\" src=\"http:\/\/noticiasbahia360.com.br\/wp-content\/uploads\/2025\/07\/fas-de-Pablo-290725.jpg\" alt=\"F\u00e3s de Pablo \" class=\"wp-image-578030\" srcset=\"https:\/\/uploads.acordacidade.com.br\/2025\/07\/fas-de-Pablo-290725-648x365.jpg 648w, https:\/\/uploads.acordacidade.com.br\/2025\/07\/fas-de-Pablo-290725-150x84.jpg 150w, http:\/\/noticiasbahia360.com.br\/wp-content\/uploads\/2025\/07\/fas-de-Pablo-290725.jpg 1200w\" sizes=\"(max-width: 1200px) 100vw, 1200px\"><figcaption class=\"wp-element-caption\">Grazi e Tamires, f\u00e3s do cantor Pablo | Foto: Kaio Vinicius\/ Acorda Cidade <\/figcaption><\/figure>\n<p>Ant\u00f4nio Dyggs, um dos organizadores do show \u201cBodega do Pablo\u201d, destacou a rela\u00e7\u00e3o de amor entre o p\u00fablico feirense e o ritmo da sofr\u00eancia. \u201cFeira de Santana e sofr\u00eancia \u00e9 um casamanto perfeito, tudo a ver\u201d, disse o empres\u00e1rio em entrevista ao Acorda Cidade.<\/p>\n<figure class=\"wp-block-image size-full\"><img loading=\"lazy\" decoding=\"async\" width=\"1200\" height=\"675\" src=\"http:\/\/noticiasbahia360.com.br\/wp-content\/uploads\/2025\/07\/Antonio-Dyggs-290725.jpg\" alt=\"Ant\u00f4nio Dyggs\" class=\"wp-image-578021\" srcset=\"https:\/\/uploads.acordacidade.com.br\/2025\/07\/Antonio-Dyggs-290725-648x365.jpg 648w, https:\/\/uploads.acordacidade.com.br\/2025\/07\/Antonio-Dyggs-290725-150x84.jpg 150w, http:\/\/noticiasbahia360.com.br\/wp-content\/uploads\/2025\/07\/Antonio-Dyggs-290725.jpg 1200w\" sizes=\"(max-width: 1200px) 100vw, 1200px\"><figcaption class=\"wp-element-caption\">Ant\u00f4nio Dyggs, empres\u00e1rio e um dos organizadores do show \u201cBodega do Pablo\u201d | Foto: Kaio Vinicius\/ Acorda Cidade<\/figcaption><\/figure>\n<p>\u201cFoi um spoiler do que vem a\u00ed no dia 16 de agosto, ser\u00e1 mais um dos projetos de Pablo que n\u00f3s abra\u00e7amos em Feira de Santana. \u201cBodega do Pablo\u201d foi um dos eventos mais pedidos pelo p\u00fablico\u201d, relatou Ant\u00f4nio Dyggs.<\/p>\n<p><em>Siga o Acorda Cidade no<\/em><a href=\"https:\/\/news.google.com\/search?q=acorda%20cidade&amp;hl=pt-BR&amp;gl=BR&amp;ceid=BR%3Apt-419\"><strong><em>\u00a0Google Not\u00edcias<\/em><\/strong><\/a><em>\u00a0e receba os principais destaques do dia. Participe tamb\u00e9m dos nossos canais no\u00a0<\/em><a href=\"https:\/\/www.whatsapp.com\/channel\/0029Va6Rb4v3WHTNnsh8WI3N\"><strong><em>WhatsApp<\/em><\/strong><\/a><em>\u00a0e\u00a0<\/em><a href=\"https:\/\/www.youtube.com\/@acordacidadenoticias\/videos\"><strong>YouTube<\/strong><\/a><em>\u00a0e grupo de\u00a0<\/em><a href=\"https:\/\/t.me\/+sSz0khrgARA0ZmRh\"><strong><em>Telegram<\/em><\/strong><\/a><em>.<\/em><\/p>\n<\/div>\n","protected":false},"excerpt":{"rendered":"<div>\n<div>\n<figure><img decoding=\"async\" src=\"https:\/\/uploads.acordacidade.com.br\/2025\/07\/Cantor-Pablo-290725.jpg\" alt=\"\"><figcaption>Cantor Pablo | Foto: Kaio Vinicius\/ Acorda Cidade <\/figcaption><\/figure>\n<\/div>\n<p>O espa\u00e7o de eventos Aria Hall foi transformado com a cenografia oficial do show, com um verdadeiro clima de bodega<\/p><\/div>\n","protected":false},"author":1,"featured_media":95101,"comment_status":"closed","ping_status":"closed","sticky":false,"template":"","format":"gallery","meta":{"footnotes":""},"categories":[8,9,6,57,56,10],"tags":[],"class_list":["post-95100","post","type-post","status-publish","format-gallery","has-post-thumbnail","hentry","category-bahia","category-brasil","category-feira-de-santana","category-mundo","category-policia","category-politica","post_format-post-format-gallery"],"featured_image_urls":{"full":["https:\/\/noticiasbahia360.com.br\/wp-content\/uploads\/2025\/07\/Cantor-Pablo-290725.jpg",1200,854,false],"thumbnail":["https:\/\/noticiasbahia360.com.br\/wp-content\/uploads\/2025\/07\/Cantor-Pablo-290725-150x150.jpg",150,150,true],"medium":["https:\/\/noticiasbahia360.com.br\/wp-content\/uploads\/2025\/07\/Cantor-Pablo-290725-300x214.jpg",300,214,true],"medium_large":["https:\/\/noticiasbahia360.com.br\/wp-content\/uploads\/2025\/07\/Cantor-Pablo-290725-768x547.jpg",640,456,true],"large":["https:\/\/noticiasbahia360.com.br\/wp-content\/uploads\/2025\/07\/Cantor-Pablo-290725-1024x729.jpg",640,456,true],"1536x1536":["https:\/\/noticiasbahia360.com.br\/wp-content\/uploads\/2025\/07\/Cantor-Pablo-290725.jpg",1200,854,false],"2048x2048":["https:\/\/noticiasbahia360.com.br\/wp-content\/uploads\/2025\/07\/Cantor-Pablo-290725.jpg",1200,854,false],"chromenews-featured":["https:\/\/noticiasbahia360.com.br\/wp-content\/uploads\/2025\/07\/Cantor-Pablo-290725-1024x729.jpg",1024,729,true],"chromenews-large":["https:\/\/noticiasbahia360.com.br\/wp-content\/uploads\/2025\/07\/Cantor-Pablo-290725-825x575.jpg",825,575,true],"chromenews-medium":["https:\/\/noticiasbahia360.com.br\/wp-content\/uploads\/2025\/07\/Cantor-Pablo-290725-590x410.jpg",590,410,true]},"author_info":{"display_name":"noticiasbahia360.com.br","author_link":"https:\/\/noticiasbahia360.com.br\/?author=1"},"category_info":"<a href=\"https:\/\/noticiasbahia360.com.br\/?cat=8\" rel=\"category\">Bahia<\/a> <a href=\"https:\/\/noticiasbahia360.com.br\/?cat=9\" rel=\"category\">Brasil<\/a> <a href=\"https:\/\/noticiasbahia360.com.br\/?cat=6\" rel=\"category\">Feira de Santana<\/a> <a href=\"https:\/\/noticiasbahia360.com.br\/?cat=57\" rel=\"category\">Mundo<\/a> <a href=\"https:\/\/noticiasbahia360.com.br\/?cat=56\" rel=\"category\">Pol\u00edcia<\/a> <a href=\"https:\/\/noticiasbahia360.com.br\/?cat=10\" rel=\"category\">Pol\u00edtica<\/a>","tag_info":"Pol\u00edtica","comment_count":"0","_links":{"self":[{"href":"https:\/\/noticiasbahia360.com.br\/index.php?rest_route=\/wp\/v2\/posts\/95100","targetHints":{"allow":["GET"]}}],"collection":[{"href":"https:\/\/noticiasbahia360.com.br\/index.php?rest_route=\/wp\/v2\/posts"}],"about":[{"href":"https:\/\/noticiasbahia360.com.br\/index.php?rest_route=\/wp\/v2\/types\/post"}],"author":[{"embeddable":true,"href":"https:\/\/noticiasbahia360.com.br\/index.php?rest_route=\/wp\/v2\/users\/1"}],"replies":[{"embeddable":true,"href":"https:\/\/noticiasbahia360.com.br\/index.php?rest_route=%2Fwp%2Fv2%2Fcomments&post=95100"}],"version-history":[{"count":0,"href":"https:\/\/noticiasbahia360.com.br\/index.php?rest_route=\/wp\/v2\/posts\/95100\/revisions"}],"wp:featuredmedia":[{"embeddable":true,"href":"https:\/\/noticiasbahia360.com.br\/index.php?rest_route=\/wp\/v2\/media\/95101"}],"wp:attachment":[{"href":"https:\/\/noticiasbahia360.com.br\/index.php?rest_route=%2Fwp%2Fv2%2Fmedia&parent=95100"}],"wp:term":[{"taxonomy":"category","embeddable":true,"href":"https:\/\/noticiasbahia360.com.br\/index.php?rest_route=%2Fwp%2Fv2%2Fcategories&post=95100"},{"taxonomy":"post_tag","embeddable":true,"href":"https:\/\/noticiasbahia360.com.br\/index.php?rest_route=%2Fwp%2Fv2%2Ftags&post=95100"}],"curies":[{"name":"wp","href":"https:\/\/api.w.org\/{rel}","templated":true}]}}