{"id":95108,"date":"2025-07-29T19:02:36","date_gmt":"2025-07-29T22:02:36","guid":{"rendered":"https:\/\/noticiasbahia360.com.br\/?p=95108"},"modified":"2025-07-29T19:02:36","modified_gmt":"2025-07-29T22:02:36","slug":"mulher-integrante-da-equipe-do-cantor-pablo-morre-em-acidente-na-br-324-horas-antes-equipe-estava-em-feira-de-santana","status":"publish","type":"post","link":"https:\/\/noticiasbahia360.com.br\/?p=95108","title":{"rendered":"Mulher integrante da equipe do cantor Pablo morre em acidente na BR-324; horas antes equipe estava em Feira de Santana\u00a0"},"content":{"rendered":"<div>\n<div>\n<figure><img decoding=\"async\" src=\"http:\/\/noticiasbahia360.com.br\/wp-content\/uploads\/2025\/07\/acidente-na-BR324.jpg\" alt=\"acidente na BR-324\"><figcaption>Foto: PRF<\/figcaption><\/figure>\n<\/div>\n<p>Na tarde desta ter\u00e7a-feira (29), por volta das 16h50, uma mulher de 37anos morreu em um tr\u00e1gico acidente na BR-324, no sentido Feira de Santana, pr\u00f3ximo ao ped\u00e1gio de Am\u00e9lia Rodrigues. A v\u00edtima, que ainda n\u00e3o teve a identidade divulgada, era integrante da equipe do cantor Pablo.<\/p>\n<p>Nesta ter\u00e7a, o cantor Pablo participou de um evento em Feira de Santana, onde apresentou detalhes sobre o show \u201cBodega do Pablo\u201d, agendado para o pr\u00f3ximo dia 16 de agosto no Est\u00e1dio Alberto Oliveira (J\u00f3ia da Princesa). Durante o Pocket Show, a v\u00edtima estava acompanhando a comitiva do cantor do arrocha.\u00a0<\/p>\n<figure class=\"wp-block-image size-full\"><img fetchpriority=\"high\" fetchpriority=\"high\" decoding=\"async\" width=\"1200\" height=\"682\" src=\"http:\/\/noticiasbahia360.com.br\/wp-content\/uploads\/2025\/07\/Bodega-do-Pablo-8-290725-1.jpg\" alt=\"Bodega do Pablo\" class=\"wp-image-578020\" srcset=\"https:\/\/uploads.acordacidade.com.br\/2025\/07\/Bodega-do-Pablo-8-290725-642x365.jpg 642w, https:\/\/uploads.acordacidade.com.br\/2025\/07\/Bodega-do-Pablo-8-290725-973x553.jpg 973w, https:\/\/uploads.acordacidade.com.br\/2025\/07\/Bodega-do-Pablo-8-290725-150x85.jpg 150w, http:\/\/noticiasbahia360.com.br\/wp-content\/uploads\/2025\/07\/Bodega-do-Pablo-8-290725-1.jpg 1200w\" sizes=\"(max-width: 1200px) 100vw, 1200px\"><figcaption class=\"wp-element-caption\">Silfarley e Pablo | Foto: Kaio Vinicius\/ Acorda Cidade <\/figcaption><\/figure>\n<p>Segundo informa\u00e7\u00f5es apuradas pela reportagem do <em>Acorda Cidade<\/em>, o ve\u00edculo em que a mulher estava tinha mais duas pessoas: o condutor e outro passageiro. Ambos os ocupantes da frente do carro estavam usando cinto de seguran\u00e7a e sofreram apenas les\u00f5es leves. A mulher que estava no banco traseiro, sem cinto de seguran\u00e7a, n\u00e3o resistiu aos ferimentos e faleceu no local.<\/p>\n<p>A equipe do Dnit (Departamento Nacional de Infraestrutura de Transportes socorreu os dois sobreviventes, que foram encaminhados para atendimento m\u00e9dico em Feira de Santana. O corpo da v\u00edtima est\u00e1 no local aguardando a per\u00edcia m\u00e9dica para a libera\u00e7\u00e3o.<\/p>\n<p>O cantor Pablo estava em outro ve\u00edculo.<\/p>\n<p>Ainda n\u00e3o h\u00e1 informa\u00e7\u00f5es sobre o que teria causado o acidente.\u00a0<\/p>\n<p><em>Mat\u00e9ria em andamento <\/em><\/p>\n<p><em>Siga o Acorda Cidade no<\/em><a href=\"https:\/\/news.google.com\/search?q=acorda%20cidade&amp;hl=pt-BR&amp;gl=BR&amp;ceid=BR%3Apt-419\"><strong><em>\u00a0Google Not\u00edcias<\/em><\/strong><\/a><em>\u00a0e receba os principais destaques do dia. Participe tamb\u00e9m dos nossos canais no\u00a0<\/em><a href=\"https:\/\/www.whatsapp.com\/channel\/0029Va6Rb4v3WHTNnsh8WI3N\"><strong><em>WhatsApp<\/em><\/strong><\/a><em>\u00a0e\u00a0<\/em><a href=\"https:\/\/www.youtube.com\/@acordacidadenoticias\/videos\"><strong>Youtube<\/strong><\/a><em>\u00a0e grupo de\u00a0<\/em><a href=\"https:\/\/t.me\/+sSz0khrgARA0ZmRh\"><strong><em>Telegram<\/em><\/strong><\/a><em>.<\/em><\/p>\n<\/div>\n","protected":false},"excerpt":{"rendered":"<div>\n<div>\n<figure><img decoding=\"async\" src=\"https:\/\/uploads.acordacidade.com.br\/2025\/07\/acidente-na-BR324.jpg\" alt=\"acidente na BR-324\"><figcaption>Foto: PRF<\/figcaption><\/figure>\n<\/div>\n<p>O ve\u00edculo em que a mulher estava tinha mais duas pessoas: o condutor e outro passageiro.<\/p><\/div>\n","protected":false},"author":1,"featured_media":95109,"comment_status":"closed","ping_status":"closed","sticky":false,"template":"","format":"gallery","meta":{"footnotes":""},"categories":[8,9,6,57,56,10],"tags":[],"class_list":["post-95108","post","type-post","status-publish","format-gallery","has-post-thumbnail","hentry","category-bahia","category-brasil","category-feira-de-santana","category-mundo","category-policia","category-politica","post_format-post-format-gallery"],"featured_image_urls":{"full":["https:\/\/noticiasbahia360.com.br\/wp-content\/uploads\/2025\/07\/acidente-na-BR324.jpg",1200,675,false],"thumbnail":["https:\/\/noticiasbahia360.com.br\/wp-content\/uploads\/2025\/07\/acidente-na-BR324-150x150.jpg",150,150,true],"medium":["https:\/\/noticiasbahia360.com.br\/wp-content\/uploads\/2025\/07\/acidente-na-BR324-300x169.jpg",300,169,true],"medium_large":["https:\/\/noticiasbahia360.com.br\/wp-content\/uploads\/2025\/07\/acidente-na-BR324-768x432.jpg",640,360,true],"large":["https:\/\/noticiasbahia360.com.br\/wp-content\/uploads\/2025\/07\/acidente-na-BR324-1024x576.jpg",640,360,true],"1536x1536":["https:\/\/noticiasbahia360.com.br\/wp-content\/uploads\/2025\/07\/acidente-na-BR324.jpg",1200,675,false],"2048x2048":["https:\/\/noticiasbahia360.com.br\/wp-content\/uploads\/2025\/07\/acidente-na-BR324.jpg",1200,675,false],"chromenews-featured":["https:\/\/noticiasbahia360.com.br\/wp-content\/uploads\/2025\/07\/acidente-na-BR324-1024x576.jpg",1024,576,true],"chromenews-large":["https:\/\/noticiasbahia360.com.br\/wp-content\/uploads\/2025\/07\/acidente-na-BR324-825x575.jpg",825,575,true],"chromenews-medium":["https:\/\/noticiasbahia360.com.br\/wp-content\/uploads\/2025\/07\/acidente-na-BR324-590x410.jpg",590,410,true]},"author_info":{"display_name":"noticiasbahia360.com.br","author_link":"https:\/\/noticiasbahia360.com.br\/?author=1"},"category_info":"<a href=\"https:\/\/noticiasbahia360.com.br\/?cat=8\" rel=\"category\">Bahia<\/a> <a href=\"https:\/\/noticiasbahia360.com.br\/?cat=9\" rel=\"category\">Brasil<\/a> <a href=\"https:\/\/noticiasbahia360.com.br\/?cat=6\" rel=\"category\">Feira de Santana<\/a> <a href=\"https:\/\/noticiasbahia360.com.br\/?cat=57\" rel=\"category\">Mundo<\/a> <a href=\"https:\/\/noticiasbahia360.com.br\/?cat=56\" rel=\"category\">Pol\u00edcia<\/a> <a href=\"https:\/\/noticiasbahia360.com.br\/?cat=10\" rel=\"category\">Pol\u00edtica<\/a>","tag_info":"Pol\u00edtica","comment_count":"0","_links":{"self":[{"href":"https:\/\/noticiasbahia360.com.br\/index.php?rest_route=\/wp\/v2\/posts\/95108","targetHints":{"allow":["GET"]}}],"collection":[{"href":"https:\/\/noticiasbahia360.com.br\/index.php?rest_route=\/wp\/v2\/posts"}],"about":[{"href":"https:\/\/noticiasbahia360.com.br\/index.php?rest_route=\/wp\/v2\/types\/post"}],"author":[{"embeddable":true,"href":"https:\/\/noticiasbahia360.com.br\/index.php?rest_route=\/wp\/v2\/users\/1"}],"replies":[{"embeddable":true,"href":"https:\/\/noticiasbahia360.com.br\/index.php?rest_route=%2Fwp%2Fv2%2Fcomments&post=95108"}],"version-history":[{"count":0,"href":"https:\/\/noticiasbahia360.com.br\/index.php?rest_route=\/wp\/v2\/posts\/95108\/revisions"}],"wp:featuredmedia":[{"embeddable":true,"href":"https:\/\/noticiasbahia360.com.br\/index.php?rest_route=\/wp\/v2\/media\/95109"}],"wp:attachment":[{"href":"https:\/\/noticiasbahia360.com.br\/index.php?rest_route=%2Fwp%2Fv2%2Fmedia&parent=95108"}],"wp:term":[{"taxonomy":"category","embeddable":true,"href":"https:\/\/noticiasbahia360.com.br\/index.php?rest_route=%2Fwp%2Fv2%2Fcategories&post=95108"},{"taxonomy":"post_tag","embeddable":true,"href":"https:\/\/noticiasbahia360.com.br\/index.php?rest_route=%2Fwp%2Fv2%2Ftags&post=95108"}],"curies":[{"name":"wp","href":"https:\/\/api.w.org\/{rel}","templated":true}]}}