{"id":95111,"date":"2025-07-29T19:51:40","date_gmt":"2025-07-29T22:51:40","guid":{"rendered":"https:\/\/noticiasbahia360.com.br\/?p=95111"},"modified":"2025-07-29T19:51:40","modified_gmt":"2025-07-29T22:51:40","slug":"equipe-de-pablo-sofre-acidente-na-br-324-uma-mulher-morreu","status":"publish","type":"post","link":"https:\/\/noticiasbahia360.com.br\/?p=95111","title":{"rendered":"Equipe de Pablo sofre acidente na BR-324; uma mulher morreu"},"content":{"rendered":"<div>\n<div>\n<figure><img decoding=\"async\" src=\"http:\/\/noticiasbahia360.com.br\/wp-content\/uploads\/2025\/07\/artista-da-equipe-de-Pablo-morre-em-acidente-.webp\" alt=\"artista da equipe de Pablo morre em acidente\"><figcaption>Foto: Divulga\u00e7\u00e3o\/Redes Sociais <\/figcaption><\/figure>\n<\/div>\n<p>Na tarde desta ter\u00e7a-feira (29), por volta das 16h50, uma mulher de 37anos morreu em um tr\u00e1gico acidente na BR-324, no sentido Feira de Santana, pr\u00f3ximo ao ped\u00e1gio de Am\u00e9lia Rodrigues. <strong>A v\u00edtima, foi identificada como Dayana Lima, integrante da equipe do cantor Pablo.<\/strong><\/p>\n<p>Nesta ter\u00e7a, o cantor Pablo participou de um evento em Feira de Santana, onde apresentou detalhes sobre o show <a href=\"https:\/\/www.acordacidade.com.br\/entretenimento\/bodega-do-pablo-cantor-apresenta-projeto-em-feira-de-santana\/\" target=\"_blank\" rel=\"noreferrer noopener\">\u201cBodega do Pablo\u201d<\/a>, agendado para o pr\u00f3ximo dia 16 de agosto no Est\u00e1dio Alberto Oliveira (J\u00f3ia da Princesa). Durante o Pocket Show, a v\u00edtima estava acompanhando a comitiva do cantor do arrocha.\u00a0<\/p>\n<figure class=\"wp-block-image size-full\"><img fetchpriority=\"high\" decoding=\"async\" width=\"1200\" height=\"682\" src=\"http:\/\/noticiasbahia360.com.br\/wp-content\/uploads\/2025\/07\/Bodega-do-Pablo-8-290725-2.jpg\" alt=\"Bodega do Pablo\" class=\"wp-image-578020\" srcset=\"https:\/\/uploads.acordacidade.com.br\/2025\/07\/Bodega-do-Pablo-8-290725-642x365.jpg 642w, https:\/\/uploads.acordacidade.com.br\/2025\/07\/Bodega-do-Pablo-8-290725-973x553.jpg 973w, https:\/\/uploads.acordacidade.com.br\/2025\/07\/Bodega-do-Pablo-8-290725-150x85.jpg 150w, http:\/\/noticiasbahia360.com.br\/wp-content\/uploads\/2025\/07\/Bodega-do-Pablo-8-290725-2.jpg 1200w\" sizes=\"(max-width: 1200px) 100vw, 1200px\"><figcaption class=\"wp-element-caption\">Silfarley e Pablo | Foto: Kaio Vinicius\/ Acorda Cidade <\/figcaption><\/figure>\n<p>Segundo informa\u00e7\u00f5es apuradas pela reportagem do Acorda Cidade, o ve\u00edculo em que a mulher estava tinha mais duas pessoas: o condutor e outro passageiro. Ambos ocupantes da frente do carro estavam usando cinto de seguran\u00e7a e sofreram apenas les\u00f5es leves. A mulher que estava no banco traseiro, sem cinto de seguran\u00e7a, n\u00e3o resistiu aos ferimentos e faleceu no local.<\/p>\n<figure class=\"wp-block-image size-large\"><img decoding=\"async\" width=\"1087\" height=\"768\" src=\"http:\/\/noticiasbahia360.com.br\/wp-content\/uploads\/2025\/07\/acidente-na-BR324-1087x768-1.jpg\" alt=\"\" class=\"wp-image-578049\" srcset=\"https:\/\/uploads.acordacidade.com.br\/2025\/07\/acidente-na-BR324--517x365.jpg 517w, http:\/\/noticiasbahia360.com.br\/wp-content\/uploads\/2025\/07\/acidente-na-BR324-1087x768-1.jpg 1087w, https:\/\/uploads.acordacidade.com.br\/2025\/07\/acidente-na-BR324--783x553.jpg 783w, https:\/\/uploads.acordacidade.com.br\/2025\/07\/acidente-na-BR324--150x106.jpg 150w, https:\/\/uploads.acordacidade.com.br\/2025\/07\/acidente-na-BR324-.jpg 1200w\" sizes=\"(max-width: 1087px) 100vw, 1087px\"><figcaption class=\"wp-element-caption\">Foto: Redes Sociais <\/figcaption><\/figure>\n<p>Ao Acorda Cidade, Luiz Carlos dos Santos Carneiro, chefe da Delegacia da Pol\u00edcia Rodovi\u00e1ria Federal respons\u00e1vel pelo trecho de Sim\u00f5es Filho, confirmou as primeiras informa\u00e7\u00f5es. <\/p>\n<p>\u201cAs informa\u00e7\u00f5es iniciais \u00e9 que um ve\u00edculo, com tr\u00eas ocupantes que pertenciam \u00e0 produ\u00e7\u00e3o do cantor Pablo, sofreu um acidente. O condutor perdeu o controle, caiu numa vala e capotou. Os dois ocupantes do sexo masculino na parte da frente \u2014 o condutor e o passageiro \u2014 e uma ocupante do sexo feminino\u201d, informou ao Acorda Cidade<\/p>\n<p>Ap\u00f3s o capotamento, o ve\u00edculo ficou completamente destru\u00eddo.<\/p>\n<figure class=\"wp-block-image size-full\"><img decoding=\"async\" width=\"1200\" height=\"675\" src=\"http:\/\/noticiasbahia360.com.br\/wp-content\/uploads\/2025\/07\/acidente-na-BR324-1.jpg\" alt=\"acidente na BR-324\" class=\"wp-image-578046\" srcset=\"https:\/\/uploads.acordacidade.com.br\/2025\/07\/acidente-na-BR324-648x365.jpg 648w, https:\/\/uploads.acordacidade.com.br\/2025\/07\/acidente-na-BR324-150x84.jpg 150w, http:\/\/noticiasbahia360.com.br\/wp-content\/uploads\/2025\/07\/acidente-na-BR324-1.jpg 1200w\" sizes=\"(max-width: 1200px) 100vw, 1200px\"><figcaption class=\"wp-element-caption\">Foto: PRF<\/figcaption><\/figure>\n<p>A equipe do Dnit (Departamento Nacional de Infraestrutura de Transportes) socorreu os dois sobreviventes, que foram encaminhados para atendimento m\u00e9dico em Feira de Santana. O corpo da v\u00edtima est\u00e1 no local aguardando a per\u00edcia m\u00e9dica para a libera\u00e7\u00e3o.<\/p>\n<p>Segundo o delegado, o cantor Pablo estava em outro ve\u00edculo, mas chegou logo ap\u00f3s o acidente e acompanhou o socorro. Ele seguiu junto com a ambul\u00e2ncia para o hospital em Feira de Santana.<\/p>\n<p>Ainda segundo informa\u00e7\u00f5es, a mulher trabalhava na parte de marketing, cuidava do Instagram e outras atividades relacionadas \u00e0 comunica\u00e7\u00e3o da equipe. Os outros envolvidos no acidente eram secret\u00e1rio e produtor do cantor. <\/p>\n<h2 class=\"wp-block-heading\" id=\"h-luto-no-arrocha\">Luto no Arrocha<\/h2>\n<p>Na noite do \u00faltimo domingo (27), na BA-046, no Povoado de Pedra Preta, em Santo Ant\u00f4nio de Jesus, outro acidente resultou nas mortes de <a href=\"https:\/\/www.acordacidade.com.br\/bahia\/tecnico-de-som-da-banda-de-netto-brito-e-outras-duas-pessoas-morrem-em-grave-acidente-em-santo-antonio-de-jesus\/\">Carlos Boj\u00f4, t\u00e9cnico de som da banda do cantor Netto Brito<\/a>, Robson Carvalho Galv\u00e3o de Jesus, de 33 anos, mototaxista em Santo Ant\u00f4nio de Jesus e Leila dos Santos Lima. Boj\u00f4 foi sepultado nesta ter\u00e7a (29), em Feira de Santana, sob a como\u00e7\u00e3o de familiares, amigos e artistas.<\/p>\n<p><em>As informa\u00e7\u00f5es s\u00e3o da jornalista Iasmim Santos do Acorda Cidade<\/em><\/p>\n<p><strong>Leia tamb\u00e9m: <\/strong><\/p>\n<p><em><strong><a href=\"https:\/\/www.acordacidade.com.br\/entretenimento\/bodega-do-pablo-cantor-apresenta-projeto-em-feira-de-santana\/\" target=\"_blank\" rel=\"noreferrer noopener\">\u201cBodega do Pablo\u201d: cantor apresenta projeto em Feira de Santana<\/a><\/strong><\/em><\/p>\n<p><a href=\"https:\/\/www.acordacidade.com.br\/bahia\/tecnico-de-som-da-banda-de-netto-brito-e-outras-duas-pessoas-morrem-em-grave-acidente-em-santo-antonio-de-jesus\/\"><strong>T\u00e9cnico de som da banda de Netto Brito e outras 2 pessoas morrem em grave acidente em Santo Ant\u00f4nio de Jesus<\/strong><\/a><\/p>\n<p><em>Siga o Acorda Cidade no<\/em><a href=\"https:\/\/news.google.com\/search?q=acorda%20cidade&amp;hl=pt-BR&amp;gl=BR&amp;ceid=BR%3Apt-419\"><strong><em>\u00a0Google Not\u00edcias<\/em><\/strong><\/a><em>\u00a0e receba os principais destaques do dia. Participe tamb\u00e9m dos nossos canais no\u00a0<\/em><a href=\"https:\/\/www.whatsapp.com\/channel\/0029Va6Rb4v3WHTNnsh8WI3N\"><strong><em>WhatsApp<\/em><\/strong><\/a><em>\u00a0e\u00a0<\/em><a href=\"https:\/\/www.youtube.com\/@acordacidadenoticias\/videos\"><strong>Youtube<\/strong><\/a><em>\u00a0e grupo de\u00a0<\/em><a href=\"https:\/\/t.me\/+sSz0khrgARA0ZmRh\"><strong><em>Telegram<\/em><\/strong><\/a><em>.<\/em><\/p>\n<\/div>\n","protected":false},"excerpt":{"rendered":"<div>\n<div>\n<figure><img decoding=\"async\" src=\"https:\/\/uploads.acordacidade.com.br\/2025\/07\/artista-da-equipe-de-Pablo-morre-em-acidente-.webp\" alt=\"artista da equipe de Pablo morre em acidente\"><figcaption>Foto: Divulga\u00e7\u00e3o\/Redes Sociais <\/figcaption><\/figure>\n<\/div>\n<p>O cantor Pablo estava em outro ve\u00edculo, mas chegou logo ap\u00f3s o acidente e acompanhou o socorro. Ele seguiu junto com a ambul\u00e2ncia.<\/p><\/div>\n","protected":false},"author":1,"featured_media":95112,"comment_status":"closed","ping_status":"closed","sticky":false,"template":"","format":"gallery","meta":{"footnotes":""},"categories":[8,9,6,57,56,10],"tags":[],"class_list":["post-95111","post","type-post","status-publish","format-gallery","has-post-thumbnail","hentry","category-bahia","category-brasil","category-feira-de-santana","category-mundo","category-policia","category-politica","post_format-post-format-gallery"],"featured_image_urls":{"full":["https:\/\/noticiasbahia360.com.br\/wp-content\/uploads\/2025\/07\/artista-da-equipe-de-Pablo-morre-em-acidente-.webp",1200,1035,false],"thumbnail":["https:\/\/noticiasbahia360.com.br\/wp-content\/uploads\/2025\/07\/artista-da-equipe-de-Pablo-morre-em-acidente--150x150.webp",150,150,true],"medium":["https:\/\/noticiasbahia360.com.br\/wp-content\/uploads\/2025\/07\/artista-da-equipe-de-Pablo-morre-em-acidente--300x259.webp",300,259,true],"medium_large":["https:\/\/noticiasbahia360.com.br\/wp-content\/uploads\/2025\/07\/artista-da-equipe-de-Pablo-morre-em-acidente--768x662.webp",640,552,true],"large":["https:\/\/noticiasbahia360.com.br\/wp-content\/uploads\/2025\/07\/artista-da-equipe-de-Pablo-morre-em-acidente--1024x883.webp",640,552,true],"1536x1536":["https:\/\/noticiasbahia360.com.br\/wp-content\/uploads\/2025\/07\/artista-da-equipe-de-Pablo-morre-em-acidente-.webp",1200,1035,false],"2048x2048":["https:\/\/noticiasbahia360.com.br\/wp-content\/uploads\/2025\/07\/artista-da-equipe-de-Pablo-morre-em-acidente-.webp",1200,1035,false],"chromenews-featured":["https:\/\/noticiasbahia360.com.br\/wp-content\/uploads\/2025\/07\/artista-da-equipe-de-Pablo-morre-em-acidente--1024x883.webp",1024,883,true],"chromenews-large":["https:\/\/noticiasbahia360.com.br\/wp-content\/uploads\/2025\/07\/artista-da-equipe-de-Pablo-morre-em-acidente--825x575.webp",825,575,true],"chromenews-medium":["https:\/\/noticiasbahia360.com.br\/wp-content\/uploads\/2025\/07\/artista-da-equipe-de-Pablo-morre-em-acidente--590x410.webp",590,410,true]},"author_info":{"display_name":"noticiasbahia360.com.br","author_link":"https:\/\/noticiasbahia360.com.br\/?author=1"},"category_info":"<a href=\"https:\/\/noticiasbahia360.com.br\/?cat=8\" rel=\"category\">Bahia<\/a> <a href=\"https:\/\/noticiasbahia360.com.br\/?cat=9\" rel=\"category\">Brasil<\/a> <a href=\"https:\/\/noticiasbahia360.com.br\/?cat=6\" rel=\"category\">Feira de Santana<\/a> <a href=\"https:\/\/noticiasbahia360.com.br\/?cat=57\" rel=\"category\">Mundo<\/a> <a href=\"https:\/\/noticiasbahia360.com.br\/?cat=56\" rel=\"category\">Pol\u00edcia<\/a> <a href=\"https:\/\/noticiasbahia360.com.br\/?cat=10\" rel=\"category\">Pol\u00edtica<\/a>","tag_info":"Pol\u00edtica","comment_count":"0","_links":{"self":[{"href":"https:\/\/noticiasbahia360.com.br\/index.php?rest_route=\/wp\/v2\/posts\/95111","targetHints":{"allow":["GET"]}}],"collection":[{"href":"https:\/\/noticiasbahia360.com.br\/index.php?rest_route=\/wp\/v2\/posts"}],"about":[{"href":"https:\/\/noticiasbahia360.com.br\/index.php?rest_route=\/wp\/v2\/types\/post"}],"author":[{"embeddable":true,"href":"https:\/\/noticiasbahia360.com.br\/index.php?rest_route=\/wp\/v2\/users\/1"}],"replies":[{"embeddable":true,"href":"https:\/\/noticiasbahia360.com.br\/index.php?rest_route=%2Fwp%2Fv2%2Fcomments&post=95111"}],"version-history":[{"count":0,"href":"https:\/\/noticiasbahia360.com.br\/index.php?rest_route=\/wp\/v2\/posts\/95111\/revisions"}],"wp:featuredmedia":[{"embeddable":true,"href":"https:\/\/noticiasbahia360.com.br\/index.php?rest_route=\/wp\/v2\/media\/95112"}],"wp:attachment":[{"href":"https:\/\/noticiasbahia360.com.br\/index.php?rest_route=%2Fwp%2Fv2%2Fmedia&parent=95111"}],"wp:term":[{"taxonomy":"category","embeddable":true,"href":"https:\/\/noticiasbahia360.com.br\/index.php?rest_route=%2Fwp%2Fv2%2Fcategories&post=95111"},{"taxonomy":"post_tag","embeddable":true,"href":"https:\/\/noticiasbahia360.com.br\/index.php?rest_route=%2Fwp%2Fv2%2Ftags&post=95111"}],"curies":[{"name":"wp","href":"https:\/\/api.w.org\/{rel}","templated":true}]}}