{"id":95116,"date":"2025-07-29T19:51:52","date_gmt":"2025-07-29T22:51:52","guid":{"rendered":"https:\/\/noticiasbahia360.com.br\/?p=95116"},"modified":"2025-07-29T19:51:52","modified_gmt":"2025-07-29T22:51:52","slug":"aguia-resgate-realiza-soltura-de-tatu-na-natureza-em-conceicao-do-coite","status":"publish","type":"post","link":"https:\/\/noticiasbahia360.com.br\/?p=95116","title":{"rendered":"\u00c1guia Resgate realiza soltura de tatu na natureza em Concei\u00e7\u00e3o do Coit\u00e9"},"content":{"rendered":"<div>\n<div>\n<figure><img decoding=\"async\" src=\"http:\/\/noticiasbahia360.com.br\/wp-content\/uploads\/2025\/07\/soltura-animal-tatu-foto-divulgacao-.jpg\" alt=\"\"><figcaption>Foto: Divulga\u00e7\u00e3o <\/figcaption><\/figure>\n<\/div>\n<p>A equipe \u00c1guia Resgate realizou, nesta ter\u00e7a-feira (29), a soltura de um tatu em seu habitat natural, refor\u00e7ando o compromisso com a preserva\u00e7\u00e3o da fauna silvestre. A a\u00e7\u00e3o ocorreu com o apoio do grupo de monitoramento da Serra do Mucambo, respons\u00e1vel pelo acompanhamento da vida animal na regi\u00e3o, e foi iniciada ap\u00f3s o chamado de um morador que entregou o animal em seguran\u00e7a.<\/p>\n<figure class=\"wp-block-image size-large\"><img fetchpriority=\"high\" fetchpriority=\"high\" decoding=\"async\" width=\"1024\" height=\"768\" src=\"http:\/\/noticiasbahia360.com.br\/wp-content\/uploads\/2025\/07\/soltura-animal-tatu-foto-divulgacao-01-1024x768-1.jpg\" alt=\"\" class=\"wp-image-578065\" srcset=\"https:\/\/uploads.acordacidade.com.br\/2025\/07\/soltura-animal-tatu-foto-divulgacao-01-487x365.jpg 487w, http:\/\/noticiasbahia360.com.br\/wp-content\/uploads\/2025\/07\/soltura-animal-tatu-foto-divulgacao-01-1024x768-1.jpg 1024w, https:\/\/uploads.acordacidade.com.br\/2025\/07\/soltura-animal-tatu-foto-divulgacao-01-737x553.jpg 737w, https:\/\/uploads.acordacidade.com.br\/2025\/07\/soltura-animal-tatu-foto-divulgacao-01-150x113.jpg 150w, https:\/\/uploads.acordacidade.com.br\/2025\/07\/soltura-animal-tatu-foto-divulgacao-01.jpg 1200w\" sizes=\"(max-width: 1024px) 100vw, 1024px\"><figcaption class=\"wp-element-caption\">Foto: Divulga\u00e7\u00e3o <\/figcaption><\/figure>\n<p>De acordo com Gildo Carneiro da brigada \u00c1guia Resgate, o resgate e a devolu\u00e7\u00e3o do tatu \u00e0 natureza destacam a import\u00e2ncia da conscientiza\u00e7\u00e3o ambiental e da colabora\u00e7\u00e3o da comunidade na prote\u00e7\u00e3o dos animais silvestres. A equipe ressalta que cada atitude conta e que cuidar da natureza \u00e9 uma responsabilidade coletiva.<\/p>\n<p><em>Siga o Acorda Cidade no<\/em><a href=\"https:\/\/news.google.com\/search?q=acorda%20cidade&amp;hl=pt-BR&amp;gl=BR&amp;ceid=BR%3Apt-419\"><strong><em>\u00a0Google Not\u00edcias<\/em><\/strong><\/a><em>\u00a0e receba os principais destaques do dia. Participe tamb\u00e9m dos nossos canais no\u00a0<\/em><a href=\"https:\/\/www.whatsapp.com\/channel\/0029Va6Rb4v3WHTNnsh8WI3N\"><strong><em>WhatsApp<\/em><\/strong><\/a><em>\u00a0e\u00a0<\/em><a href=\"https:\/\/www.youtube.com\/@acordacidadenoticias\/videos\"><strong>Youtube<\/strong><\/a><em>\u00a0e grupo de\u00a0<\/em><a href=\"https:\/\/t.me\/+sSz0khrgARA0ZmRh\"><strong><em>Telegram<\/em><\/strong><\/a><em>.<\/em><\/p>\n<\/div>\n","protected":false},"excerpt":{"rendered":"<div>\n<div>\n<figure><img decoding=\"async\" src=\"https:\/\/uploads.acordacidade.com.br\/2025\/07\/soltura-animal-tatu-foto-divulgacao-.jpg\" alt=\"\"><figcaption>Foto: Divulga\u00e7\u00e3o <\/figcaption><\/figure>\n<\/div>\n<p>A a\u00e7\u00e3o ocorreu com o apoio do grupo de monitoramento da Serra do Mucambo, respons\u00e1vel pelo acompanhamento da vida animal na regi\u00e3o<\/p><\/div>\n","protected":false},"author":1,"featured_media":95117,"comment_status":"closed","ping_status":"closed","sticky":false,"template":"","format":"gallery","meta":{"footnotes":""},"categories":[8,9,6,57,56,10],"tags":[],"class_list":["post-95116","post","type-post","status-publish","format-gallery","has-post-thumbnail","hentry","category-bahia","category-brasil","category-feira-de-santana","category-mundo","category-policia","category-politica","post_format-post-format-gallery"],"featured_image_urls":{"full":["https:\/\/noticiasbahia360.com.br\/wp-content\/uploads\/2025\/07\/soltura-animal-tatu-foto-divulgacao-.jpg",1200,900,false],"thumbnail":["https:\/\/noticiasbahia360.com.br\/wp-content\/uploads\/2025\/07\/soltura-animal-tatu-foto-divulgacao--150x150.jpg",150,150,true],"medium":["https:\/\/noticiasbahia360.com.br\/wp-content\/uploads\/2025\/07\/soltura-animal-tatu-foto-divulgacao--300x225.jpg",300,225,true],"medium_large":["https:\/\/noticiasbahia360.com.br\/wp-content\/uploads\/2025\/07\/soltura-animal-tatu-foto-divulgacao--768x576.jpg",640,480,true],"large":["https:\/\/noticiasbahia360.com.br\/wp-content\/uploads\/2025\/07\/soltura-animal-tatu-foto-divulgacao--1024x768.jpg",640,480,true],"1536x1536":["https:\/\/noticiasbahia360.com.br\/wp-content\/uploads\/2025\/07\/soltura-animal-tatu-foto-divulgacao-.jpg",1200,900,false],"2048x2048":["https:\/\/noticiasbahia360.com.br\/wp-content\/uploads\/2025\/07\/soltura-animal-tatu-foto-divulgacao-.jpg",1200,900,false],"chromenews-featured":["https:\/\/noticiasbahia360.com.br\/wp-content\/uploads\/2025\/07\/soltura-animal-tatu-foto-divulgacao--1024x768.jpg",1024,768,true],"chromenews-large":["https:\/\/noticiasbahia360.com.br\/wp-content\/uploads\/2025\/07\/soltura-animal-tatu-foto-divulgacao--825x575.jpg",825,575,true],"chromenews-medium":["https:\/\/noticiasbahia360.com.br\/wp-content\/uploads\/2025\/07\/soltura-animal-tatu-foto-divulgacao--590x410.jpg",590,410,true]},"author_info":{"display_name":"noticiasbahia360.com.br","author_link":"https:\/\/noticiasbahia360.com.br\/?author=1"},"category_info":"<a href=\"https:\/\/noticiasbahia360.com.br\/?cat=8\" rel=\"category\">Bahia<\/a> <a href=\"https:\/\/noticiasbahia360.com.br\/?cat=9\" rel=\"category\">Brasil<\/a> <a href=\"https:\/\/noticiasbahia360.com.br\/?cat=6\" rel=\"category\">Feira de Santana<\/a> <a href=\"https:\/\/noticiasbahia360.com.br\/?cat=57\" rel=\"category\">Mundo<\/a> <a href=\"https:\/\/noticiasbahia360.com.br\/?cat=56\" rel=\"category\">Pol\u00edcia<\/a> <a href=\"https:\/\/noticiasbahia360.com.br\/?cat=10\" rel=\"category\">Pol\u00edtica<\/a>","tag_info":"Pol\u00edtica","comment_count":"0","_links":{"self":[{"href":"https:\/\/noticiasbahia360.com.br\/index.php?rest_route=\/wp\/v2\/posts\/95116","targetHints":{"allow":["GET"]}}],"collection":[{"href":"https:\/\/noticiasbahia360.com.br\/index.php?rest_route=\/wp\/v2\/posts"}],"about":[{"href":"https:\/\/noticiasbahia360.com.br\/index.php?rest_route=\/wp\/v2\/types\/post"}],"author":[{"embeddable":true,"href":"https:\/\/noticiasbahia360.com.br\/index.php?rest_route=\/wp\/v2\/users\/1"}],"replies":[{"embeddable":true,"href":"https:\/\/noticiasbahia360.com.br\/index.php?rest_route=%2Fwp%2Fv2%2Fcomments&post=95116"}],"version-history":[{"count":0,"href":"https:\/\/noticiasbahia360.com.br\/index.php?rest_route=\/wp\/v2\/posts\/95116\/revisions"}],"wp:featuredmedia":[{"embeddable":true,"href":"https:\/\/noticiasbahia360.com.br\/index.php?rest_route=\/wp\/v2\/media\/95117"}],"wp:attachment":[{"href":"https:\/\/noticiasbahia360.com.br\/index.php?rest_route=%2Fwp%2Fv2%2Fmedia&parent=95116"}],"wp:term":[{"taxonomy":"category","embeddable":true,"href":"https:\/\/noticiasbahia360.com.br\/index.php?rest_route=%2Fwp%2Fv2%2Fcategories&post=95116"},{"taxonomy":"post_tag","embeddable":true,"href":"https:\/\/noticiasbahia360.com.br\/index.php?rest_route=%2Fwp%2Fv2%2Ftags&post=95116"}],"curies":[{"name":"wp","href":"https:\/\/api.w.org\/{rel}","templated":true}]}}