{"id":95119,"date":"2025-07-29T20:24:38","date_gmt":"2025-07-29T23:24:38","guid":{"rendered":"https:\/\/noticiasbahia360.com.br\/?p=95119"},"modified":"2025-07-29T20:24:38","modified_gmt":"2025-07-29T23:24:38","slug":"feira-de-santana-sedia-a-15a-conferencia-municipal-de-assistencia-social-com-foco-no-fortalecimento-do-suas","status":"publish","type":"post","link":"https:\/\/noticiasbahia360.com.br\/?p=95119","title":{"rendered":"Feira de Santana sedia a 15\u00aa Confer\u00eancia Municipal de Assist\u00eancia Social com foco no fortalecimento do SUAS"},"content":{"rendered":"<div>\n<div>\n<figure><img decoding=\"async\" src=\"http:\/\/noticiasbahia360.com.br\/wp-content\/uploads\/2025\/07\/Conferencia-de-Assitencia-Social-ft-paulo-jose-do-Acorda-Cidade-3.webp\" alt=\"Confer\u00eancia de Assist\u00eancia Social\"><figcaption>Foto: Paulo Jos\u00e9\/Acorda Cidade<\/figcaption><\/figure>\n<\/div>\n<p>A <strong>15\u00aa Confer\u00eancia Municipal de Assist\u00eancia Social de Feira de Santana<\/strong> come\u00e7ou nesta ter\u00e7a-feira (29) com o tema \u201c20 anos do Suas: constru\u00e7\u00e3o, prote\u00e7\u00e3o social e resist\u00eancia\u201d. O evento, promovido pelo Conselho Municipal de Assist\u00eancia Social (CMAS) e a Secretaria Municipal de Desenvolvimento Social (Sedeso), re\u00fane profissionais, conselheiros, gestores, representantes da sociedade civil e usu\u00e1rios do sistema para avaliar e propor diretrizes para o fortalecimento da pol\u00edtica p\u00fablica de assist\u00eancia social no munic\u00edpio.<\/p>\n<p>Em entrevista ao Acorda Cidade, a secret\u00e1ria da Sedeso, Gerusa Sampaio, destacou o principal objetivo da confer\u00eancia. \u201c\u00c9 ouvir as demandas da comunidade, das categorias. Realizamos 17 pr\u00e9-confer\u00eancias nos Cras, quatro nos distritos e uma na comunidade quilombola.\u201d<\/p>\n<figure class=\"wp-block-image size-full\"><img fetchpriority=\"high\" fetchpriority=\"high\" decoding=\"async\" width=\"1200\" height=\"554\" src=\"http:\/\/noticiasbahia360.com.br\/wp-content\/uploads\/2025\/07\/Conferencia-de-Assitencia-Social-ft-paulo-jose-do-Acorda-Cidade-1.webp\" alt=\"Confer\u00eancia de Assist\u00eancia Social\" class=\"wp-image-578069\" srcset=\"https:\/\/uploads.acordacidade.com.br\/2025\/07\/Conferencia-de-Assitencia-Social-ft-paulo-jose-do-Acorda-Cidade-1-648x299.webp 648w, https:\/\/uploads.acordacidade.com.br\/2025\/07\/Conferencia-de-Assitencia-Social-ft-paulo-jose-do-Acorda-Cidade-1-984x454.webp 984w, https:\/\/uploads.acordacidade.com.br\/2025\/07\/Conferencia-de-Assitencia-Social-ft-paulo-jose-do-Acorda-Cidade-1-150x69.webp 150w, http:\/\/noticiasbahia360.com.br\/wp-content\/uploads\/2025\/07\/Conferencia-de-Assitencia-Social-ft-paulo-jose-do-Acorda-Cidade-1.webp 1200w\" sizes=\"(max-width: 1200px) 100vw, 1200px\"><figcaption class=\"wp-element-caption\">Foto: Paulo Jos\u00e9\/Acorda Cidade<\/figcaption><\/figure>\n<p>Segundo a secret\u00e1ria, o evento \u00e9 um espa\u00e7o para dar voz \u00e0 popula\u00e7\u00e3o, incluindo grupos que muitas vezes t\u00eam suas pautas invisibilizadas. Ela fez uma breve avalia\u00e7\u00e3o dos 20 anos de implementa\u00e7\u00e3o do Suas em Feira de Santana e refor\u00e7ou a import\u00e2ncia da reestrutura\u00e7\u00e3o.<\/p>\n<figure class=\"wp-block-image size-full\"><img decoding=\"async\" width=\"1200\" height=\"721\" src=\"http:\/\/noticiasbahia360.com.br\/wp-content\/uploads\/2025\/07\/Conferencia-de-Assitencia-Social-ft-paulo-jose-do-Acorda-Cidade-.webp\" alt=\"Confer\u00eancia de Assist\u00eancia Social\" class=\"wp-image-578070\" srcset=\"https:\/\/uploads.acordacidade.com.br\/2025\/07\/Conferencia-de-Assitencia-Social-ft-paulo-jose-do-Acorda-Cidade--607x365.webp 607w, https:\/\/uploads.acordacidade.com.br\/2025\/07\/Conferencia-de-Assitencia-Social-ft-paulo-jose-do-Acorda-Cidade--920x553.webp 920w, https:\/\/uploads.acordacidade.com.br\/2025\/07\/Conferencia-de-Assitencia-Social-ft-paulo-jose-do-Acorda-Cidade--150x90.webp 150w, http:\/\/noticiasbahia360.com.br\/wp-content\/uploads\/2025\/07\/Conferencia-de-Assitencia-Social-ft-paulo-jose-do-Acorda-Cidade-.webp 1200w\" sizes=\"(max-width: 1200px) 100vw, 1200px\"><figcaption class=\"wp-element-caption\">Foto: Paulo Jos\u00e9\/Acorda Cidade<\/figcaption><\/figure>\n<p>\u201cN\u00f3s queremos ressignificar, transformar. Nesse momento, temos estandes de vendas, aqui tem mulheres, m\u00e3es at\u00edpicas, temos pequenas empreendedoras que justamente precisam ter um espa\u00e7o para fomentar seus produtos, para que sejam protagonistas do seu destino e n\u00e3o fiquem apenas sendo benefici\u00e1rias do programa Bolsa Fam\u00edlia, buscando assistencialismo\u201d, declarou a secret\u00e1ria de Desenvolvimento Social ao Acorda Cidade.<\/p>\n<p>A secret\u00e1ria tamb\u00e9m ressaltou o desafio enfrentado pela rede de prote\u00e7\u00e3o social na cidade. \u201cO grande desafio \u00e9 conscientizar as pessoas, empoder\u00e1-las para que elas descubram os seus valores, os seus potenciais e n\u00e3o fiquem pedindo, e sim fornecendo, trabalhando, progredindo.\u201d<\/p>\n<figure class=\"wp-block-image size-full\"><img decoding=\"async\" width=\"1200\" height=\"721\" src=\"http:\/\/noticiasbahia360.com.br\/wp-content\/uploads\/2025\/07\/Conferencia-de-Assitencia-Social-ft-paulo-jose-do-Acorda-Cidade.webp\" alt=\"Confer\u00eancia de Assit\u00eancia Social\" class=\"wp-image-578071\" srcset=\"https:\/\/uploads.acordacidade.com.br\/2025\/07\/Conferencia-de-Assitencia-Social-ft-paulo-jose-do-Acorda-Cidade-607x365.webp 607w, https:\/\/uploads.acordacidade.com.br\/2025\/07\/Conferencia-de-Assitencia-Social-ft-paulo-jose-do-Acorda-Cidade-920x553.webp 920w, https:\/\/uploads.acordacidade.com.br\/2025\/07\/Conferencia-de-Assitencia-Social-ft-paulo-jose-do-Acorda-Cidade-150x90.webp 150w, http:\/\/noticiasbahia360.com.br\/wp-content\/uploads\/2025\/07\/Conferencia-de-Assitencia-Social-ft-paulo-jose-do-Acorda-Cidade.webp 1200w\" sizes=\"(max-width: 1200px) 100vw, 1200px\"><figcaption class=\"wp-element-caption\">Foto: Paulo Jos\u00e9\/Acorda Cidade<\/figcaption><\/figure>\n<p>A confer\u00eancia, que segue at\u00e9 esta quarta-feira (30), tamb\u00e9m servir\u00e1 para discutir e elaborar propostas que influenciar\u00e3o futuras pol\u00edticas p\u00fablicas em Feira de Santana. \u201cToda essa discuss\u00e3o com propostas, iremos analis\u00e1-las para que possamos levar e trazer mais pol\u00edticas para Feira\u201d, afirmou Gerusa.<\/p>\n<figure class=\"wp-block-image size-full\"><img decoding=\"async\" width=\"1200\" height=\"554\" src=\"http:\/\/noticiasbahia360.com.br\/wp-content\/uploads\/2025\/07\/Conferencia-de-Assitencia-Social-ft-paulo-jose-do-Acorda-Cidade-2.webp\" alt=\"Confer\u00eancia de Assist\u00eancia Social\" class=\"wp-image-578068\" srcset=\"https:\/\/uploads.acordacidade.com.br\/2025\/07\/Conferencia-de-Assitencia-Social-ft-paulo-jose-do-Acorda-Cidade-2-648x299.webp 648w, https:\/\/uploads.acordacidade.com.br\/2025\/07\/Conferencia-de-Assitencia-Social-ft-paulo-jose-do-Acorda-Cidade-2-984x454.webp 984w, https:\/\/uploads.acordacidade.com.br\/2025\/07\/Conferencia-de-Assitencia-Social-ft-paulo-jose-do-Acorda-Cidade-2-150x69.webp 150w, http:\/\/noticiasbahia360.com.br\/wp-content\/uploads\/2025\/07\/Conferencia-de-Assitencia-Social-ft-paulo-jose-do-Acorda-Cidade-2.webp 1200w\" sizes=\"(max-width: 1200px) 100vw, 1200px\"><figcaption class=\"wp-element-caption\">Foto: Paulo Jos\u00e9\/Acorda Cidade<\/figcaption><\/figure>\n<p>Ela tamb\u00e9m comentou sobre a import\u00e2ncia da participa\u00e7\u00e3o da comunidade durante os dois dias de confer\u00eancia. O evento ainda conta com apresenta\u00e7\u00f5es culturais, como a das crian\u00e7as do Cras do bairro Bara\u00fanas, que se apresentaram nesta ter\u00e7a.  <\/p>\n<p><em>Com informa\u00e7\u00f5es do rep\u00f3rter Paulo Jos\u00e9 do Acorda Cidade<\/em><\/p>\n<p><em>Siga o Acorda Cidade no<\/em><a href=\"https:\/\/news.google.com\/search?q=acorda%20cidade&amp;hl=pt-BR&amp;gl=BR&amp;ceid=BR%3Apt-419\"><strong><em>\u00a0Google Not\u00edcias<\/em><\/strong><\/a><em>\u00a0e receba os principais destaques do dia. Participe tamb\u00e9m dos nossos canais no\u00a0<\/em><a href=\"https:\/\/www.whatsapp.com\/channel\/0029Va6Rb4v3WHTNnsh8WI3N\"><strong><em>WhatsApp<\/em><\/strong><\/a><em>\u00a0e\u00a0<\/em><a href=\"https:\/\/www.youtube.com\/@acordacidadenoticias\/videos\"><strong>Youtube<\/strong><\/a><em>\u00a0e grupo de\u00a0<\/em><a href=\"https:\/\/t.me\/+sSz0khrgARA0ZmRh\"><strong><em>Telegram<\/em><\/strong><\/a><em>.<\/em><\/p>\n<\/div>\n","protected":false},"excerpt":{"rendered":"<div>\n<div>\n<figure><img decoding=\"async\" src=\"https:\/\/uploads.acordacidade.com.br\/2025\/07\/Conferencia-de-Assitencia-Social-ft-paulo-jose-do-Acorda-Cidade-3.webp\" alt=\"Confer\u00eancia de Assist\u00eancia Social\"><figcaption>Foto: Paulo Jos\u00e9\/Acorda Cidade<\/figcaption><\/figure>\n<\/div>\n<p>A confer\u00eancia, que segue at\u00e9 esta quarta (30), tamb\u00e9m servir\u00e1 para discutir e elaborar propostas que influenciar\u00e3o futuras pol\u00edticas em Feira.<\/p><\/div>\n","protected":false},"author":1,"featured_media":95120,"comment_status":"closed","ping_status":"closed","sticky":false,"template":"","format":"gallery","meta":{"footnotes":""},"categories":[8,9,6,57,56,10],"tags":[],"class_list":["post-95119","post","type-post","status-publish","format-gallery","has-post-thumbnail","hentry","category-bahia","category-brasil","category-feira-de-santana","category-mundo","category-policia","category-politica","post_format-post-format-gallery"],"featured_image_urls":{"full":["https:\/\/noticiasbahia360.com.br\/wp-content\/uploads\/2025\/07\/Conferencia-de-Assitencia-Social-ft-paulo-jose-do-Acorda-Cidade-3.webp",1200,554,false],"thumbnail":["https:\/\/noticiasbahia360.com.br\/wp-content\/uploads\/2025\/07\/Conferencia-de-Assitencia-Social-ft-paulo-jose-do-Acorda-Cidade-3-150x150.webp",150,150,true],"medium":["https:\/\/noticiasbahia360.com.br\/wp-content\/uploads\/2025\/07\/Conferencia-de-Assitencia-Social-ft-paulo-jose-do-Acorda-Cidade-3-300x139.webp",300,139,true],"medium_large":["https:\/\/noticiasbahia360.com.br\/wp-content\/uploads\/2025\/07\/Conferencia-de-Assitencia-Social-ft-paulo-jose-do-Acorda-Cidade-3-768x355.webp",640,296,true],"large":["https:\/\/noticiasbahia360.com.br\/wp-content\/uploads\/2025\/07\/Conferencia-de-Assitencia-Social-ft-paulo-jose-do-Acorda-Cidade-3-1024x473.webp",640,296,true],"1536x1536":["https:\/\/noticiasbahia360.com.br\/wp-content\/uploads\/2025\/07\/Conferencia-de-Assitencia-Social-ft-paulo-jose-do-Acorda-Cidade-3.webp",1200,554,false],"2048x2048":["https:\/\/noticiasbahia360.com.br\/wp-content\/uploads\/2025\/07\/Conferencia-de-Assitencia-Social-ft-paulo-jose-do-Acorda-Cidade-3.webp",1200,554,false],"chromenews-featured":["https:\/\/noticiasbahia360.com.br\/wp-content\/uploads\/2025\/07\/Conferencia-de-Assitencia-Social-ft-paulo-jose-do-Acorda-Cidade-3-1024x473.webp",1024,473,true],"chromenews-large":["https:\/\/noticiasbahia360.com.br\/wp-content\/uploads\/2025\/07\/Conferencia-de-Assitencia-Social-ft-paulo-jose-do-Acorda-Cidade-3-825x554.webp",825,554,true],"chromenews-medium":["https:\/\/noticiasbahia360.com.br\/wp-content\/uploads\/2025\/07\/Conferencia-de-Assitencia-Social-ft-paulo-jose-do-Acorda-Cidade-3-590x410.webp",590,410,true]},"author_info":{"display_name":"noticiasbahia360.com.br","author_link":"https:\/\/noticiasbahia360.com.br\/?author=1"},"category_info":"<a href=\"https:\/\/noticiasbahia360.com.br\/?cat=8\" rel=\"category\">Bahia<\/a> <a href=\"https:\/\/noticiasbahia360.com.br\/?cat=9\" rel=\"category\">Brasil<\/a> <a href=\"https:\/\/noticiasbahia360.com.br\/?cat=6\" rel=\"category\">Feira de Santana<\/a> <a href=\"https:\/\/noticiasbahia360.com.br\/?cat=57\" rel=\"category\">Mundo<\/a> <a href=\"https:\/\/noticiasbahia360.com.br\/?cat=56\" rel=\"category\">Pol\u00edcia<\/a> <a href=\"https:\/\/noticiasbahia360.com.br\/?cat=10\" rel=\"category\">Pol\u00edtica<\/a>","tag_info":"Pol\u00edtica","comment_count":"0","_links":{"self":[{"href":"https:\/\/noticiasbahia360.com.br\/index.php?rest_route=\/wp\/v2\/posts\/95119","targetHints":{"allow":["GET"]}}],"collection":[{"href":"https:\/\/noticiasbahia360.com.br\/index.php?rest_route=\/wp\/v2\/posts"}],"about":[{"href":"https:\/\/noticiasbahia360.com.br\/index.php?rest_route=\/wp\/v2\/types\/post"}],"author":[{"embeddable":true,"href":"https:\/\/noticiasbahia360.com.br\/index.php?rest_route=\/wp\/v2\/users\/1"}],"replies":[{"embeddable":true,"href":"https:\/\/noticiasbahia360.com.br\/index.php?rest_route=%2Fwp%2Fv2%2Fcomments&post=95119"}],"version-history":[{"count":0,"href":"https:\/\/noticiasbahia360.com.br\/index.php?rest_route=\/wp\/v2\/posts\/95119\/revisions"}],"wp:featuredmedia":[{"embeddable":true,"href":"https:\/\/noticiasbahia360.com.br\/index.php?rest_route=\/wp\/v2\/media\/95120"}],"wp:attachment":[{"href":"https:\/\/noticiasbahia360.com.br\/index.php?rest_route=%2Fwp%2Fv2%2Fmedia&parent=95119"}],"wp:term":[{"taxonomy":"category","embeddable":true,"href":"https:\/\/noticiasbahia360.com.br\/index.php?rest_route=%2Fwp%2Fv2%2Fcategories&post=95119"},{"taxonomy":"post_tag","embeddable":true,"href":"https:\/\/noticiasbahia360.com.br\/index.php?rest_route=%2Fwp%2Fv2%2Ftags&post=95119"}],"curies":[{"name":"wp","href":"https:\/\/api.w.org\/{rel}","templated":true}]}}