{"id":95125,"date":"2025-07-29T20:35:50","date_gmt":"2025-07-29T23:35:50","guid":{"rendered":"https:\/\/noticiasbahia360.com.br\/?p=95125"},"modified":"2025-07-29T20:35:50","modified_gmt":"2025-07-29T23:35:50","slug":"mc-livinho-sofre-acidente-de-transito-e-e-internado-na-uti-com-perfuracoes-no-pulmao","status":"publish","type":"post","link":"https:\/\/noticiasbahia360.com.br\/?p=95125","title":{"rendered":"MC Livinho sofre acidente de tr\u00e2nsito e \u00e9 internado na UTI com perfura\u00e7\u00f5es no pulm\u00e3o"},"content":{"rendered":"<div>\n<div>\n<figure><img decoding=\"async\" src=\"http:\/\/noticiasbahia360.com.br\/wp-content\/uploads\/2025\/07\/mc-livinho-sofre-acidnte-de-transito-foto-reproducao-bahia-noticias.png\" alt=\"\"><figcaption>Foto: Reprodu\u00e7\u00e3o \/ Redes Sociais <\/figcaption><\/figure>\n<\/div>\n<p>O cantor MC Livinho est\u00e1 internado na Unidade de Terapia Intensiva (UTI) ap\u00f3s sofrer um acidente de tr\u00e2nsito. A informa\u00e7\u00e3o foi confirmada por ele pr\u00f3prio nesta ter\u00e7a-feira (29), por meio de postagens em seu perfil no Instagram. Apesar do susto, o artista tranquilizou os f\u00e3s e afirmou que est\u00e1 consciente e em recupera\u00e7\u00e3o.<\/p>\n<p>Segundo Livinho, o acidente ocorreu quando ele se dirigia a um compromisso e foi atingido por outro ve\u00edculo. \u201cFui derrubado, depois ele [o motorista] me ajudou, deitei na cal\u00e7ada e cuspi sangue. Chegou o Corpo de Bombeiros, prestaram socorro e a ambul\u00e2ncia me trouxe para o hospital\u201d, relatou.<\/p>\n<p>Nos stories, o cantor contou que sofreu uma perfura\u00e7\u00e3o no pulm\u00e3o e segue em observa\u00e7\u00e3o. \u201cJ\u00e1 fiz tomografia, radiografia e me colocaram na UTI. Estou em estado de observa\u00e7\u00e3o. Tiro disso a li\u00e7\u00e3o de que Deus \u00e9 maravilhoso, \u00e9 mil grau, me deu a oportunidade de viver, criar meu filho\u201d, disse.<\/p>\n<p>Na legenda da postagem em que compartilhou imagens do local do acidente e do hospital, Livinho citou o vers\u00edculo 4 do Salmo 23: \u201cAinda que eu andasse pelo vale da sombra da morte, n\u00e3o temeria mal algum, porque tu est\u00e1s comigo\u201d.<\/p>\n<p>Ele tamb\u00e9m divulgou um laudo m\u00e9dico, que aponta a presen\u00e7a de focos discretos de enfisema na regi\u00e3o esternoclavicular, al\u00e9m de suturas realizadas na m\u00e3o direita. O cantor est\u00e1 sob os cuidados da equipe de cirurgia tor\u00e1cica.<\/p>\n<p><em>Fonte: <a href=\"https:\/\/www.bahianoticias.com.br\/holofote\/noticia\/80239-mc-livinho-sofre-acidente-de-transito-e-e-internado-na-uti-com-perfuracoes-no-pulmao\">Bahia Not\u00edcias<\/a>, parceiro do Acorda Cidade <\/em><\/p>\n<p><em>Siga o Acorda Cidade no<\/em><a href=\"https:\/\/news.google.com\/search?q=acorda%20cidade&amp;hl=pt-BR&amp;gl=BR&amp;ceid=BR%3Apt-419\"><strong><em>\u00a0Google Not\u00edcias<\/em><\/strong><\/a><em>\u00a0e receba os principais destaques do dia. Participe tamb\u00e9m dos nossos canais no\u00a0<\/em><a href=\"https:\/\/www.whatsapp.com\/channel\/0029Va6Rb4v3WHTNnsh8WI3N\"><strong><em>WhatsApp<\/em><\/strong><\/a><em>\u00a0e\u00a0<\/em><a href=\"https:\/\/www.youtube.com\/@acordacidadenoticias\/videos\"><strong>Youtube<\/strong><\/a><em>\u00a0e grupo de\u00a0<\/em><a href=\"https:\/\/t.me\/+sSz0khrgARA0ZmRh\"><strong><em>Telegram<\/em><\/strong><\/a><em>.<\/em><\/p>\n<\/div>\n","protected":false},"excerpt":{"rendered":"<div>\n<div>\n<figure><img decoding=\"async\" src=\"https:\/\/uploads.acordacidade.com.br\/2025\/07\/mc-livinho-sofre-acidnte-de-transito-foto-reproducao-bahia-noticias.png\" alt=\"\"><figcaption>Foto: Reprodu\u00e7\u00e3o \/ Redes Sociais <\/figcaption><\/figure>\n<\/div>\n<p>Segundo Livinho, o acidente ocorreu quando ele se dirigia a um compromisso e foi atingido por outro ve\u00edculo. \u201cFui derrubado&#8221;, disse o cantor.<\/p><\/div>\n","protected":false},"author":1,"featured_media":95126,"comment_status":"closed","ping_status":"closed","sticky":false,"template":"","format":"gallery","meta":{"footnotes":""},"categories":[8,9,6,57,56,10],"tags":[],"class_list":["post-95125","post","type-post","status-publish","format-gallery","has-post-thumbnail","hentry","category-bahia","category-brasil","category-feira-de-santana","category-mundo","category-policia","category-politica","post_format-post-format-gallery"],"featured_image_urls":{"full":["https:\/\/noticiasbahia360.com.br\/wp-content\/uploads\/2025\/07\/mc-livinho-sofre-acidnte-de-transito-foto-reproducao-bahia-noticias.png",1200,630,false],"thumbnail":["https:\/\/noticiasbahia360.com.br\/wp-content\/uploads\/2025\/07\/mc-livinho-sofre-acidnte-de-transito-foto-reproducao-bahia-noticias-150x150.png",150,150,true],"medium":["https:\/\/noticiasbahia360.com.br\/wp-content\/uploads\/2025\/07\/mc-livinho-sofre-acidnte-de-transito-foto-reproducao-bahia-noticias-300x158.png",300,158,true],"medium_large":["https:\/\/noticiasbahia360.com.br\/wp-content\/uploads\/2025\/07\/mc-livinho-sofre-acidnte-de-transito-foto-reproducao-bahia-noticias-768x403.png",640,336,true],"large":["https:\/\/noticiasbahia360.com.br\/wp-content\/uploads\/2025\/07\/mc-livinho-sofre-acidnte-de-transito-foto-reproducao-bahia-noticias-1024x538.png",640,336,true],"1536x1536":["https:\/\/noticiasbahia360.com.br\/wp-content\/uploads\/2025\/07\/mc-livinho-sofre-acidnte-de-transito-foto-reproducao-bahia-noticias.png",1200,630,false],"2048x2048":["https:\/\/noticiasbahia360.com.br\/wp-content\/uploads\/2025\/07\/mc-livinho-sofre-acidnte-de-transito-foto-reproducao-bahia-noticias.png",1200,630,false],"chromenews-featured":["https:\/\/noticiasbahia360.com.br\/wp-content\/uploads\/2025\/07\/mc-livinho-sofre-acidnte-de-transito-foto-reproducao-bahia-noticias-1024x538.png",1024,538,true],"chromenews-large":["https:\/\/noticiasbahia360.com.br\/wp-content\/uploads\/2025\/07\/mc-livinho-sofre-acidnte-de-transito-foto-reproducao-bahia-noticias-825x575.png",825,575,true],"chromenews-medium":["https:\/\/noticiasbahia360.com.br\/wp-content\/uploads\/2025\/07\/mc-livinho-sofre-acidnte-de-transito-foto-reproducao-bahia-noticias-590x410.png",590,410,true]},"author_info":{"display_name":"noticiasbahia360.com.br","author_link":"https:\/\/noticiasbahia360.com.br\/?author=1"},"category_info":"<a href=\"https:\/\/noticiasbahia360.com.br\/?cat=8\" rel=\"category\">Bahia<\/a> <a href=\"https:\/\/noticiasbahia360.com.br\/?cat=9\" rel=\"category\">Brasil<\/a> <a href=\"https:\/\/noticiasbahia360.com.br\/?cat=6\" rel=\"category\">Feira de Santana<\/a> <a href=\"https:\/\/noticiasbahia360.com.br\/?cat=57\" rel=\"category\">Mundo<\/a> <a href=\"https:\/\/noticiasbahia360.com.br\/?cat=56\" rel=\"category\">Pol\u00edcia<\/a> <a href=\"https:\/\/noticiasbahia360.com.br\/?cat=10\" rel=\"category\">Pol\u00edtica<\/a>","tag_info":"Pol\u00edtica","comment_count":"0","_links":{"self":[{"href":"https:\/\/noticiasbahia360.com.br\/index.php?rest_route=\/wp\/v2\/posts\/95125","targetHints":{"allow":["GET"]}}],"collection":[{"href":"https:\/\/noticiasbahia360.com.br\/index.php?rest_route=\/wp\/v2\/posts"}],"about":[{"href":"https:\/\/noticiasbahia360.com.br\/index.php?rest_route=\/wp\/v2\/types\/post"}],"author":[{"embeddable":true,"href":"https:\/\/noticiasbahia360.com.br\/index.php?rest_route=\/wp\/v2\/users\/1"}],"replies":[{"embeddable":true,"href":"https:\/\/noticiasbahia360.com.br\/index.php?rest_route=%2Fwp%2Fv2%2Fcomments&post=95125"}],"version-history":[{"count":0,"href":"https:\/\/noticiasbahia360.com.br\/index.php?rest_route=\/wp\/v2\/posts\/95125\/revisions"}],"wp:featuredmedia":[{"embeddable":true,"href":"https:\/\/noticiasbahia360.com.br\/index.php?rest_route=\/wp\/v2\/media\/95126"}],"wp:attachment":[{"href":"https:\/\/noticiasbahia360.com.br\/index.php?rest_route=%2Fwp%2Fv2%2Fmedia&parent=95125"}],"wp:term":[{"taxonomy":"category","embeddable":true,"href":"https:\/\/noticiasbahia360.com.br\/index.php?rest_route=%2Fwp%2Fv2%2Fcategories&post=95125"},{"taxonomy":"post_tag","embeddable":true,"href":"https:\/\/noticiasbahia360.com.br\/index.php?rest_route=%2Fwp%2Fv2%2Ftags&post=95125"}],"curies":[{"name":"wp","href":"https:\/\/api.w.org\/{rel}","templated":true}]}}