{"id":95127,"date":"2025-07-29T20:41:41","date_gmt":"2025-07-29T23:41:41","guid":{"rendered":"https:\/\/noticiasbahia360.com.br\/?p=95127"},"modified":"2025-07-29T20:41:41","modified_gmt":"2025-07-29T23:41:41","slug":"dallagnol-e-condenado-a-indenizar-lula-por-caso-do-powerpoint-e-reage-faria-de-novo-mil-vezes","status":"publish","type":"post","link":"https:\/\/noticiasbahia360.com.br\/?p=95127","title":{"rendered":"Dallagnol \u00e9 condenado a indenizar Lula por caso do PowerPoint e reage: \u201cFaria de novo mil vezes\u201d"},"content":{"rendered":"<div>\n<div>\n<figure><img decoding=\"async\" src=\"http:\/\/noticiasbahia360.com.br\/wp-content\/uploads\/2025\/07\/PowerPoint-do-lula-foto-reproducao-.png\" alt=\"Lula\"><figcaption>Foto: Reprodu\u00e7\u00e3o <\/figcaption><\/figure>\n<\/div>\n<p>O ex-procurador da Lava Jato, Deltan Dallagnol, foi condenado pela Justi\u00e7a de S\u00e3o Paulo a pagar uma indeniza\u00e7\u00e3o de R$ 135,4 mil ao presidente Luiz In\u00e1cio Lula da Silva (PT), por danos morais relacionados \u00e0 pol\u00eamica apresenta\u00e7\u00e3o em PowerPoint feita em 2016, durante a den\u00fancia do caso do tr\u00edplex do Guaruj\u00e1. A decis\u00e3o foi proferida pelo juiz Carlo Brito Melfi, do Tribunal de Justi\u00e7a de S\u00e3o Paulo (TJ-SP), e determina o pagamento em at\u00e9 15 dias.<\/p>\n<p>A defesa de Lula sustentava que a entrevista coletiva \u201cse transformou em um deprimente espet\u00e1culo de ataque \u00e0 honra, \u00e0 imagem e \u00e0 reputa\u00e7\u00e3o\u201d do ex-presidente.<\/p>\n<p>Em resposta, Dallagnol afirmou que n\u00e3o se arrepende e voltaria a agir da mesma forma.\u00a0<\/p>\n<p>\u201cFaria de novo mil vezes se eu tivesse mil vidas: colocar na cadeia e n\u00e3o na Presid\u00eancia aqueles contra quem surgem fortes provas de corrup\u00e7\u00e3o\u201d, declarou em nota.<\/p>\n<p>O ex-procurador criticou a decis\u00e3o judicial e disse que quem deveria ser punido s\u00e3o os corruptos e os que protegem a impunidade.\u00a0<\/p>\n<p>\u201cFiz a coisa certa, n\u00e3o me arrependo e quem deveria ser condenado s\u00e3o os corruptos e aqueles que lhes garantem a impunidade suprema\u201d, disse.\u00a0<\/p>\n<p>Dallagnol tamb\u00e9m agradeceu aos apoiadores que, segundo ele, doaram espontaneamente mais de meio milh\u00e3o de reais para lidar com processos judiciais.\u00a0<\/p>\n<p>\u201cAgrade\u00e7o aos mais de 12 mil brasileiros que doaram, sem eu pedir, pequenos valores que somaram mais de meio milh\u00e3o de reais. Voc\u00eas me fortalecem e inspiram a n\u00e3o desistir de lutar pelo nosso pa\u00eds\u201d, continuou.\u00a0<\/p>\n<p>Ele afirmou ainda que o valor excedente ser\u00e1 destinado a hospitais filantr\u00f3picos que atendem crian\u00e7as com c\u00e2ncer e com transtorno do espectro autista.\u00a0<\/p>\n<p>\u201cO que nasceu como uma injusti\u00e7a ser\u00e1 transformado em um bem: a tentativa de vingan\u00e7a de Lula ser\u00e1 revertida em solidariedade\u2019, declarou ele.\u00a0<\/p>\n<p><em>Fonte: <a href=\"https:\/\/www.bahianoticias.com.br\/noticia\/306942-dallagnol-e-condenado-a-indenizar-lula-por-caso-do-powerpoint-e-reage-faria-de-novo-mil-vezes\">Bahia Not\u00edcias<\/a>, parceiro do Acorda Cidade <\/em><\/p>\n<p><em>Siga o Acorda Cidade no<\/em><a href=\"https:\/\/news.google.com\/search?q=acorda%20cidade&amp;hl=pt-BR&amp;gl=BR&amp;ceid=BR%3Apt-419\"><strong><em>\u00a0Google Not\u00edcias<\/em><\/strong><\/a><em>\u00a0e receba os principais destaques do dia. Participe tamb\u00e9m dos nossos canais no\u00a0<\/em><a href=\"https:\/\/www.whatsapp.com\/channel\/0029Va6Rb4v3WHTNnsh8WI3N\"><strong><em>WhatsApp<\/em><\/strong><\/a><em>\u00a0e\u00a0<\/em><a href=\"https:\/\/www.youtube.com\/@acordacidadenoticias\/videos\"><strong>Youtube<\/strong><\/a><em>\u00a0e grupo de\u00a0<\/em><a href=\"https:\/\/t.me\/+sSz0khrgARA0ZmRh\"><strong><em>Telegram<\/em><\/strong><\/a><em>.<\/em><\/p>\n<\/div>\n","protected":false},"excerpt":{"rendered":"<div>\n<div>\n<figure><img decoding=\"async\" src=\"https:\/\/uploads.acordacidade.com.br\/2025\/07\/PowerPoint-do-lula-foto-reproducao-.png\" alt=\"Lula\"><figcaption>Foto: Reprodu\u00e7\u00e3o <\/figcaption><\/figure>\n<\/div>\n<p>A defesa de Lula sustentava que a entrevista coletiva &#8220;se transformou em um deprimente espet\u00e1culo de ataque \u00e0 honra&#8221; do ent\u00e3o ex-presidente.<\/p><\/div>\n","protected":false},"author":1,"featured_media":95128,"comment_status":"closed","ping_status":"closed","sticky":false,"template":"","format":"gallery","meta":{"footnotes":""},"categories":[8,9,6,57,56,10],"tags":[],"class_list":["post-95127","post","type-post","status-publish","format-gallery","has-post-thumbnail","hentry","category-bahia","category-brasil","category-feira-de-santana","category-mundo","category-policia","category-politica","post_format-post-format-gallery"],"featured_image_urls":{"full":["https:\/\/noticiasbahia360.com.br\/wp-content\/uploads\/2025\/07\/PowerPoint-do-lula-foto-reproducao-.png",1200,630,false],"thumbnail":["https:\/\/noticiasbahia360.com.br\/wp-content\/uploads\/2025\/07\/PowerPoint-do-lula-foto-reproducao--150x150.png",150,150,true],"medium":["https:\/\/noticiasbahia360.com.br\/wp-content\/uploads\/2025\/07\/PowerPoint-do-lula-foto-reproducao--300x158.png",300,158,true],"medium_large":["https:\/\/noticiasbahia360.com.br\/wp-content\/uploads\/2025\/07\/PowerPoint-do-lula-foto-reproducao--768x403.png",640,336,true],"large":["https:\/\/noticiasbahia360.com.br\/wp-content\/uploads\/2025\/07\/PowerPoint-do-lula-foto-reproducao--1024x538.png",640,336,true],"1536x1536":["https:\/\/noticiasbahia360.com.br\/wp-content\/uploads\/2025\/07\/PowerPoint-do-lula-foto-reproducao-.png",1200,630,false],"2048x2048":["https:\/\/noticiasbahia360.com.br\/wp-content\/uploads\/2025\/07\/PowerPoint-do-lula-foto-reproducao-.png",1200,630,false],"chromenews-featured":["https:\/\/noticiasbahia360.com.br\/wp-content\/uploads\/2025\/07\/PowerPoint-do-lula-foto-reproducao--1024x538.png",1024,538,true],"chromenews-large":["https:\/\/noticiasbahia360.com.br\/wp-content\/uploads\/2025\/07\/PowerPoint-do-lula-foto-reproducao--825x575.png",825,575,true],"chromenews-medium":["https:\/\/noticiasbahia360.com.br\/wp-content\/uploads\/2025\/07\/PowerPoint-do-lula-foto-reproducao--590x410.png",590,410,true]},"author_info":{"display_name":"noticiasbahia360.com.br","author_link":"https:\/\/noticiasbahia360.com.br\/?author=1"},"category_info":"<a href=\"https:\/\/noticiasbahia360.com.br\/?cat=8\" rel=\"category\">Bahia<\/a> <a href=\"https:\/\/noticiasbahia360.com.br\/?cat=9\" rel=\"category\">Brasil<\/a> <a href=\"https:\/\/noticiasbahia360.com.br\/?cat=6\" rel=\"category\">Feira de Santana<\/a> <a href=\"https:\/\/noticiasbahia360.com.br\/?cat=57\" rel=\"category\">Mundo<\/a> <a href=\"https:\/\/noticiasbahia360.com.br\/?cat=56\" rel=\"category\">Pol\u00edcia<\/a> <a href=\"https:\/\/noticiasbahia360.com.br\/?cat=10\" rel=\"category\">Pol\u00edtica<\/a>","tag_info":"Pol\u00edtica","comment_count":"0","_links":{"self":[{"href":"https:\/\/noticiasbahia360.com.br\/index.php?rest_route=\/wp\/v2\/posts\/95127","targetHints":{"allow":["GET"]}}],"collection":[{"href":"https:\/\/noticiasbahia360.com.br\/index.php?rest_route=\/wp\/v2\/posts"}],"about":[{"href":"https:\/\/noticiasbahia360.com.br\/index.php?rest_route=\/wp\/v2\/types\/post"}],"author":[{"embeddable":true,"href":"https:\/\/noticiasbahia360.com.br\/index.php?rest_route=\/wp\/v2\/users\/1"}],"replies":[{"embeddable":true,"href":"https:\/\/noticiasbahia360.com.br\/index.php?rest_route=%2Fwp%2Fv2%2Fcomments&post=95127"}],"version-history":[{"count":0,"href":"https:\/\/noticiasbahia360.com.br\/index.php?rest_route=\/wp\/v2\/posts\/95127\/revisions"}],"wp:featuredmedia":[{"embeddable":true,"href":"https:\/\/noticiasbahia360.com.br\/index.php?rest_route=\/wp\/v2\/media\/95128"}],"wp:attachment":[{"href":"https:\/\/noticiasbahia360.com.br\/index.php?rest_route=%2Fwp%2Fv2%2Fmedia&parent=95127"}],"wp:term":[{"taxonomy":"category","embeddable":true,"href":"https:\/\/noticiasbahia360.com.br\/index.php?rest_route=%2Fwp%2Fv2%2Fcategories&post=95127"},{"taxonomy":"post_tag","embeddable":true,"href":"https:\/\/noticiasbahia360.com.br\/index.php?rest_route=%2Fwp%2Fv2%2Ftags&post=95127"}],"curies":[{"name":"wp","href":"https:\/\/api.w.org\/{rel}","templated":true}]}} 