{"id":95129,"date":"2025-07-29T20:47:37","date_gmt":"2025-07-29T23:47:37","guid":{"rendered":"https:\/\/noticiasbahia360.com.br\/?p=95129"},"modified":"2025-07-29T20:47:37","modified_gmt":"2025-07-29T23:47:37","slug":"de-tornozeleira-bolsonaro-participa-de-motociata-em-brasilia","status":"publish","type":"post","link":"https:\/\/noticiasbahia360.com.br\/?p=95129","title":{"rendered":"De tornozeleira, Bolsonaro participa de motociata em Bras\u00edlia"},"content":{"rendered":"<div>\n<div>\n<figure><img decoding=\"async\" src=\"http:\/\/noticiasbahia360.com.br\/wp-content\/uploads\/2025\/07\/bolsonaro-ex-presidente-tornozoleira-eletronica-foto-agencia-brasil-.png\" alt=\"Bolsonaro\"><figcaption>Foto: Bruno Peres\/Ag\u00eancia Brasil<\/figcaption><\/figure>\n<\/div>\n<p>Ag\u00eancia Brasil \u2013 O ex-presidente Jair Bolsonaro participou nesta ter\u00e7a-feira (29) de uma motociata que acontece em paralelo \u00e0 programa\u00e7\u00e3o do festival Capital Moto Week, realizado anualmente em Bras\u00edlia.\u00a0<img decoding=\"async\" src=\"https:\/\/agenciabrasil.ebc.com.br\/ebc.png?id=1652475&amp;o=node\"><img decoding=\"async\" src=\"https:\/\/agenciabrasil.ebc.com.br\/ebc.gif?id=1652475&amp;o=node\"><\/p>\n<p>Ao contr\u00e1rio de anos anteriores, Bolsonaro n\u00e3o foi em cima da garupa, mas acompanhou o percurso em um trio el\u00e9trico, ao lado de apoiadores. O percurso iniciou-se na regi\u00e3o da Granja do Torto, onde ocorrem as atividades do evento, incluindo um acampamento dos motociclistas.<\/p>\n<p>Desde o dia 18 de julho, Bolsonaro\u00a0deve cumprir\u00a0medidas cautelares impostas pelo Supremo Tribunal Federal (STF). Entre elas, o uso de tornozeleira\u00a0eletr\u00f4nica. Determinadas pelo ministro Alexandre de Moraes, as medidas\u00a0n\u00e3o permitem que Bolsonaro saia de casa durante o fim de semana, tampouco ap\u00f3s as 19h e antes das 6h de segunda a sexta-feira. <\/p>\n<p>O Capital Moto Week \u00e9 um evento de m\u00fasica que re\u00fane centenas de motoclubes de todo pa\u00eds. Em anos anteriores, a motociata foi realizada no final de semana, percorrendo pontos tur\u00edsticos da cidade, como a Esplanada dos Minist\u00e9rios.<\/p>\n<p>Procurada pela\u00a0<strong>Ag\u00eancia Brasil<\/strong>, a organiza\u00e7\u00e3o do evento informou que a motociata de hoje n\u00e3o faz parte da programa\u00e7\u00e3o oficial e \u201c\u00e9 um evento independente e que n\u00e3o tem rela\u00e7\u00e3o com o Capital Moto Week\u201d.<\/p>\n<p>\u201cNosso tradicional passeio motocicl\u00edstico do Capital Moto Week acontecer\u00e1 no s\u00e1bado (2), encerrando a programa\u00e7\u00e3o oficial, como acontece todos os anos.\u201d\u00a0\u00a0<\/p>\n<p>Em cima do trio el\u00e9trico, Bolsonaro foi acompanhado por aliados pol\u00edticos como o filho Fl\u00e1vio Bolsonaro, a vice-governadora do Distrito Federal, Celina Le\u00e3o, e a ex-primeira-dama Michelle Bolsonaro.<\/p>\n<p><em>Siga o Acorda Cidade no<\/em><a href=\"https:\/\/news.google.com\/search?q=acorda%20cidade&amp;hl=pt-BR&amp;gl=BR&amp;ceid=BR%3Apt-419\"><strong><em>\u00a0Google Not\u00edcias<\/em><\/strong><\/a><em>\u00a0e receba os principais destaques do dia. Participe tamb\u00e9m dos nossos canais no\u00a0<\/em><a href=\"https:\/\/www.whatsapp.com\/channel\/0029Va6Rb4v3WHTNnsh8WI3N\"><strong><em>WhatsApp<\/em><\/strong><\/a><em>\u00a0e\u00a0<\/em><a href=\"https:\/\/www.youtube.com\/@acordacidadenoticias\/videos\"><strong>Youtube<\/strong><\/a><em>\u00a0e grupo de\u00a0<\/em><a href=\"https:\/\/t.me\/+sSz0khrgARA0ZmRh\"><strong><em>Telegram<\/em><\/strong><\/a><em>.<\/em>\u00a0<\/p>\n<\/div>\n","protected":false},"excerpt":{"rendered":"<div>\n<div>\n<figure><img decoding=\"async\" src=\"https:\/\/uploads.acordacidade.com.br\/2025\/07\/bolsonaro-ex-presidente-tornozoleira-eletronica-foto-agencia-brasil-.png\" alt=\"Bolsonaro\"><figcaption>Foto: Bruno Peres\/Ag\u00eancia Brasil<\/figcaption><\/figure>\n<\/div>\n<p>Ao contr\u00e1rio de anos anteriores, Bolsonaro n\u00e3o foi em cima da garupa, mas acompanhou o percurso em um trio el\u00e9trico, ao lado de apoiadores.<\/p><\/div>\n","protected":false},"author":1,"featured_media":95130,"comment_status":"closed","ping_status":"closed","sticky":false,"template":"","format":"gallery","meta":{"footnotes":""},"categories":[8,9,6,57,56,10],"tags":[],"class_list":["post-95129","post","type-post","status-publish","format-gallery","has-post-thumbnail","hentry","category-bahia","category-brasil","category-feira-de-santana","category-mundo","category-policia","category-politica","post_format-post-format-gallery"],"featured_image_urls":{"full":["https:\/\/noticiasbahia360.com.br\/wp-content\/uploads\/2025\/07\/bolsonaro-ex-presidente-tornozoleira-eletronica-foto-agencia-brasil-.png",1200,718,false],"thumbnail":["https:\/\/noticiasbahia360.com.br\/wp-content\/uploads\/2025\/07\/bolsonaro-ex-presidente-tornozoleira-eletronica-foto-agencia-brasil--150x150.png",150,150,true],"medium":["https:\/\/noticiasbahia360.com.br\/wp-content\/uploads\/2025\/07\/bolsonaro-ex-presidente-tornozoleira-eletronica-foto-agencia-brasil--300x180.png",300,180,true],"medium_large":["https:\/\/noticiasbahia360.com.br\/wp-content\/uploads\/2025\/07\/bolsonaro-ex-presidente-tornozoleira-eletronica-foto-agencia-brasil--768x460.png",640,383,true],"large":["https:\/\/noticiasbahia360.com.br\/wp-content\/uploads\/2025\/07\/bolsonaro-ex-presidente-tornozoleira-eletronica-foto-agencia-brasil--1024x613.png",640,383,true],"1536x1536":["https:\/\/noticiasbahia360.com.br\/wp-content\/uploads\/2025\/07\/bolsonaro-ex-presidente-tornozoleira-eletronica-foto-agencia-brasil-.png",1200,718,false],"2048x2048":["https:\/\/noticiasbahia360.com.br\/wp-content\/uploads\/2025\/07\/bolsonaro-ex-presidente-tornozoleira-eletronica-foto-agencia-brasil-.png",1200,718,false],"chromenews-featured":["https:\/\/noticiasbahia360.com.br\/wp-content\/uploads\/2025\/07\/bolsonaro-ex-presidente-tornozoleira-eletronica-foto-agencia-brasil--1024x613.png",1024,613,true],"chromenews-large":["https:\/\/noticiasbahia360.com.br\/wp-content\/uploads\/2025\/07\/bolsonaro-ex-presidente-tornozoleira-eletronica-foto-agencia-brasil--825x575.png",825,575,true],"chromenews-medium":["https:\/\/noticiasbahia360.com.br\/wp-content\/uploads\/2025\/07\/bolsonaro-ex-presidente-tornozoleira-eletronica-foto-agencia-brasil--590x410.png",590,410,true]},"author_info":{"display_name":"noticiasbahia360.com.br","author_link":"https:\/\/noticiasbahia360.com.br\/?author=1"},"category_info":"<a href=\"https:\/\/noticiasbahia360.com.br\/?cat=8\" rel=\"category\">Bahia<\/a> <a href=\"https:\/\/noticiasbahia360.com.br\/?cat=9\" rel=\"category\">Brasil<\/a> <a href=\"https:\/\/noticiasbahia360.com.br\/?cat=6\" rel=\"category\">Feira de Santana<\/a> <a href=\"https:\/\/noticiasbahia360.com.br\/?cat=57\" rel=\"category\">Mundo<\/a> <a href=\"https:\/\/noticiasbahia360.com.br\/?cat=56\" rel=\"category\">Pol\u00edcia<\/a> <a href=\"https:\/\/noticiasbahia360.com.br\/?cat=10\" rel=\"category\">Pol\u00edtica<\/a>","tag_info":"Pol\u00edtica","comment_count":"0","_links":{"self":[{"href":"https:\/\/noticiasbahia360.com.br\/index.php?rest_route=\/wp\/v2\/posts\/95129","targetHints":{"allow":["GET"]}}],"collection":[{"href":"https:\/\/noticiasbahia360.com.br\/index.php?rest_route=\/wp\/v2\/posts"}],"about":[{"href":"https:\/\/noticiasbahia360.com.br\/index.php?rest_route=\/wp\/v2\/types\/post"}],"author":[{"embeddable":true,"href":"https:\/\/noticiasbahia360.com.br\/index.php?rest_route=\/wp\/v2\/users\/1"}],"replies":[{"embeddable":true,"href":"https:\/\/noticiasbahia360.com.br\/index.php?rest_route=%2Fwp%2Fv2%2Fcomments&post=95129"}],"version-history":[{"count":0,"href":"https:\/\/noticiasbahia360.com.br\/index.php?rest_route=\/wp\/v2\/posts\/95129\/revisions"}],"wp:featuredmedia":[{"embeddable":true,"href":"https:\/\/noticiasbahia360.com.br\/index.php?rest_route=\/wp\/v2\/media\/95130"}],"wp:attachment":[{"href":"https:\/\/noticiasbahia360.com.br\/index.php?rest_route=%2Fwp%2Fv2%2Fmedia&parent=95129"}],"wp:term":[{"taxonomy":"category","embeddable":true,"href":"https:\/\/noticiasbahia360.com.br\/index.php?rest_route=%2Fwp%2Fv2%2Fcategories&post=95129"},{"taxonomy":"post_tag","embeddable":true,"href":"https:\/\/noticiasbahia360.com.br\/index.php?rest_route=%2Fwp%2Fv2%2Ftags&post=95129"}],"curies":[{"name":"wp","href":"https:\/\/api.w.org\/{rel}","templated":true}]}}