{"id":95131,"date":"2025-07-29T20:52:33","date_gmt":"2025-07-29T23:52:33","guid":{"rendered":"https:\/\/noticiasbahia360.com.br\/?p=95131"},"modified":"2025-07-29T20:52:33","modified_gmt":"2025-07-29T23:52:33","slug":"presidente-da-camara-diz-que-providencias-sobre-zambelli-ja-estao-sendo-tomadas","status":"publish","type":"post","link":"https:\/\/noticiasbahia360.com.br\/?p=95131","title":{"rendered":"Presidente da C\u00e2mara diz que provid\u00eancias sobre Zambelli j\u00e1 est\u00e3o sendo tomadas"},"content":{"rendered":"<div>\n<div>\n<figure><img decoding=\"async\" src=\"http:\/\/noticiasbahia360.com.br\/wp-content\/uploads\/2025\/07\/hugo-mota.jpg\" alt=\"hugo mota\"><figcaption>Foto: M\u00e1rio Agra\/C\u00e2mara dos Deputados<\/figcaption><\/figure>\n<\/div>\n<p>Ag\u00eancia Brasil \u2013 <strong>O presidente da C\u00e2mara dos Deputados, Hugo Motta, disse nesta ter\u00e7a-feira (29) que aguarda manifesta\u00e7\u00f5es oficiais do Minist\u00e9rio da Justi\u00e7a e do governo italiano sobre a pris\u00e3o da deputada federal Carla Zambelli.<\/strong>\u00a0Nas redes sociais, o parlamentar disse que soube do evento pela imprensa e recebeu informa\u00e7\u00f5es preliminares do ministro da Justi\u00e7a, Ricardo Lewandowski.\u00a0<img decoding=\"async\" src=\"https:\/\/agenciabrasil.ebc.com.br\/ebc.png?id=1652478&amp;o=node\"><img decoding=\"async\" src=\"https:\/\/agenciabrasil.ebc.com.br\/ebc.gif?id=1652478&amp;o=node\"><\/p>\n<p>\u201cImportante lembrar que as provid\u00eancias que cabem \u00e0 C\u00e2mara j\u00e1 est\u00e3o sendo adotadas, por meio da Representa\u00e7\u00e3o que tramita na CCJC, em obedi\u00eancia ao Regimento e \u00e0 Constitui\u00e7\u00e3o. N\u00e3o cabe \u00e0 Casa deliberar sobre a pris\u00e3o \u2013 apenas sobre a perda de mandato\u201d, disse Motta.\u00a0<\/p>\n<p><strong>Zambelli\u00a0foi presa pela pol\u00edcia italiana na tarde desta ter\u00e7a-feira (29), em Roma.<\/strong>\u00a0A deputada tinha fugido do Brasil logo ap\u00f3s ser condenada pelo Supremo Tribunal Federal (STF), em maio deste ano, a 10 anos de pris\u00e3o por invas\u00e3o aos sistemas eletr\u00f4nicos do Conselho Nacional de Justi\u00e7a (CNJ). Desde ent\u00e3o, ela estava foragida da Justi\u00e7a brasileira e na lista de procurados da Interpol.<\/p>\n<p>Em nota, a Pol\u00edcia Federal afirma que \u201ca presa era procurada por crimes praticados no Brasil e ser\u00e1 submetida ao processo de extradi\u00e7\u00e3o, conforme os tr\u00e2mites previstos na legisla\u00e7\u00e3o italiana e nos acordos internacionais dos quais o Brasil \u00e9 signat\u00e1rio\u201d.<\/p>\n<p><strong>A decis\u00e3o do STF tamb\u00e9m condenou Zambelli \u00e0 perda do mandato ap\u00f3s o fim de todos os recursos poss\u00edveis<\/strong><\/p>\n<p><em>Siga o Acorda Cidade no<\/em><a href=\"https:\/\/news.google.com\/search?q=acorda%20cidade&amp;hl=pt-BR&amp;gl=BR&amp;ceid=BR%3Apt-419\"><strong><em>\u00a0Google Not\u00edcias<\/em><\/strong><\/a><em>\u00a0e receba os principais destaques do dia. Participe tamb\u00e9m dos nossos canais no\u00a0<\/em><a href=\"https:\/\/www.whatsapp.com\/channel\/0029Va6Rb4v3WHTNnsh8WI3N\"><strong><em>WhatsApp<\/em><\/strong><\/a><em>\u00a0e\u00a0<\/em><a href=\"https:\/\/www.youtube.com\/@acordacidadenoticias\/videos\"><strong>Youtube<\/strong><\/a><em>\u00a0e grupo de\u00a0<\/em><a href=\"https:\/\/t.me\/+sSz0khrgARA0ZmRh\"><strong><em>Telegram<\/em><\/strong><\/a><em>.<\/em><\/p>\n<\/div>\n","protected":false},"excerpt":{"rendered":"<div>\n<div>\n<figure><img decoding=\"async\" src=\"https:\/\/uploads.acordacidade.com.br\/2025\/02\/hugo-mota.jpg\" alt=\"hugo mota\"><figcaption>Foto: M\u00e1rio Agra\/C\u00e2mara dos Deputados<\/figcaption><\/figure>\n<\/div>\n<p>&#8220;N\u00e3o cabe \u00e0 Casa deliberar sobre a pris\u00e3o &#8211; apenas sobre a perda de mandato\u201d, disse Hugo Motta.\u00a0<\/p><\/div>\n","protected":false},"author":1,"featured_media":95132,"comment_status":"closed","ping_status":"closed","sticky":false,"template":"","format":"gallery","meta":{"footnotes":""},"categories":[8,9,6,57,56,10],"tags":[],"class_list":["post-95131","post","type-post","status-publish","format-gallery","has-post-thumbnail","hentry","category-bahia","category-brasil","category-feira-de-santana","category-mundo","category-policia","category-politica","post_format-post-format-gallery"],"featured_image_urls":{"full":["https:\/\/noticiasbahia360.com.br\/wp-content\/uploads\/2025\/07\/hugo-mota.jpg",640,383,false],"thumbnail":["https:\/\/noticiasbahia360.com.br\/wp-content\/uploads\/2025\/07\/hugo-mota-150x150.jpg",150,150,true],"medium":["https:\/\/noticiasbahia360.com.br\/wp-content\/uploads\/2025\/07\/hugo-mota-300x180.jpg",300,180,true],"medium_large":["https:\/\/noticiasbahia360.com.br\/wp-content\/uploads\/2025\/07\/hugo-mota.jpg",640,383,false],"large":["https:\/\/noticiasbahia360.com.br\/wp-content\/uploads\/2025\/07\/hugo-mota.jpg",640,383,false],"1536x1536":["https:\/\/noticiasbahia360.com.br\/wp-content\/uploads\/2025\/07\/hugo-mota.jpg",640,383,false],"2048x2048":["https:\/\/noticiasbahia360.com.br\/wp-content\/uploads\/2025\/07\/hugo-mota.jpg",640,383,false],"chromenews-featured":["https:\/\/noticiasbahia360.com.br\/wp-content\/uploads\/2025\/07\/hugo-mota.jpg",640,383,false],"chromenews-large":["https:\/\/noticiasbahia360.com.br\/wp-content\/uploads\/2025\/07\/hugo-mota.jpg",640,383,false],"chromenews-medium":["https:\/\/noticiasbahia360.com.br\/wp-content\/uploads\/2025\/07\/hugo-mota-590x383.jpg",590,383,true]},"author_info":{"display_name":"noticiasbahia360.com.br","author_link":"https:\/\/noticiasbahia360.com.br\/?author=1"},"category_info":"<a href=\"https:\/\/noticiasbahia360.com.br\/?cat=8\" rel=\"category\">Bahia<\/a> <a href=\"https:\/\/noticiasbahia360.com.br\/?cat=9\" rel=\"category\">Brasil<\/a> <a href=\"https:\/\/noticiasbahia360.com.br\/?cat=6\" rel=\"category\">Feira de Santana<\/a> <a href=\"https:\/\/noticiasbahia360.com.br\/?cat=57\" rel=\"category\">Mundo<\/a> <a href=\"https:\/\/noticiasbahia360.com.br\/?cat=56\" rel=\"category\">Pol\u00edcia<\/a> <a href=\"https:\/\/noticiasbahia360.com.br\/?cat=10\" rel=\"category\">Pol\u00edtica<\/a>","tag_info":"Pol\u00edtica","comment_count":"0","_links":{"self":[{"href":"https:\/\/noticiasbahia360.com.br\/index.php?rest_route=\/wp\/v2\/posts\/95131","targetHints":{"allow":["GET"]}}],"collection":[{"href":"https:\/\/noticiasbahia360.com.br\/index.php?rest_route=\/wp\/v2\/posts"}],"about":[{"href":"https:\/\/noticiasbahia360.com.br\/index.php?rest_route=\/wp\/v2\/types\/post"}],"author":[{"embeddable":true,"href":"https:\/\/noticiasbahia360.com.br\/index.php?rest_route=\/wp\/v2\/users\/1"}],"replies":[{"embeddable":true,"href":"https:\/\/noticiasbahia360.com.br\/index.php?rest_route=%2Fwp%2Fv2%2Fcomments&post=95131"}],"version-history":[{"count":0,"href":"https:\/\/noticiasbahia360.com.br\/index.php?rest_route=\/wp\/v2\/posts\/95131\/revisions"}],"wp:featuredmedia":[{"embeddable":true,"href":"https:\/\/noticiasbahia360.com.br\/index.php?rest_route=\/wp\/v2\/media\/95132"}],"wp:attachment":[{"href":"https:\/\/noticiasbahia360.com.br\/index.php?rest_route=%2Fwp%2Fv2%2Fmedia&parent=95131"}],"wp:term":[{"taxonomy":"category","embeddable":true,"href":"https:\/\/noticiasbahia360.com.br\/index.php?rest_route=%2Fwp%2Fv2%2Fcategories&post=95131"},{"taxonomy":"post_tag","embeddable":true,"href":"https:\/\/noticiasbahia360.com.br\/index.php?rest_route=%2Fwp%2Fv2%2Ftags&post=95131"}],"curies":[{"name":"wp","href":"https:\/\/api.w.org\/{rel}","templated":true}]}}