{"id":95133,"date":"2025-07-29T22:01:41","date_gmt":"2025-07-30T01:01:41","guid":{"rendered":"https:\/\/noticiasbahia360.com.br\/?p=95133"},"modified":"2025-07-29T22:01:41","modified_gmt":"2025-07-30T01:01:41","slug":"moradores-reivindicam-rede-de-esgoto-em-rua-do-bairro-conceicao-ii","status":"publish","type":"post","link":"https:\/\/noticiasbahia360.com.br\/?p=95133","title":{"rendered":"Moradores reivindicam rede de esgoto em rua do bairro Concei\u00e7\u00e3o II"},"content":{"rendered":"<div>\n<div>\n<figure><img decoding=\"async\" src=\"http:\/\/noticiasbahia360.com.br\/wp-content\/uploads\/2025\/07\/rua-catucaia-conceicao-2-foto-paulo-jose-acorda-cidade.jpg\" alt=\"Rua Capucaia, bairro Concei\u00e7\u00e3o II\"><figcaption>Foto: Paulo Jos\u00e9\/Acorda Cidade<\/figcaption><\/figure>\n<\/div>\n<p>Em <a href=\"https:\/\/www.acordacidade.com.br\/tag\/feira-de-santana\/\">Feira de Santana<\/a>, os moradores da Rua Catucaia no bairro Concei\u00e7\u00e3o II, sofrem com a falta de rede de esgoto na via. Na manh\u00e3 desta ter\u00e7a-feira (29), a reportagem do Acorda Cidade esteve no local onde conversou com a popula\u00e7\u00e3o sobre os principais problemas que afetam o dia a dia das pessoas.<\/p>\n<p>De acordo com a moradora Rafaela Barreto, durante o per\u00edodo de chuva a situa\u00e7\u00e3o fica insustent\u00e1vel, porque a \u00e1gua fica sem escoamento.<\/p>\n<p>\u201cO que estamos solicitando aqui \u00e9 saneamento b\u00e1sico, uma rede de esgoto, que \u00e9 algo assim, imprescind\u00edvel para a nossa sa\u00fade, para a qualidade de vida dos moradores. Estamos enfrentando muito problema em rela\u00e7\u00e3o \u00e0s chuvas, muito ac\u00famulo de lama e \u00e1gua na rua.\u201d<\/p>\n<p>Com a chegada do inverno, Rafaela relata que at\u00e9 andar a p\u00e9 ficou mais dif\u00edcil.<\/p>\n<p>\u201cIsso atrapalha a nossa locomo\u00e7\u00e3o, a gente n\u00e3o consegue andar a p\u00e9 durante todo esse trajeto da rua. Fica dif\u00edcil, n\u00e3o temos como deixar nossas crian\u00e7as brincarem na rua, porque realmente n\u00e3o tem nenhum tipo de saneamento b\u00e1sico.\u201d<\/p>\n<p>Rafaela contou que mora no local h\u00e1 cinco anos, a princ\u00edpio ela n\u00e3o sabia do problema porque a \u00e9poca n\u00e3o era de chuva. Mas o problema logo apareceu. A falta de rede esgoto deixa a rua praticamente ilhada com as po\u00e7as de \u00e1gua suja.<\/p>\n<p>\u201cD\u00e1 para ver em v\u00e1rios pontos da rua que fica concentrado. Fizeram o cal\u00e7amento, porque a maioria das casas aqui da Caixa, eles s\u00f3 liberam esse financiamento com o cal\u00e7amento. Mas n\u00e3o adianta cal\u00e7ar a rua, sen\u00e3o vai ter essa drenagem, n\u00e3o vai ter essa rede de esgoto.\u201d\u00a0<\/p>\n<figure class=\"wp-block-image size-full\"><img fetchpriority=\"high\" fetchpriority=\"high\" decoding=\"async\" width=\"1200\" height=\"554\" src=\"http:\/\/noticiasbahia360.com.br\/wp-content\/uploads\/2025\/07\/rua-catucaia-conceicao-2-foto-paulo-jose-acorda-cidade-3.jpg\" alt=\"Rua Capucaia, bairro Concei\u00e7\u00e3o II\" class=\"wp-image-577845\" srcset=\"https:\/\/uploads.acordacidade.com.br\/2025\/07\/rua-catucaia-conceicao-2-foto-paulo-jose-acorda-cidade-3-648x299.jpg 648w, https:\/\/uploads.acordacidade.com.br\/2025\/07\/rua-catucaia-conceicao-2-foto-paulo-jose-acorda-cidade-3-984x454.jpg 984w, https:\/\/uploads.acordacidade.com.br\/2025\/07\/rua-catucaia-conceicao-2-foto-paulo-jose-acorda-cidade-3-150x69.jpg 150w, http:\/\/noticiasbahia360.com.br\/wp-content\/uploads\/2025\/07\/rua-catucaia-conceicao-2-foto-paulo-jose-acorda-cidade-3.jpg 1200w\" sizes=\"(max-width: 1200px) 100vw, 1200px\"><figcaption class=\"wp-element-caption\">Cleide Alves e Rafaela Barreto, moradoras \u2013 Foto: Paulo Jos\u00e9\/Acorda Cidade<\/figcaption><\/figure>\n<p>Cleide Alves mora na rua h\u00e1 quatro anos, ela tamb\u00e9m convive com a insatisfa\u00e7\u00e3o pelos riscos causados pela situa\u00e7\u00e3o.<\/p>\n<p>\u201cEst\u00e1 tudo acumulado. Voc\u00ea chega ali e tem uma caixa que est\u00e1 entupida. Aqui tem outra. A\u00ed fica essa lama fedorenta. Isso a\u00ed traz dengue. A gente v\u00ea na lama a\u00ed os morot\u00f3s andando. Ent\u00e3o a gente est\u00e1 precisando do benef\u00edcio aqui para ajeitar, botar uma rede de esgoto.\u201d, declarou.<\/p>\n<p>Segundo o morador Diego Cerqueira, o mal cheiro \u00e9 presente at\u00e9 dentro de casa. \u201cA gente tem crian\u00e7a, n\u00e3o pode andar por causa da rua que est\u00e1 toda alagada. \u00c0s vezes tamb\u00e9m o mau cheiro entra para dentro de casa, no banheiro. Ent\u00e3o \u00e9 dif\u00edcil. Situa\u00e7\u00e3o muito prec\u00e1ria\u201d<\/p>\n<p>Rafaela concluiu com indigna\u00e7\u00e3o que considera inaceit\u00e1vel que algumas ruas da cidade ainda sofram com esse problema.\u00a0<\/p>\n<p>\u201cQuero pontuar que Feira de Santana \u00e9 uma cidade muito desenvolvida, ent\u00e3o eu acho que hoje \u00e9 inadmiss\u00edvel a gente ainda ter ruas que n\u00e3o tem essa rede de esgoto. \u00c9 um clamor que a gente faz aos \u00f3rg\u00e3os p\u00fablicos para poder realmente salvar a gente, olhar para a gente com carinho, com aten\u00e7\u00e3o, n\u00e3o somente aqui pela Rua Catucaia, mas por todas as ruas que est\u00e3o necessitando desse servi\u00e7o.\u201d<\/p>\n<p>O Acorda Cidade entrou em contato a Prefeitura de Feira de Santana e aguarda retorno sobre a situa\u00e7\u00e3o.<\/p>\n<p><em>Com informa\u00e7\u00f5es do rep\u00f3rter Paulo Jos\u00e9 do Acorda Cidade<\/em><\/p>\n<p><em>Siga o Acorda Cidade no<\/em><a href=\"https:\/\/news.google.com\/search?q=acorda%20cidade&amp;hl=pt-BR&amp;gl=BR&amp;ceid=BR%3Apt-419\"><strong><em> Google Not\u00edcias<\/em><\/strong><\/a><em> e receba os principais destaques do dia. Participe tamb\u00e9m dos nossos canais no <\/em><a href=\"https:\/\/whatsapp.com\/channel\/0029Va6Rb4v3WHTNnsh8WI3N\"><strong><em>WhatsApp<\/em><\/strong><\/a><em> e <\/em><a href=\"https:\/\/www.youtube.com\/@acordacidadenoticias\/videos\"><strong>Youtube<\/strong><\/a><em> e grupo de <\/em><a href=\"https:\/\/t.me\/+sSz0khrgARA0ZmRh\"><strong><em>Telegram<\/em><\/strong><\/a><em>.<\/em><\/p>\n<\/div>\n","protected":false},"excerpt":{"rendered":"<div>\n<div>\n<figure><img decoding=\"async\" src=\"https:\/\/uploads.acordacidade.com.br\/2025\/07\/rua-catucaia-conceicao-2-foto-paulo-jose-acorda-cidade.jpg\" alt=\"Rua Capucaia, bairro Concei\u00e7\u00e3o II\"><figcaption>Foto: Paulo Jos\u00e9\/Acorda Cidade<\/figcaption><\/figure>\n<\/div>\n<p>Uma das moradoras relata que a situa\u00e7\u00e3o fica ainda mais dif\u00edcil em \u00e9poca de chuva, momento em que a via fica intransit\u00e1vel devido a lama.<\/p><\/div>\n","protected":false},"author":1,"featured_media":95134,"comment_status":"closed","ping_status":"closed","sticky":false,"template":"","format":"gallery","meta":{"footnotes":""},"categories":[8,9,6,57,56,10],"tags":[],"class_list":["post-95133","post","type-post","status-publish","format-gallery","has-post-thumbnail","hentry","category-bahia","category-brasil","category-feira-de-santana","category-mundo","category-policia","category-politica","post_format-post-format-gallery"],"featured_image_urls":{"full":["https:\/\/noticiasbahia360.com.br\/wp-content\/uploads\/2025\/07\/rua-catucaia-conceicao-2-foto-paulo-jose-acorda-cidade.jpg",1200,554,false],"thumbnail":["https:\/\/noticiasbahia360.com.br\/wp-content\/uploads\/2025\/07\/rua-catucaia-conceicao-2-foto-paulo-jose-acorda-cidade-150x150.jpg",150,150,true],"medium":["https:\/\/noticiasbahia360.com.br\/wp-content\/uploads\/2025\/07\/rua-catucaia-conceicao-2-foto-paulo-jose-acorda-cidade-300x139.jpg",300,139,true],"medium_large":["https:\/\/noticiasbahia360.com.br\/wp-content\/uploads\/2025\/07\/rua-catucaia-conceicao-2-foto-paulo-jose-acorda-cidade-768x355.jpg",640,296,true],"large":["https:\/\/noticiasbahia360.com.br\/wp-content\/uploads\/2025\/07\/rua-catucaia-conceicao-2-foto-paulo-jose-acorda-cidade-1024x473.jpg",640,296,true],"1536x1536":["https:\/\/noticiasbahia360.com.br\/wp-content\/uploads\/2025\/07\/rua-catucaia-conceicao-2-foto-paulo-jose-acorda-cidade.jpg",1200,554,false],"2048x2048":["https:\/\/noticiasbahia360.com.br\/wp-content\/uploads\/2025\/07\/rua-catucaia-conceicao-2-foto-paulo-jose-acorda-cidade.jpg",1200,554,false],"chromenews-featured":["https:\/\/noticiasbahia360.com.br\/wp-content\/uploads\/2025\/07\/rua-catucaia-conceicao-2-foto-paulo-jose-acorda-cidade-1024x473.jpg",1024,473,true],"chromenews-large":["https:\/\/noticiasbahia360.com.br\/wp-content\/uploads\/2025\/07\/rua-catucaia-conceicao-2-foto-paulo-jose-acorda-cidade-825x554.jpg",825,554,true],"chromenews-medium":["https:\/\/noticiasbahia360.com.br\/wp-content\/uploads\/2025\/07\/rua-catucaia-conceicao-2-foto-paulo-jose-acorda-cidade-590x410.jpg",590,410,true]},"author_info":{"display_name":"noticiasbahia360.com.br","author_link":"https:\/\/noticiasbahia360.com.br\/?author=1"},"category_info":"<a href=\"https:\/\/noticiasbahia360.com.br\/?cat=8\" rel=\"category\">Bahia<\/a> <a href=\"https:\/\/noticiasbahia360.com.br\/?cat=9\" rel=\"category\">Brasil<\/a> <a href=\"https:\/\/noticiasbahia360.com.br\/?cat=6\" rel=\"category\">Feira de Santana<\/a> <a href=\"https:\/\/noticiasbahia360.com.br\/?cat=57\" rel=\"category\">Mundo<\/a> <a href=\"https:\/\/noticiasbahia360.com.br\/?cat=56\" rel=\"category\">Pol\u00edcia<\/a> <a href=\"https:\/\/noticiasbahia360.com.br\/?cat=10\" rel=\"category\">Pol\u00edtica<\/a>","tag_info":"Pol\u00edtica","comment_count":"0","_links":{"self":[{"href":"https:\/\/noticiasbahia360.com.br\/index.php?rest_route=\/wp\/v2\/posts\/95133","targetHints":{"allow":["GET"]}}],"collection":[{"href":"https:\/\/noticiasbahia360.com.br\/index.php?rest_route=\/wp\/v2\/posts"}],"about":[{"href":"https:\/\/noticiasbahia360.com.br\/index.php?rest_route=\/wp\/v2\/types\/post"}],"author":[{"embeddable":true,"href":"https:\/\/noticiasbahia360.com.br\/index.php?rest_route=\/wp\/v2\/users\/1"}],"replies":[{"embeddable":true,"href":"https:\/\/noticiasbahia360.com.br\/index.php?rest_route=%2Fwp%2Fv2%2Fcomments&post=95133"}],"version-history":[{"count":0,"href":"https:\/\/noticiasbahia360.com.br\/index.php?rest_route=\/wp\/v2\/posts\/95133\/revisions"}],"wp:featuredmedia":[{"embeddable":true,"href":"https:\/\/noticiasbahia360.com.br\/index.php?rest_route=\/wp\/v2\/media\/95134"}],"wp:attachment":[{"href":"https:\/\/noticiasbahia360.com.br\/index.php?rest_route=%2Fwp%2Fv2%2Fmedia&parent=95133"}],"wp:term":[{"taxonomy":"category","embeddable":true,"href":"https:\/\/noticiasbahia360.com.br\/index.php?rest_route=%2Fwp%2Fv2%2Fcategories&post=95133"},{"taxonomy":"post_tag","embeddable":true,"href":"https:\/\/noticiasbahia360.com.br\/index.php?rest_route=%2Fwp%2Fv2%2Ftags&post=95133"}],"curies":[{"name":"wp","href":"https:\/\/api.w.org\/{rel}","templated":true}]}}