{"id":95136,"date":"2025-07-29T22:16:42","date_gmt":"2025-07-30T01:16:42","guid":{"rendered":"https:\/\/noticiasbahia360.com.br\/?p=95136"},"modified":"2025-07-29T22:16:42","modified_gmt":"2025-07-30T01:16:42","slug":"estacionamento-irregular-de-caminhoes-na-fraga-maia-moradores-reclamam-sobre-riscos-da-pratica","status":"publish","type":"post","link":"https:\/\/noticiasbahia360.com.br\/?p=95136","title":{"rendered":"Estacionamento irregular de caminh\u00f5es na Fraga Maia: moradores reclamam sobre riscos da pr\u00e1tica\u00a0"},"content":{"rendered":"<div>\n<div>\n<figure><img decoding=\"async\" src=\"http:\/\/noticiasbahia360.com.br\/wp-content\/uploads\/2025\/07\/Caminhoes-estacionados-na-Avenida-Fraga-Maia-ft-paulo-jose-acorda-cidade.webp\" alt=\"Caminh\u00f5es estacionados na Avenida Fraga Maia\"><figcaption>Foto: Paulo Jos\u00e9\/Acorda Cidade<\/figcaption><\/figure>\n<\/div>\n<p>Al\u00e9m dos buracos registrados diariamente nos <em><a href=\"https:\/\/www.acordacidade.com.br\/feira-de-santana\/flagrantes-do-whatsapp\/\" target=\"_blank\" rel=\"noreferrer noopener\">Flagrantes do WhatsApp<\/a><\/em>, as ruas nos bairros de Feira de Santana tamb\u00e9m t\u00eam registrado a presen\u00e7a de caminh\u00f5es, atrapalhando a rotina dos moradores. Desta vez, o Acorda Cidade flagrou o caso na Avenida Fraga Maia.\u00a0<\/p>\n<p>Segundo Maiane Sales, que tem um estabelecimento na regi\u00e3o, o estacionamento irregular das carretas atrapalha o fluxo de carros, a visibilidade de sua loja e at\u00e9 o espa\u00e7o de estacionamento para os clientes.\u00a0<\/p>\n<p>Sem contar que carretas pesadas circulando por zonas urbanas \u2014 <a href=\"https:\/\/www.acordacidade.com.br\/feira-de-santana\/moradores-reclamam-de-caminhoes-estacionados-em-rua\/\" target=\"_blank\" rel=\"noreferrer noopener\">fora da \u00e1rea das rodovias<\/a> \u2014 pesam o tr\u00e1fego e trazem riscos maiores de acidentes.\u00a0<\/p>\n<p>\u201cA vitrine da loja n\u00e3o mostra, tamb\u00e9m tem a inseguran\u00e7a, porque eles se tornam sombras, ent\u00e3o a gente fica \u00e0 merc\u00ea da inseguran\u00e7a. Esses caminh\u00f5es t\u00eam mais de dois meses aqui, ou mais, a\u00ed prejudicam totalmente. A gente perde cliente. \u00c9 como se fosse a gente fechando a loja porque o pessoal da avenida n\u00e3o v\u00ea a nossa loja [aberta] e a gente perde clientes\u201d, disse ao Acorda Cidade.\u00a0<\/p>\n<p>O morador Andr\u00e9 Oliveira tamb\u00e9m contou que o propriet\u00e1rio do autom\u00f3vel retira o caminh\u00e3o do local, mas volta a estacionar nas ruas.\u00a0<\/p>\n<figure class=\"wp-block-image size-full\"><img fetchpriority=\"high\" fetchpriority=\"high\" decoding=\"async\" width=\"1200\" height=\"625\" src=\"http:\/\/noticiasbahia360.com.br\/wp-content\/uploads\/2025\/07\/Caminhoes-estacionados-na-Avenida-Fraga-Maia-ft-paulo-jose-acorda-cidade-1.webp\" alt=\"Caminh\u00f5es estacionados na Avenida Fraga Maia\" class=\"wp-image-577862\" srcset=\"https:\/\/uploads.acordacidade.com.br\/2025\/07\/Caminhoes-estacionados-na-Avenida-Fraga-Maia-ft-paulo-jose-acorda-cidade-1-648x338.webp 648w, https:\/\/uploads.acordacidade.com.br\/2025\/07\/Caminhoes-estacionados-na-Avenida-Fraga-Maia-ft-paulo-jose-acorda-cidade-1-984x513.webp 984w, https:\/\/uploads.acordacidade.com.br\/2025\/07\/Caminhoes-estacionados-na-Avenida-Fraga-Maia-ft-paulo-jose-acorda-cidade-1-150x78.webp 150w, http:\/\/noticiasbahia360.com.br\/wp-content\/uploads\/2025\/07\/Caminhoes-estacionados-na-Avenida-Fraga-Maia-ft-paulo-jose-acorda-cidade-1.webp 1200w\" sizes=\"(max-width: 1200px) 100vw, 1200px\"><figcaption class=\"wp-element-caption\">Foto: Paulo Jos\u00e9\/Acorda Cidade<\/figcaption><\/figure>\n<p>\u201cEle tira o caminh\u00e3o, depois coloca de novo, passa duas semanas, tr\u00eas semanas paradas aqui. Voc\u00ea v\u00ea que ele destrela o cavalinho e deixa aqui s\u00f3 a carreta e o outro caminh\u00e3o na frente, todos os dois do mesmo dono. Manuten\u00e7\u00f5es ele faz em cima do passeio, bota aqui o cavalinho no passeio e faz sujeira.\u201d<\/p>\n<p>Segundo Andr\u00e9, ele j\u00e1 tentou conversar com o dono do caminh\u00e3o, mas sem sucesso. Ele tamb\u00e9m relatou que outros vizinhos ficaram impossibilitados de sair com seus ve\u00edculos por conta do problema.\u00a0<\/p>\n<p>Outra quest\u00e3o inusitada flagrada pela reportagem do Acorda Cidade \u00e9 que h\u00e1 c\u00e2meras instaladas no caminh\u00e3o. Segundo o morador, provavelmente o propriet\u00e1rio tamb\u00e9m deve estar temendo a inseguran\u00e7a no local.<\/p>\n<p>\u201cEssa loja j\u00e1 foi arrombada de madrugada e j\u00e1 teve tentativa de assalto umas duas ou tr\u00eas vezes durante o dia. Eu tenho at\u00e9 filmagem de tentativa de assalto dessa loja\u201d, disse ao Acorda Cidade.\u00a0<\/p>\n<p>Os moradores buscaram a Superintend\u00eancia Municipal de Tr\u00e2nsito (SMT) e a prefeitura, mas n\u00e3o tiveram retorno.\u00a0<\/p>\n<p>\u201cEles [SMT] dizem que n\u00e3o tem guincho para esse tipo de ve\u00edculo e ficam aqui desse jeito. N\u00e3o chegou a notificar o propriet\u00e1rio. Aqui a gente perde muita vaga de estacionamento porque o fluxo de ve\u00edculos durante o dia e durante a noite \u00e9 muito grande.\u201d\u00a0<\/p>\n<figure class=\"wp-block-image size-full\"><img decoding=\"async\" width=\"1200\" height=\"554\" src=\"http:\/\/noticiasbahia360.com.br\/wp-content\/uploads\/2025\/07\/Caminhoes-estacionados-na-Avenida-Fraga-Maia-ft-paulo-jose-acorda-cidade-.webp\" alt=\"Caminh\u00f5es estacionados na Avenida Fraga Maia\" class=\"wp-image-577863\" srcset=\"https:\/\/uploads.acordacidade.com.br\/2025\/07\/Caminhoes-estacionados-na-Avenida-Fraga-Maia-ft-paulo-jose-acorda-cidade--648x299.webp 648w, https:\/\/uploads.acordacidade.com.br\/2025\/07\/Caminhoes-estacionados-na-Avenida-Fraga-Maia-ft-paulo-jose-acorda-cidade--984x454.webp 984w, https:\/\/uploads.acordacidade.com.br\/2025\/07\/Caminhoes-estacionados-na-Avenida-Fraga-Maia-ft-paulo-jose-acorda-cidade--150x69.webp 150w, http:\/\/noticiasbahia360.com.br\/wp-content\/uploads\/2025\/07\/Caminhoes-estacionados-na-Avenida-Fraga-Maia-ft-paulo-jose-acorda-cidade-.webp 1200w\" sizes=\"(max-width: 1200px) 100vw, 1200px\"><figcaption class=\"wp-element-caption\">Foto: Paulo Jos\u00e9\/Acorda Cidade<\/figcaption><\/figure>\n<p>Andr\u00e9 ainda alertou para os riscos de acidentes de ve\u00edculos que v\u00eam de outras vias. Os caminh\u00f5es tiram a visibilidade de quem precisa sair e entrar na rua.\u00a0<\/p>\n<p>\u201cEssa pista aqui funciona como pista de acelera\u00e7\u00e3o para a gente sair. Quando a gente sai aqui, a gente tem que estar esperando 5, 10 minutos para poder sair, para n\u00e3o bater em outro carro. Ent\u00e3o, gera tamb\u00e9m um risco de acidentes\u201d, acrescentou.\u00a0<\/p>\n<p><em>Com informa\u00e7\u00f5es do rep\u00f3rter Paulo Jos\u00e9 do Acorda Cidade<\/em><\/p>\n<p><strong>Leia tamb\u00e9m: <\/strong><a href=\"https:\/\/www.acordacidade.com.br\/feira-de-santana\/moradores-reclamam-de-caminhoes-estacionados-em-rua\/\" target=\"_blank\" rel=\"noreferrer noopener\">Moradores reclamam de caminh\u00f5es estacionados em rua do bairro Capuchinhos<\/a><\/p>\n<p><em>Siga o Acorda Cidade no<\/em><a href=\"https:\/\/news.google.com\/search?q=acorda%20cidade&amp;hl=pt-BR&amp;gl=BR&amp;ceid=BR%3Apt-419\"><strong><em>\u00a0Google Not\u00edcias<\/em><\/strong><\/a><em>\u00a0e receba os principais destaques do dia. Participe tamb\u00e9m dos nossos canais no\u00a0<\/em><a href=\"https:\/\/www.whatsapp.com\/channel\/0029Va6Rb4v3WHTNnsh8WI3N\"><strong><em>WhatsApp<\/em><\/strong><\/a><em>\u00a0e\u00a0<\/em><a href=\"https:\/\/www.youtube.com\/@acordacidadenoticias\/videos\"><strong>YouTube<\/strong><\/a><em>\u00a0e grupo de\u00a0<\/em><a href=\"https:\/\/t.me\/+sSz0khrgARA0ZmRh\"><strong><em>Telegram<\/em><\/strong><\/a><em>.<\/em><\/p>\n<\/div>\n","protected":false},"excerpt":{"rendered":"<div>\n<div>\n<figure><img decoding=\"async\" src=\"https:\/\/uploads.acordacidade.com.br\/2025\/07\/Caminhoes-estacionados-na-Avenida-Fraga-Maia-ft-paulo-jose-acorda-cidade.webp\" alt=\"Caminh\u00f5es estacionados na Avenida Fraga Maia\"><figcaption>Foto: Paulo Jos\u00e9\/Acorda Cidade<\/figcaption><\/figure>\n<\/div>\n<p>Segundo moradores, carretas pesadas circulando por zonas urbanas pesam o tr\u00e1fego e trazem riscos maiores de acidentes.\u00a0<\/p><\/div>\n","protected":false},"author":1,"featured_media":95137,"comment_status":"closed","ping_status":"closed","sticky":false,"template":"","format":"gallery","meta":{"footnotes":""},"categories":[8,9,6,57,56,10],"tags":[],"class_list":["post-95136","post","type-post","status-publish","format-gallery","has-post-thumbnail","hentry","category-bahia","category-brasil","category-feira-de-santana","category-mundo","category-policia","category-politica","post_format-post-format-gallery"],"featured_image_urls":{"full":["https:\/\/noticiasbahia360.com.br\/wp-content\/uploads\/2025\/07\/Caminhoes-estacionados-na-Avenida-Fraga-Maia-ft-paulo-jose-acorda-cidade.webp",1200,554,false],"thumbnail":["https:\/\/noticiasbahia360.com.br\/wp-content\/uploads\/2025\/07\/Caminhoes-estacionados-na-Avenida-Fraga-Maia-ft-paulo-jose-acorda-cidade-150x150.webp",150,150,true],"medium":["https:\/\/noticiasbahia360.com.br\/wp-content\/uploads\/2025\/07\/Caminhoes-estacionados-na-Avenida-Fraga-Maia-ft-paulo-jose-acorda-cidade-300x139.webp",300,139,true],"medium_large":["https:\/\/noticiasbahia360.com.br\/wp-content\/uploads\/2025\/07\/Caminhoes-estacionados-na-Avenida-Fraga-Maia-ft-paulo-jose-acorda-cidade-768x355.webp",640,296,true],"large":["https:\/\/noticiasbahia360.com.br\/wp-content\/uploads\/2025\/07\/Caminhoes-estacionados-na-Avenida-Fraga-Maia-ft-paulo-jose-acorda-cidade-1024x473.webp",640,296,true],"1536x1536":["https:\/\/noticiasbahia360.com.br\/wp-content\/uploads\/2025\/07\/Caminhoes-estacionados-na-Avenida-Fraga-Maia-ft-paulo-jose-acorda-cidade.webp",1200,554,false],"2048x2048":["https:\/\/noticiasbahia360.com.br\/wp-content\/uploads\/2025\/07\/Caminhoes-estacionados-na-Avenida-Fraga-Maia-ft-paulo-jose-acorda-cidade.webp",1200,554,false],"chromenews-featured":["https:\/\/noticiasbahia360.com.br\/wp-content\/uploads\/2025\/07\/Caminhoes-estacionados-na-Avenida-Fraga-Maia-ft-paulo-jose-acorda-cidade-1024x473.webp",1024,473,true],"chromenews-large":["https:\/\/noticiasbahia360.com.br\/wp-content\/uploads\/2025\/07\/Caminhoes-estacionados-na-Avenida-Fraga-Maia-ft-paulo-jose-acorda-cidade-825x554.webp",825,554,true],"chromenews-medium":["https:\/\/noticiasbahia360.com.br\/wp-content\/uploads\/2025\/07\/Caminhoes-estacionados-na-Avenida-Fraga-Maia-ft-paulo-jose-acorda-cidade-590x410.webp",590,410,true]},"author_info":{"display_name":"noticiasbahia360.com.br","author_link":"https:\/\/noticiasbahia360.com.br\/?author=1"},"category_info":"<a href=\"https:\/\/noticiasbahia360.com.br\/?cat=8\" rel=\"category\">Bahia<\/a> <a href=\"https:\/\/noticiasbahia360.com.br\/?cat=9\" rel=\"category\">Brasil<\/a> <a href=\"https:\/\/noticiasbahia360.com.br\/?cat=6\" rel=\"category\">Feira de Santana<\/a> <a href=\"https:\/\/noticiasbahia360.com.br\/?cat=57\" rel=\"category\">Mundo<\/a> <a href=\"https:\/\/noticiasbahia360.com.br\/?cat=56\" rel=\"category\">Pol\u00edcia<\/a> <a href=\"https:\/\/noticiasbahia360.com.br\/?cat=10\" rel=\"category\">Pol\u00edtica<\/a>","tag_info":"Pol\u00edtica","comment_count":"0","_links":{"self":[{"href":"https:\/\/noticiasbahia360.com.br\/index.php?rest_route=\/wp\/v2\/posts\/95136","targetHints":{"allow":["GET"]}}],"collection":[{"href":"https:\/\/noticiasbahia360.com.br\/index.php?rest_route=\/wp\/v2\/posts"}],"about":[{"href":"https:\/\/noticiasbahia360.com.br\/index.php?rest_route=\/wp\/v2\/types\/post"}],"author":[{"embeddable":true,"href":"https:\/\/noticiasbahia360.com.br\/index.php?rest_route=\/wp\/v2\/users\/1"}],"replies":[{"embeddable":true,"href":"https:\/\/noticiasbahia360.com.br\/index.php?rest_route=%2Fwp%2Fv2%2Fcomments&post=95136"}],"version-history":[{"count":0,"href":"https:\/\/noticiasbahia360.com.br\/index.php?rest_route=\/wp\/v2\/posts\/95136\/revisions"}],"wp:featuredmedia":[{"embeddable":true,"href":"https:\/\/noticiasbahia360.com.br\/index.php?rest_route=\/wp\/v2\/media\/95137"}],"wp:attachment":[{"href":"https:\/\/noticiasbahia360.com.br\/index.php?rest_route=%2Fwp%2Fv2%2Fmedia&parent=95136"}],"wp:term":[{"taxonomy":"category","embeddable":true,"href":"https:\/\/noticiasbahia360.com.br\/index.php?rest_route=%2Fwp%2Fv2%2Fcategories&post=95136"},{"taxonomy":"post_tag","embeddable":true,"href":"https:\/\/noticiasbahia360.com.br\/index.php?rest_route=%2Fwp%2Fv2%2Ftags&post=95136"}],"curies":[{"name":"wp","href":"https:\/\/api.w.org\/{rel}","templated":true}]}}