{"id":95140,"date":"2025-07-29T23:14:51","date_gmt":"2025-07-30T02:14:51","guid":{"rendered":"https:\/\/noticiasbahia360.com.br\/?p=95140"},"modified":"2025-07-29T23:14:51","modified_gmt":"2025-07-30T02:14:51","slug":"minhas-sobrancelhas-eram-feias-e-falhadas-ate-eu-usar-oleo-de-alecrim-toda-noite","status":"publish","type":"post","link":"https:\/\/noticiasbahia360.com.br\/?p=95140","title":{"rendered":"Minhas sobrancelhas eram feias e falhadas\u2026 at\u00e9 eu usar \u00f3leo de alecrim toda noite"},"content":{"rendered":"<div>\n<div>\n<figure><img decoding=\"async\" src=\"http:\/\/noticiasbahia360.com.br\/wp-content\/uploads\/2025\/07\/Minhas-sobrancelhas-eram-feias-e-falhadas-ate-eu-usar-oleo-de-alecrim-toda-noite.webp\" alt=\"Minhas sobrancelhas eram feias e falhadas\u2026 at\u00e9 eu usar \u00f3leo de alecrim toda noite\"><figcaption>Minhas sobrancelhas eram feias e falhadas\u2026 at\u00e9 eu usar \u00f3leo de alecrim toda noite<\/figcaption><\/figure>\n<\/div>\n<p>Por muito tempo, minhas sobrancelhas eram motivo de inseguran\u00e7a. Finas, falhadas e quase invis\u00edveis sem maquiagem, elas pareciam n\u00e3o acompanhar o resto do meu rosto. Eu testei l\u00e1pis, sombras, g\u00e9is, at\u00e9 micropigmenta\u00e7\u00e3o. Nada resolvia de verdade. Mas foi s\u00f3 quando comecei a aplicar \u00f3leo de alecrim todas as noites \u2014 sem grandes expectativas \u2014 que algo mudou. E n\u00e3o foi s\u00f3 est\u00e9tica. Foi autoestima, foi cuidado.<\/p>\n<h2 class=\"wp-block-heading\" id=\"h-o-poder-do-oleo-de-alecrim-para-sobrancelhas\"><strong>O poder do \u00f3leo de alecrim para sobrancelhas<\/strong><\/h2>\n<p>O \u00f3leo de alecrim, extra\u00eddo das folhas da planta medicinal, tem ganhado espa\u00e7o na rotina de beleza por um motivo: ele estimula a circula\u00e7\u00e3o sangu\u00ednea e ativa os fol\u00edculos capilares. Em outras palavras, ajuda no crescimento de fios novos e fortalece os j\u00e1 existentes. Quando usado com consist\u00eancia, os resultados aparecem \u2014 e n\u00e3o apenas nas sobrancelhas.<\/p>\n<p>Esse \u00f3leo essencial \u00e9 rico em antioxidantes, possui a\u00e7\u00e3o anti-inflamat\u00f3ria e ainda ajuda a equilibrar o excesso de oleosidade, o que tamb\u00e9m contribui para um ambiente prop\u00edcio ao crescimento saud\u00e1vel dos pelos. No meu caso, foi como um \u201cdespertar\u201d para \u00e1reas que pareciam mortas.<\/p>\n<h2 class=\"wp-block-heading\" id=\"h-como-aplicar-o-oleo-de-alecrim-corretamente\"><strong>Como aplicar o \u00f3leo de alecrim corretamente<\/strong><\/h2>\n<p>N\u00e3o adianta exagerar. O segredo est\u00e1 na frequ\u00eancia e na forma como voc\u00ea aplica. Eu sigo esse ritual todas as noites antes de dormir:<\/p>\n<ol class=\"wp-block-list\">\n<li><strong>Limpeza total<\/strong>: Lavo bem o rosto para tirar qualquer resqu\u00edcio de maquiagem ou creme.<\/li>\n<li><strong>Dilui\u00e7\u00e3o segura<\/strong>: Como o \u00f3leo de alecrim \u00e9 muito concentrado, sempre misturo uma gota dele em uma colher de sopa de \u00f3leo carreador (como \u00f3leo de r\u00edcino ou \u00f3leo de coco).<\/li>\n<li><strong>Aplica\u00e7\u00e3o suave<\/strong>: Com a ponta do dedo ou um cotonete, aplico sobre as sobrancelhas, massageando por 1 minutinho.<\/li>\n<li><strong>Durma com ele<\/strong>: Deixo agir durante a noite e s\u00f3 retiro ao lavar o rosto pela manh\u00e3.<\/li>\n<\/ol>\n<p>Em menos de 3 semanas, comecei a notar falhas preenchidas. Em dois meses, eu j\u00e1 tinha sobrancelhas com formato e densidade que nunca imaginei que teria naturalmente.<\/p>\n<h2 class=\"wp-block-heading\" id=\"h-resultados-reais-e-naturais\"><strong>Resultados reais e naturais<\/strong><\/h2>\n<p>Diferente dos produtos que pintam ou colam os pelos, o \u00f3leo de alecrim trabalha de dentro para fora. \u00c9 um processo que exige paci\u00eancia, mas entrega naturalidade. As falhas diminu\u00edram visivelmente e os fios ficaram mais fortes, alinhados e at\u00e9 mais escuros.<\/p>\n<p>Eu n\u00e3o precisei mais contornar minhas sobrancelhas com maquiagem para me sentir apresent\u00e1vel. Isso me deu liberdade e confian\u00e7a. As pessoas come\u00e7aram a notar sem eu precisar contar. \u201cVoc\u00ea fez alguma coisa nas sobrancelhas?\u201d virou pergunta comum no meu dia a dia.<\/p>\n<h2 class=\"wp-block-heading\" id=\"h-outros-beneficios-inesperados\"><strong>Outros benef\u00edcios inesperados<\/strong><\/h2>\n<p>Al\u00e9m das sobrancelhas, percebi que o \u00f3leo tamb\u00e9m ajudou a manter minha pele mais equilibrada na regi\u00e3o ao redor. Antes, sofria com descama\u00e7\u00e3o ou oleosidade excessiva ali \u2014 hoje, tudo parece mais uniforme. E para quem tem tend\u00eancia a queda de cabelo ou quer fortalecer os c\u00edlios, o \u00f3leo de alecrim tamb\u00e9m pode ser um grande aliado.<\/p>\n<p>Vale lembrar: sempre que for usar \u00f3leos essenciais, \u00e9 importante fazer um teste de sensibilidade antes e garantir a dilui\u00e7\u00e3o correta para evitar rea\u00e7\u00f5es.<\/p>\n<p><strong>Por que a consist\u00eancia vale mais que pressa<\/strong><\/p>\n<p>Muita gente desiste porque quer resultado em 48 horas. Mas os ciclos capilares t\u00eam tempo pr\u00f3prio. No caso das sobrancelhas, um ciclo pode durar entre 3 e 4 meses. Ou seja, mesmo que o \u00f3leo de alecrim ative o crescimento, os efeitos mais vis\u00edveis levam tempo.<\/p>\n<p>O que faz a diferen\u00e7a \u00e9 a disciplina. Colocar o \u00f3leo de alecrim na minha rotina foi como escovar os dentes: virou h\u00e1bito. E esse h\u00e1bito mudou minha rela\u00e7\u00e3o com o espelho.<\/p>\n<h2 class=\"wp-block-heading\" id=\"h-funciona-para-todo-mundo-depende-mas-vale-tentar\"><strong>Funciona para todo mundo? Depende. Mas vale tentar<\/strong><\/h2>\n<p>Cada organismo reage de um jeito. O que funcionou para mim pode n\u00e3o funcionar para todos com a mesma intensidade. Mas se voc\u00ea est\u00e1 buscando uma alternativa natural, de baixo custo e com muitos relatos positivos, o \u00f3leo de alecrim \u00e9 uma aposta v\u00e1lida.<\/p>\n<p>Ele n\u00e3o \u00e9 milagroso \u2014 \u00e9 um aliado. E como todo aliado, precisa ser tratado com respeito e const\u00e2ncia.<\/p>\n<p>Cuidar das sobrancelhas me ensinou algo maior: que \u00e0s vezes a transforma\u00e7\u00e3o que buscamos fora come\u00e7a dentro da nossa rotina. O simples gesto de me tocar com carinho antes de dormir, mesmo que por um minuto, fez toda diferen\u00e7a. Era sobre mais do que est\u00e9tica. Era sobre aten\u00e7\u00e3o. E isso transparece no rosto de quem se olha com mais amor.<\/p>\n<\/div>\n","protected":false},"excerpt":{"rendered":"<div>\n<div>\n<figure><img decoding=\"async\" src=\"https:\/\/uploads.acordacidade.com.br\/2025\/07\/Minhas-sobrancelhas-eram-feias-e-falhadas%E2%80%A6-ate-eu-usar-oleo-de-alecrim-toda-noite.webp\" alt=\"Minhas sobrancelhas eram feias e falhadas\u2026 at\u00e9 eu usar \u00f3leo de alecrim toda noite\"><figcaption>Minhas sobrancelhas eram feias e falhadas\u2026 at\u00e9 eu usar \u00f3leo de alecrim toda noite<\/figcaption><\/figure>\n<\/div>\n<p>Por muito tempo, minhas sobrancelhas eram motivo de inseguran\u00e7a. Finas, falhadas e quase invis\u00edveis sem maquiagem, elas pareciam n\u00e3o acompanhar o resto do meu rosto. Eu testei l\u00e1pis, sombras, g\u00e9is, at\u00e9 micropigmenta\u00e7\u00e3o. Nada resolvia de verdade. Mas foi s\u00f3 quando comecei a aplicar \u00f3leo de alecrim todas as noites \u2014 sem grandes expectativas \u2014 que [\u2026]<\/p><\/div>\n","protected":false},"author":1,"featured_media":95141,"comment_status":"closed","ping_status":"closed","sticky":false,"template":"","format":"gallery","meta":{"footnotes":""},"categories":[8,9,6,57,56,10],"tags":[],"class_list":["post-95140","post","type-post","status-publish","format-gallery","has-post-thumbnail","hentry","category-bahia","category-brasil","category-feira-de-santana","category-mundo","category-policia","category-politica","post_format-post-format-gallery"],"featured_image_urls":{"full":["https:\/\/noticiasbahia360.com.br\/wp-content\/uploads\/2025\/07\/Minhas-sobrancelhas-eram-feias-e-falhadas-ate-eu-usar-oleo-de-alecrim-toda-noite.webp",1536,1024,false],"thumbnail":["https:\/\/noticiasbahia360.com.br\/wp-content\/uploads\/2025\/07\/Minhas-sobrancelhas-eram-feias-e-falhadas-ate-eu-usar-oleo-de-alecrim-toda-noite-150x150.webp",150,150,true],"medium":["https:\/\/noticiasbahia360.com.br\/wp-content\/uploads\/2025\/07\/Minhas-sobrancelhas-eram-feias-e-falhadas-ate-eu-usar-oleo-de-alecrim-toda-noite-300x200.webp",300,200,true],"medium_large":["https:\/\/noticiasbahia360.com.br\/wp-content\/uploads\/2025\/07\/Minhas-sobrancelhas-eram-feias-e-falhadas-ate-eu-usar-oleo-de-alecrim-toda-noite-768x512.webp",640,427,true],"large":["https:\/\/noticiasbahia360.com.br\/wp-content\/uploads\/2025\/07\/Minhas-sobrancelhas-eram-feias-e-falhadas-ate-eu-usar-oleo-de-alecrim-toda-noite-1024x683.webp",640,427,true],"1536x1536":["https:\/\/noticiasbahia360.com.br\/wp-content\/uploads\/2025\/07\/Minhas-sobrancelhas-eram-feias-e-falhadas-ate-eu-usar-oleo-de-alecrim-toda-noite.webp",1536,1024,false],"2048x2048":["https:\/\/noticiasbahia360.com.br\/wp-content\/uploads\/2025\/07\/Minhas-sobrancelhas-eram-feias-e-falhadas-ate-eu-usar-oleo-de-alecrim-toda-noite.webp",1536,1024,false],"chromenews-featured":["https:\/\/noticiasbahia360.com.br\/wp-content\/uploads\/2025\/07\/Minhas-sobrancelhas-eram-feias-e-falhadas-ate-eu-usar-oleo-de-alecrim-toda-noite-1024x683.webp",1024,683,true],"chromenews-large":["https:\/\/noticiasbahia360.com.br\/wp-content\/uploads\/2025\/07\/Minhas-sobrancelhas-eram-feias-e-falhadas-ate-eu-usar-oleo-de-alecrim-toda-noite-825x575.webp",825,575,true],"chromenews-medium":["https:\/\/noticiasbahia360.com.br\/wp-content\/uploads\/2025\/07\/Minhas-sobrancelhas-eram-feias-e-falhadas-ate-eu-usar-oleo-de-alecrim-toda-noite-590x410.webp",590,410,true]},"author_info":{"display_name":"noticiasbahia360.com.br","author_link":"https:\/\/noticiasbahia360.com.br\/?author=1"},"category_info":"<a href=\"https:\/\/noticiasbahia360.com.br\/?cat=8\" rel=\"category\">Bahia<\/a> <a href=\"https:\/\/noticiasbahia360.com.br\/?cat=9\" rel=\"category\">Brasil<\/a> <a href=\"https:\/\/noticiasbahia360.com.br\/?cat=6\" rel=\"category\">Feira de Santana<\/a> <a href=\"https:\/\/noticiasbahia360.com.br\/?cat=57\" rel=\"category\">Mundo<\/a> <a href=\"https:\/\/noticiasbahia360.com.br\/?cat=56\" rel=\"category\">Pol\u00edcia<\/a> <a href=\"https:\/\/noticiasbahia360.com.br\/?cat=10\" rel=\"category\">Pol\u00edtica<\/a>","tag_info":"Pol\u00edtica","comment_count":"0","_links":{"self":[{"href":"https:\/\/noticiasbahia360.com.br\/index.php?rest_route=\/wp\/v2\/posts\/95140","targetHints":{"allow":["GET"]}}],"collection":[{"href":"https:\/\/noticiasbahia360.com.br\/index.php?rest_route=\/wp\/v2\/posts"}],"about":[{"href":"https:\/\/noticiasbahia360.com.br\/index.php?rest_route=\/wp\/v2\/types\/post"}],"author":[{"embeddable":true,"href":"https:\/\/noticiasbahia360.com.br\/index.php?rest_route=\/wp\/v2\/users\/1"}],"replies":[{"embeddable":true,"href":"https:\/\/noticiasbahia360.com.br\/index.php?rest_route=%2Fwp%2Fv2%2Fcomments&post=95140"}],"version-history":[{"count":0,"href":"https:\/\/noticiasbahia360.com.br\/index.php?rest_route=\/wp\/v2\/posts\/95140\/revisions"}],"wp:featuredmedia":[{"embeddable":true,"href":"https:\/\/noticiasbahia360.com.br\/index.php?rest_route=\/wp\/v2\/media\/95141"}],"wp:attachment":[{"href":"https:\/\/noticiasbahia360.com.br\/index.php?rest_route=%2Fwp%2Fv2%2Fmedia&parent=95140"}],"wp:term":[{"taxonomy":"category","embeddable":true,"href":"https:\/\/noticiasbahia360.com.br\/index.php?rest_route=%2Fwp%2Fv2%2Fcategories&post=95140"},{"taxonomy":"post_tag","embeddable":true,"href":"https:\/\/noticiasbahia360.com.br\/index.php?rest_route=%2Fwp%2Fv2%2Ftags&post=95140"}],"curies":[{"name":"wp","href":"https:\/\/api.w.org\/{rel}","templated":true}]}}