{"id":95144,"date":"2025-07-30T06:40:06","date_gmt":"2025-07-30T09:40:06","guid":{"rendered":"https:\/\/noticiasbahia360.com.br\/?p=95144"},"modified":"2025-07-30T06:40:06","modified_gmt":"2025-07-30T09:40:06","slug":"envolvidos-em-fraudes-na-transferencias-de-veiculos-sao-alvos-de-operacao-da-policia-civil","status":"publish","type":"post","link":"https:\/\/noticiasbahia360.com.br\/?p=95144","title":{"rendered":"Envolvidos em fraudes na transfer\u00eancias de ve\u00edculos s\u00e3o alvos de opera\u00e7\u00e3o da Pol\u00edcia Civil"},"content":{"rendered":"<div>\n<div>\n<figure><img decoding=\"async\" src=\"http:\/\/noticiasbahia360.com.br\/wp-content\/uploads\/2025\/07\/placas.jpg\" alt=\"Placas apreendidas\"><figcaption>Foto: Tony Silva e Bruno Ricardo\/Ascom Pol\u00edcia Civil<\/figcaption><\/figure>\n<\/div>\n<p>A Pol\u00edcia Civil da Bahia, por meio do Departamento Especializado de Investiga\u00e7\u00f5es Criminais (Deic), deflagrou na manh\u00e3 desta quarta-feira (30), a Opera\u00e7\u00e3o Apate, com o objetivo de desarticular um esquema fraudulento de transfer\u00eancias de ve\u00edculos em Salvador, Regi\u00e3o Metropolitana (RMS) e interior do estado. Durante as a\u00e7\u00f5es, s\u00e3o cumpridos 15 mandados judiciais contra os investigados.<\/p>\n<figure class=\"wp-block-image size-full\"><img fetchpriority=\"high\" fetchpriority=\"high\" decoding=\"async\" width=\"1200\" height=\"685\" src=\"http:\/\/noticiasbahia360.com.br\/wp-content\/uploads\/2025\/07\/Envolvidos-em-fraudes-veiculares-sao-alvos-de-operacao.jpg\" alt=\"Envolvidos em fraudes veiculares s\u00e3o alvos de opera\u00e7\u00e3o da Pol\u00edcia Civil\" class=\"wp-image-578114\" srcset=\"https:\/\/uploads.acordacidade.com.br\/2025\/07\/Envolvidos-em-fraudes-veiculares-sao-alvos-de-operacao-639x365.jpg 639w, https:\/\/uploads.acordacidade.com.br\/2025\/07\/Envolvidos-em-fraudes-veiculares-sao-alvos-de-operacao-969x553.jpg 969w, https:\/\/uploads.acordacidade.com.br\/2025\/07\/Envolvidos-em-fraudes-veiculares-sao-alvos-de-operacao-150x86.jpg 150w, http:\/\/noticiasbahia360.com.br\/wp-content\/uploads\/2025\/07\/Envolvidos-em-fraudes-veiculares-sao-alvos-de-operacao.jpg 1200w\" sizes=\"(max-width: 1200px) 100vw, 1200px\"><figcaption class=\"wp-element-caption\">Foto: Tony Silva e Bruno Ricardo\/Ascom Pol\u00edcia Civil<\/figcaption><\/figure>\n<p>As investiga\u00e7\u00f5es identificaram a exist\u00eancia de uma organiza\u00e7\u00e3o criminosa, composta por servidores p\u00fablicos, empresas emplacadoras e despachantes. O grupo \u00e9 respons\u00e1vel por fraudes nas transfer\u00eancias de ve\u00edculos para terceiros, sem o consentimento dos propriet\u00e1rios, com o objetivo de obten\u00e7\u00e3o de financiamentos banc\u00e1rios.<\/p>\n<p>As investiga\u00e7\u00f5es tamb\u00e9m constataram que uma das empresas se apropriava de valores pagos por clientes, sem efetuar os servi\u00e7os de transfer\u00eancia e o recolhimento de tributos, chegando a fornecer documenta\u00e7\u00e3o falsa. J\u00e1 o propriet\u00e1rio de outro estabelecimento, promovia a entrada de processos fraudulentos com a coniv\u00eancia de servidores do \u00f3rg\u00e3o.<\/p>\n<figure class=\"wp-block-image size-large\"><img decoding=\"async\" width=\"952\" height=\"768\" src=\"http:\/\/noticiasbahia360.com.br\/wp-content\/uploads\/2025\/07\/operacao-policial-deic-952x768-1.jpg\" alt=\"Envolvidos em fraudes veiculares s\u00e3o alvos de opera\u00e7\u00e3o da Pol\u00edcia Civil\" class=\"wp-image-578112\" srcset=\"https:\/\/uploads.acordacidade.com.br\/2025\/07\/operacao-policial-deic-452x365.jpg 452w, http:\/\/noticiasbahia360.com.br\/wp-content\/uploads\/2025\/07\/operacao-policial-deic-952x768-1.jpg 952w, https:\/\/uploads.acordacidade.com.br\/2025\/07\/operacao-policial-deic-686x553.jpg 686w, https:\/\/uploads.acordacidade.com.br\/2025\/07\/operacao-policial-deic-150x121.jpg 150w, https:\/\/uploads.acordacidade.com.br\/2025\/07\/operacao-policial-deic.jpg 1200w\" sizes=\"(max-width: 952px) 100vw, 952px\"><figcaption class=\"wp-element-caption\">Foto: Tony Silva e Bruno Ricardo\/Ascom Pol\u00edcia Civil<\/figcaption><\/figure>\n<p>As a\u00e7\u00f5es s\u00e3o realizadas por equipes da Delegacia de Repress\u00e3o a Furtos e Roubos (DRFR\/Vit\u00f3ria da Conquista), com o apoio do Departamento de Pol\u00edcia do Interior (Depin), por meio da Diretoria Regional de Pol\u00edcia do Interior (Dirpin\/Sudoeste), com a 10\u00aa Coordenadoria Regional de Pol\u00edcia do Interior (Coorpin\/Vit\u00f3ria da Conquista) e o Departamento de Prote\u00e7\u00e3o \u00e0 Mulher, Cidadania e Vulner\u00e1veis (DPMCV).<\/p>\n<\/div>\n","protected":false},"excerpt":{"rendered":"<div>\n<div>\n<figure><img decoding=\"async\" src=\"https:\/\/uploads.acordacidade.com.br\/2025\/07\/placas.jpg\" alt=\"Placas apreendidas\"><figcaption>Foto: Tony Silva e Bruno Ricardo\/Ascom Pol\u00edcia Civil<\/figcaption><\/figure>\n<\/div>\n<p>Equipes do Deic cumprem mandados judiciais em Salvador, regi\u00e3o metropolitana e interior do estado.<\/p><\/div>\n","protected":false},"author":1,"featured_media":95145,"comment_status":"closed","ping_status":"closed","sticky":false,"template":"","format":"gallery","meta":{"footnotes":""},"categories":[8,9,6,57,56,10],"tags":[],"class_list":["post-95144","post","type-post","status-publish","format-gallery","has-post-thumbnail","hentry","category-bahia","category-brasil","category-feira-de-santana","category-mundo","category-policia","category-politica","post_format-post-format-gallery"],"featured_image_urls":{"full":["https:\/\/noticiasbahia360.com.br\/wp-content\/uploads\/2025\/07\/placas.jpg",1200,1082,false],"thumbnail":["https:\/\/noticiasbahia360.com.br\/wp-content\/uploads\/2025\/07\/placas-150x150.jpg",150,150,true],"medium":["https:\/\/noticiasbahia360.com.br\/wp-content\/uploads\/2025\/07\/placas-300x271.jpg",300,271,true],"medium_large":["https:\/\/noticiasbahia360.com.br\/wp-content\/uploads\/2025\/07\/placas-768x692.jpg",640,577,true],"large":["https:\/\/noticiasbahia360.com.br\/wp-content\/uploads\/2025\/07\/placas-1024x923.jpg",640,577,true],"1536x1536":["https:\/\/noticiasbahia360.com.br\/wp-content\/uploads\/2025\/07\/placas.jpg",1200,1082,false],"2048x2048":["https:\/\/noticiasbahia360.com.br\/wp-content\/uploads\/2025\/07\/placas.jpg",1200,1082,false],"chromenews-featured":["https:\/\/noticiasbahia360.com.br\/wp-content\/uploads\/2025\/07\/placas-1024x923.jpg",1024,923,true],"chromenews-large":["https:\/\/noticiasbahia360.com.br\/wp-content\/uploads\/2025\/07\/placas-825x575.jpg",825,575,true],"chromenews-medium":["https:\/\/noticiasbahia360.com.br\/wp-content\/uploads\/2025\/07\/placas-590x410.jpg",590,410,true]},"author_info":{"display_name":"noticiasbahia360.com.br","author_link":"https:\/\/noticiasbahia360.com.br\/?author=1"},"category_info":"<a href=\"https:\/\/noticiasbahia360.com.br\/?cat=8\" rel=\"category\">Bahia<\/a> <a href=\"https:\/\/noticiasbahia360.com.br\/?cat=9\" rel=\"category\">Brasil<\/a> <a href=\"https:\/\/noticiasbahia360.com.br\/?cat=6\" rel=\"category\">Feira de Santana<\/a> <a href=\"https:\/\/noticiasbahia360.com.br\/?cat=57\" rel=\"category\">Mundo<\/a> <a href=\"https:\/\/noticiasbahia360.com.br\/?cat=56\" rel=\"category\">Pol\u00edcia<\/a> <a href=\"https:\/\/noticiasbahia360.com.br\/?cat=10\" rel=\"category\">Pol\u00edtica<\/a>","tag_info":"Pol\u00edtica","comment_count":"0","_links":{"self":[{"href":"https:\/\/noticiasbahia360.com.br\/index.php?rest_route=\/wp\/v2\/posts\/95144","targetHints":{"allow":["GET"]}}],"collection":[{"href":"https:\/\/noticiasbahia360.com.br\/index.php?rest_route=\/wp\/v2\/posts"}],"about":[{"href":"https:\/\/noticiasbahia360.com.br\/index.php?rest_route=\/wp\/v2\/types\/post"}],"author":[{"embeddable":true,"href":"https:\/\/noticiasbahia360.com.br\/index.php?rest_route=\/wp\/v2\/users\/1"}],"replies":[{"embeddable":true,"href":"https:\/\/noticiasbahia360.com.br\/index.php?rest_route=%2Fwp%2Fv2%2Fcomments&post=95144"}],"version-history":[{"count":0,"href":"https:\/\/noticiasbahia360.com.br\/index.php?rest_route=\/wp\/v2\/posts\/95144\/revisions"}],"wp:featuredmedia":[{"embeddable":true,"href":"https:\/\/noticiasbahia360.com.br\/index.php?rest_route=\/wp\/v2\/media\/95145"}],"wp:attachment":[{"href":"https:\/\/noticiasbahia360.com.br\/index.php?rest_route=%2Fwp%2Fv2%2Fmedia&parent=95144"}],"wp:term":[{"taxonomy":"category","embeddable":true,"href":"https:\/\/noticiasbahia360.com.br\/index.php?rest_route=%2Fwp%2Fv2%2Fcategories&post=95144"},{"taxonomy":"post_tag","embeddable":true,"href":"https:\/\/noticiasbahia360.com.br\/index.php?rest_route=%2Fwp%2Fv2%2Ftags&post=95144"}],"curies":[{"name":"wp","href":"https:\/\/api.w.org\/{rel}","templated":true}]}}