{"id":95148,"date":"2025-07-30T07:26:40","date_gmt":"2025-07-30T10:26:40","guid":{"rendered":"https:\/\/noticiasbahia360.com.br\/?p=95148"},"modified":"2025-07-30T07:26:40","modified_gmt":"2025-07-30T10:26:40","slug":"suspeito-de-estuprar-a-sobrinha-e-preso-em-terra-nova","status":"publish","type":"post","link":"https:\/\/noticiasbahia360.com.br\/?p=95148","title":{"rendered":"Suspeito de estuprar a sobrinha \u00e9 preso em Terra Nova"},"content":{"rendered":"<div>\n<div>\n<figure><img decoding=\"async\" src=\"http:\/\/noticiasbahia360.com.br\/wp-content\/uploads\/2025\/07\/prisao-em-terra-nova.jpeg\" alt=\"pris\u00e3o de suspeito de estupro\"><figcaption>Foto: Pol\u00edcia Civil<\/figcaption><\/figure>\n<\/div>\n<p>Um homem, suspeito de estuprar a sobrinha, foi preso na manh\u00e3 de ter\u00e7a-feira (29), no munic\u00edpio de Terra Nova, em cumprimento a um mandado de pris\u00e3o preventiva.<\/p>\n<p>Ap\u00f3s o cumprimento do mandado por estupro de vulner\u00e1vel, ele foi conduzido at\u00e9 a Delegacia Territorial (DT) de Santo Amaro, e ap\u00f3s os procedimentos de praxe, foi recolhido \u00e0 carceragem, onde permanecer\u00e1 \u00e0 disposi\u00e7\u00e3o da Justi\u00e7a. <\/p>\n<p>A pris\u00e3o foi realizada pela Pol\u00edcia Civil, por interm\u00e9dio do SI da 3\u00b0 Coorpin\/Santo Amaro. A pol\u00edcia n\u00e3o passou outros detalhes sobre o caso.<\/p>\n<p><em>Siga o Acorda Cidade no<\/em><a href=\"https:\/\/news.google.com\/search?q=acorda%20cidade&amp;hl=pt-BR&amp;gl=BR&amp;ceid=BR%3Apt-419\"><strong><em>\u00a0Google Not\u00edcias<\/em><\/strong><\/a><em>\u00a0e receba os principais destaques do dia. Participe tamb\u00e9m dos nossos canais no\u00a0<\/em><a href=\"https:\/\/www.whatsapp.com\/channel\/0029Va6Rb4v3WHTNnsh8WI3N\"><strong><em>WhatsApp<\/em><\/strong><\/a><em>\u00a0e\u00a0<\/em><a href=\"https:\/\/www.youtube.com\/@acordacidadenoticias\/videos\"><strong>Youtube<\/strong><\/a><em>\u00a0e grupo de\u00a0<\/em><a href=\"https:\/\/t.me\/+sSz0khrgARA0ZmRh\"><strong><em>Telegram<\/em><\/strong><\/a><em>.<\/em><\/p>\n<\/div>\n","protected":false},"excerpt":{"rendered":"<div>\n<div>\n<figure><img decoding=\"async\" src=\"https:\/\/uploads.acordacidade.com.br\/2025\/07\/prisao-em-terra-nova.jpeg\" alt=\"pris\u00e3o de suspeito de estupro\"><figcaption>Foto: Pol\u00edcia Civil<\/figcaption><\/figure>\n<\/div>\n<p>Ap\u00f3s o cumprimento do mandado por estupro de vulner\u00e1vel, ele foi conduzido at\u00e9 a Delegacia Territorial (DT) de Santo Amaro.<\/p><\/div>\n","protected":false},"author":1,"featured_media":95149,"comment_status":"closed","ping_status":"closed","sticky":false,"template":"","format":"gallery","meta":{"footnotes":""},"categories":[8,9,6,57,56,10],"tags":[],"class_list":["post-95148","post","type-post","status-publish","format-gallery","has-post-thumbnail","hentry","category-bahia","category-brasil","category-feira-de-santana","category-mundo","category-policia","category-politica","post_format-post-format-gallery"],"featured_image_urls":{"full":["https:\/\/noticiasbahia360.com.br\/wp-content\/uploads\/2025\/07\/prisao-em-terra-nova.jpeg",1280,960,false],"thumbnail":["https:\/\/noticiasbahia360.com.br\/wp-content\/uploads\/2025\/07\/prisao-em-terra-nova-150x150.jpeg",150,150,true],"medium":["https:\/\/noticiasbahia360.com.br\/wp-content\/uploads\/2025\/07\/prisao-em-terra-nova-300x225.jpeg",300,225,true],"medium_large":["https:\/\/noticiasbahia360.com.br\/wp-content\/uploads\/2025\/07\/prisao-em-terra-nova-768x576.jpeg",640,480,true],"large":["https:\/\/noticiasbahia360.com.br\/wp-content\/uploads\/2025\/07\/prisao-em-terra-nova-1024x768.jpeg",640,480,true],"1536x1536":["https:\/\/noticiasbahia360.com.br\/wp-content\/uploads\/2025\/07\/prisao-em-terra-nova.jpeg",1280,960,false],"2048x2048":["https:\/\/noticiasbahia360.com.br\/wp-content\/uploads\/2025\/07\/prisao-em-terra-nova.jpeg",1280,960,false],"chromenews-featured":["https:\/\/noticiasbahia360.com.br\/wp-content\/uploads\/2025\/07\/prisao-em-terra-nova-1024x768.jpeg",1024,768,true],"chromenews-large":["https:\/\/noticiasbahia360.com.br\/wp-content\/uploads\/2025\/07\/prisao-em-terra-nova-825x575.jpeg",825,575,true],"chromenews-medium":["https:\/\/noticiasbahia360.com.br\/wp-content\/uploads\/2025\/07\/prisao-em-terra-nova-590x410.jpeg",590,410,true]},"author_info":{"display_name":"noticiasbahia360.com.br","author_link":"https:\/\/noticiasbahia360.com.br\/?author=1"},"category_info":"<a href=\"https:\/\/noticiasbahia360.com.br\/?cat=8\" rel=\"category\">Bahia<\/a> <a href=\"https:\/\/noticiasbahia360.com.br\/?cat=9\" rel=\"category\">Brasil<\/a> <a href=\"https:\/\/noticiasbahia360.com.br\/?cat=6\" rel=\"category\">Feira de Santana<\/a> <a href=\"https:\/\/noticiasbahia360.com.br\/?cat=57\" rel=\"category\">Mundo<\/a> <a href=\"https:\/\/noticiasbahia360.com.br\/?cat=56\" rel=\"category\">Pol\u00edcia<\/a> <a href=\"https:\/\/noticiasbahia360.com.br\/?cat=10\" rel=\"category\">Pol\u00edtica<\/a>","tag_info":"Pol\u00edtica","comment_count":"0","_links":{"self":[{"href":"https:\/\/noticiasbahia360.com.br\/index.php?rest_route=\/wp\/v2\/posts\/95148","targetHints":{"allow":["GET"]}}],"collection":[{"href":"https:\/\/noticiasbahia360.com.br\/index.php?rest_route=\/wp\/v2\/posts"}],"about":[{"href":"https:\/\/noticiasbahia360.com.br\/index.php?rest_route=\/wp\/v2\/types\/post"}],"author":[{"embeddable":true,"href":"https:\/\/noticiasbahia360.com.br\/index.php?rest_route=\/wp\/v2\/users\/1"}],"replies":[{"embeddable":true,"href":"https:\/\/noticiasbahia360.com.br\/index.php?rest_route=%2Fwp%2Fv2%2Fcomments&post=95148"}],"version-history":[{"count":0,"href":"https:\/\/noticiasbahia360.com.br\/index.php?rest_route=\/wp\/v2\/posts\/95148\/revisions"}],"wp:featuredmedia":[{"embeddable":true,"href":"https:\/\/noticiasbahia360.com.br\/index.php?rest_route=\/wp\/v2\/media\/95149"}],"wp:attachment":[{"href":"https:\/\/noticiasbahia360.com.br\/index.php?rest_route=%2Fwp%2Fv2%2Fmedia&parent=95148"}],"wp:term":[{"taxonomy":"category","embeddable":true,"href":"https:\/\/noticiasbahia360.com.br\/index.php?rest_route=%2Fwp%2Fv2%2Fcategories&post=95148"},{"taxonomy":"post_tag","embeddable":true,"href":"https:\/\/noticiasbahia360.com.br\/index.php?rest_route=%2Fwp%2Fv2%2Ftags&post=95148"}],"curies":[{"name":"wp","href":"https:\/\/api.w.org\/{rel}","templated":true}]}}