{"id":95152,"date":"2025-07-30T08:10:00","date_gmt":"2025-07-30T11:10:00","guid":{"rendered":"https:\/\/noticiasbahia360.com.br\/?p=95152"},"modified":"2025-07-30T08:10:00","modified_gmt":"2025-07-30T11:10:00","slug":"possivel-reacao-do-brasil-a-tarifaco-pode-afetar-precos-de-remedios","status":"publish","type":"post","link":"https:\/\/noticiasbahia360.com.br\/?p=95152","title":{"rendered":"Poss\u00edvel rea\u00e7\u00e3o do Brasil a tarifa\u00e7o pode afetar pre\u00e7os de rem\u00e9dios"},"content":{"rendered":"<div>\n<div>\n<figure><img decoding=\"async\" src=\"http:\/\/noticiasbahia360.com.br\/wp-content\/uploads\/2025\/07\/remedios_agencia_brasil-Marcelo-casal.jpg\" alt=\"Rem\u00e9dios\"><figcaption>Foto: Marcello Casal Jr.\/Ag\u00eancia Brasil<\/figcaption><\/figure>\n<\/div>\n<p>Ag\u00eancia Brasil \u2013 <strong>Os medicamentos e produtos farmac\u00eauticos s\u00e3o os principais itens importados pelo Brasil dos Estados Unidos neste ano. A princ\u00edpio, esses produtos n\u00e3o ser\u00e3o afetados pelo\u00a0tarifa\u00e7o de Donald Trump sobre os produtos brasileiros, mas uma eventual retalia\u00e7\u00e3o do Brasil pode encarecer produtos como medicamentos para c\u00e2ncer e doen\u00e7as raras.<\/strong><img decoding=\"async\" src=\"https:\/\/agenciabrasil.ebc.com.br\/ebc.png?id=1652489&amp;o=node\"><img decoding=\"async\" src=\"https:\/\/agenciabrasil.ebc.com.br\/ebc.gif?id=1652489&amp;o=node\"><\/p>\n<p>No ano passado, o Brasil importou quase US$ 10 bilh\u00f5es em itens da \u00e1rea m\u00e9dica, como produtos usados em cirurgias, reagentes para detec\u00e7\u00e3o de doen\u00e7as, instrumentos e aparelhos para medicina. Grande parte vem dos Estados Unidos.<\/p>\n<p>A possibilidade de uma retalia\u00e7\u00e3o brasileira ao tarifa\u00e7o dos Estados Unidos preocupa o setor. Segundo o CEO da Associa\u00e7\u00e3o Brasileira de Ind\u00fastria de Dispositivos M\u00e9dicos, Paulo Fraccaro, algumas alternativas para o Brasil seriam a China, a \u00cdndia e a Turquia.\u00a0\u00a0<\/p>\n<blockquote class=\"wp-block-quote is-layout-flow wp-block-quote-is-layout-flow\">\n<p>\u201cSe n\u00f3s adotarmos a reciprocidade, esses produtos chegar\u00e3o mais caros nas prateleiras, na ordem de 30%, e o Brasil vai ter que procurar alternativas\u201d, diz.\u00a0<\/p>\n<\/blockquote>\n<p><strong>O Brasil tamb\u00e9m importa medicamentos com patentes, especialmente para doen\u00e7as raras ou aqueles com mais tecnologia, e os Estados Unidos est\u00e3o entre os principais fornecedores\u00a0<\/strong>e, no caso de uma guerra tarif\u00e1ria, esses medicamentos poderiam ficar ainda mais caros no Brasil.\u00a0<\/p>\n<p>No primeiro semestre deste ano, foram importados US$ 4,3 bilh\u00f5es em medicamentos de alto custo e produtos farmac\u00eauticos, alta de 10% em rela\u00e7\u00e3o ao mesmo per\u00edodo do ano passado. A Uni\u00e3o Europeia \u00e9 o maior fornecedor, com cerca de 60%.Alemanha e Estados Unidos respondem por cerca de 15% cada.<\/p>\n<p>A maior parte dos medicamentos mais comuns, especialmente os gen\u00e9ricos, s\u00e3o produzidos no Brasil, mas nesse caso, 95% dos insumos farmac\u00eauticos para a produ\u00e7\u00e3o v\u00eam da China.<\/p>\n<p>Para o presidente-executivo da Associa\u00e7\u00e3o Brasileira de Insumos Farmac\u00eauticos (Abiquifi), Norberto Prestes, \u00e9 fundamental investir na pesquisa e na produ\u00e7\u00e3o brasileira.\u00a0<\/p>\n<blockquote class=\"wp-block-quote is-layout-flow wp-block-quote-is-layout-flow\">\n<p>\u201cTemos a capacidade, temos pesquisadores brilhantes, que acabam indo para o exterior. N\u00f3s dever\u00edamos reter esses talentos aqui e desenvolver nosso sistema para aumentar a nossa soberania nesse quesito\u201d, avalia.<\/p>\n<\/blockquote>\n<p><em>Siga o Acorda Cidade no<\/em><a href=\"https:\/\/news.google.com\/search?q=acorda%20cidade&amp;hl=pt-BR&amp;gl=BR&amp;ceid=BR%3Apt-419\"><strong><em> Google Not\u00edcias<\/em><\/strong><\/a><em> e receba os principais destaques do dia. Participe tamb\u00e9m dos nossos canais no <\/em><a href=\"https:\/\/whatsapp.com\/channel\/0029Va6Rb4v3WHTNnsh8WI3N\"><strong><em>WhatsApp<\/em><\/strong><\/a><em> e <\/em><a href=\"https:\/\/www.youtube.com\/@acordacidadenoticias\/videos\"><strong>Youtube<\/strong><\/a><em> e grupo de <\/em><a href=\"https:\/\/t.me\/+sSz0khrgARA0ZmRh\"><strong><em>Telegram<\/em><\/strong><\/a><em>.<\/em><\/p>\n<\/div>\n","protected":false},"excerpt":{"rendered":"<div>\n<div>\n<figure><img decoding=\"async\" src=\"https:\/\/uploads.acordacidade.com.br\/wp-content\/uploads\/2022\/05\/23111727\/remedios_agencia_brasil-Marcelo-casal.jpg\" alt=\"Rem\u00e9dios\"><figcaption>Foto: Marcello Casal Jr.\/Ag\u00eancia Brasil<\/figcaption><\/figure>\n<\/div>\n<p>O Brasil tamb\u00e9m importa medicamentos com patentes, especialmente para doen\u00e7as raras ou aqueles com mais tecnologia.<\/p><\/div>\n","protected":false},"author":1,"featured_media":95153,"comment_status":"closed","ping_status":"closed","sticky":false,"template":"","format":"gallery","meta":{"footnotes":""},"categories":[8,9,6,57,56,10],"tags":[],"class_list":["post-95152","post","type-post","status-publish","format-gallery","has-post-thumbnail","hentry","category-bahia","category-brasil","category-feira-de-santana","category-mundo","category-policia","category-politica","post_format-post-format-gallery"],"featured_image_urls":{"full":["https:\/\/noticiasbahia360.com.br\/wp-content\/uploads\/2025\/07\/remedios_agencia_brasil-Marcelo-casal.jpg",640,382,false],"thumbnail":["https:\/\/noticiasbahia360.com.br\/wp-content\/uploads\/2025\/07\/remedios_agencia_brasil-Marcelo-casal-150x150.jpg",150,150,true],"medium":["https:\/\/noticiasbahia360.com.br\/wp-content\/uploads\/2025\/07\/remedios_agencia_brasil-Marcelo-casal-300x179.jpg",300,179,true],"medium_large":["https:\/\/noticiasbahia360.com.br\/wp-content\/uploads\/2025\/07\/remedios_agencia_brasil-Marcelo-casal.jpg",640,382,false],"large":["https:\/\/noticiasbahia360.com.br\/wp-content\/uploads\/2025\/07\/remedios_agencia_brasil-Marcelo-casal.jpg",640,382,false],"1536x1536":["https:\/\/noticiasbahia360.com.br\/wp-content\/uploads\/2025\/07\/remedios_agencia_brasil-Marcelo-casal.jpg",640,382,false],"2048x2048":["https:\/\/noticiasbahia360.com.br\/wp-content\/uploads\/2025\/07\/remedios_agencia_brasil-Marcelo-casal.jpg",640,382,false],"chromenews-featured":["https:\/\/noticiasbahia360.com.br\/wp-content\/uploads\/2025\/07\/remedios_agencia_brasil-Marcelo-casal.jpg",640,382,false],"chromenews-large":["https:\/\/noticiasbahia360.com.br\/wp-content\/uploads\/2025\/07\/remedios_agencia_brasil-Marcelo-casal.jpg",640,382,false],"chromenews-medium":["https:\/\/noticiasbahia360.com.br\/wp-content\/uploads\/2025\/07\/remedios_agencia_brasil-Marcelo-casal-590x382.jpg",590,382,true]},"author_info":{"display_name":"noticiasbahia360.com.br","author_link":"https:\/\/noticiasbahia360.com.br\/?author=1"},"category_info":"<a href=\"https:\/\/noticiasbahia360.com.br\/?cat=8\" rel=\"category\">Bahia<\/a> <a href=\"https:\/\/noticiasbahia360.com.br\/?cat=9\" rel=\"category\">Brasil<\/a> <a href=\"https:\/\/noticiasbahia360.com.br\/?cat=6\" rel=\"category\">Feira de Santana<\/a> <a href=\"https:\/\/noticiasbahia360.com.br\/?cat=57\" rel=\"category\">Mundo<\/a> <a href=\"https:\/\/noticiasbahia360.com.br\/?cat=56\" rel=\"category\">Pol\u00edcia<\/a> <a href=\"https:\/\/noticiasbahia360.com.br\/?cat=10\" rel=\"category\">Pol\u00edtica<\/a>","tag_info":"Pol\u00edtica","comment_count":"0","_links":{"self":[{"href":"https:\/\/noticiasbahia360.com.br\/index.php?rest_route=\/wp\/v2\/posts\/95152","targetHints":{"allow":["GET"]}}],"collection":[{"href":"https:\/\/noticiasbahia360.com.br\/index.php?rest_route=\/wp\/v2\/posts"}],"about":[{"href":"https:\/\/noticiasbahia360.com.br\/index.php?rest_route=\/wp\/v2\/types\/post"}],"author":[{"embeddable":true,"href":"https:\/\/noticiasbahia360.com.br\/index.php?rest_route=\/wp\/v2\/users\/1"}],"replies":[{"embeddable":true,"href":"https:\/\/noticiasbahia360.com.br\/index.php?rest_route=%2Fwp%2Fv2%2Fcomments&post=95152"}],"version-history":[{"count":0,"href":"https:\/\/noticiasbahia360.com.br\/index.php?rest_route=\/wp\/v2\/posts\/95152\/revisions"}],"wp:featuredmedia":[{"embeddable":true,"href":"https:\/\/noticiasbahia360.com.br\/index.php?rest_route=\/wp\/v2\/media\/95153"}],"wp:attachment":[{"href":"https:\/\/noticiasbahia360.com.br\/index.php?rest_route=%2Fwp%2Fv2%2Fmedia&parent=95152"}],"wp:term":[{"taxonomy":"category","embeddable":true,"href":"https:\/\/noticiasbahia360.com.br\/index.php?rest_route=%2Fwp%2Fv2%2Fcategories&post=95152"},{"taxonomy":"post_tag","embeddable":true,"href":"https:\/\/noticiasbahia360.com.br\/index.php?rest_route=%2Fwp%2Fv2%2Ftags&post=95152"}],"curies":[{"name":"wp","href":"https:\/\/api.w.org\/{rel}","templated":true}]}} 