{"id":95154,"date":"2025-07-30T08:28:34","date_gmt":"2025-07-30T11:28:34","guid":{"rendered":"https:\/\/noticiasbahia360.com.br\/?p=95154"},"modified":"2025-07-30T08:28:34","modified_gmt":"2025-07-30T11:28:34","slug":"madeireira-em-sc-anuncia-ferias-coletivas-apos-aumento-de-tarifas-dos-eua","status":"publish","type":"post","link":"https:\/\/noticiasbahia360.com.br\/?p=95154","title":{"rendered":"Madeireira em SC anuncia f\u00e9rias coletivas ap\u00f3s aumento de tarifas dos EUA"},"content":{"rendered":"<div>\n<div>\n<figure><img decoding=\"async\" src=\"http:\/\/noticiasbahia360.com.br\/wp-content\/uploads\/2025\/07\/dolar_moeda_-foto-valter-campanato-agencia-brasil.jpg\" alt=\"Nota de Dolar\"><figcaption>Foto: Valter Campanato\/Ag\u00eancia Brasil <\/figcaption><\/figure>\n<\/div>\n<p>Ag\u00eancia Brasil \u2013 Ap\u00f3s o an\u00fancio de Donald Trump de que produtos brasileiros vendidos aos <a href=\"https:\/\/www.acordacidade.com.br\/tag\/estados-unidos\/\">Estados Unidos<\/a> (EUA) ser\u00e3o taxados em 50%, as empresas exportadoras do Brasil\u00a0buscam formas de adiar o impacto da medida.<img decoding=\"async\" src=\"https:\/\/agenciabrasil.ebc.com.br\/ebc.png?id=1652491&amp;o=node\"><img decoding=\"async\" src=\"https:\/\/agenciabrasil.ebc.com.br\/ebc.gif?id=1652491&amp;o=node\"><\/p>\n<p>Na cidade de Ipumirim, em Santa Catarina,\u00a0uma empresa exportadora do setor madeireiro\u00a0anunciou nesta ter\u00e7a-feira (29) que deu f\u00e9rias coletivas a quase 500 funcion\u00e1rios.\u00a0<strong>A empresa fabrica molduras de madeira para o mercado externo \u2013 sendo 95% do total para os Estados Unidos.<\/strong><\/p>\n<p><strong>A decis\u00e3o de reduzir as opera\u00e7\u00f5es foi motivada pela suspens\u00e3o, na semana passada, dos contratos de exporta\u00e7\u00e3o que ainda n\u00e3o haviam sido enviados aos portos.<\/strong><\/p>\n<p>Em\u00a0comunicado ao mercado e aos colaboradores, o grupo diz que a medida \u201cvisa aguardar que ambos os governos cheguem a um acordo, permitindo que as atividades comerciais continuem fluindo\u201d.<\/p>\n<p>Com quase 500 colaboradores diretos, apenas um setor com 15 deve seguir trabalhando.\u00a0<\/p>\n<p>Al\u00e9m de molduras, a empresa ainda atua na fabrica\u00e7\u00e3o de paletes para o mercado interno e de portas de madeira e kits de portas prontas tanto para o Brasil quanto para o Uruguai e o Paraguai. Considerando toda a produ\u00e7\u00e3o da empresa, o\u00a0percentual de com\u00e9rcio\u00a0com os Estados Unidos gira em torno de 50%.<\/p>\n<h2 class=\"wp-block-heading\" id=\"h-tarifas\">Tarifas<\/h2>\n<p>Os EUA anunciaram que taxar\u00e3o produtos de diversos pa\u00edses, sendo que o Brasil teve o maior \u00edndice anunciado: 50% sobre todas as exporta\u00e7\u00f5es.\u00a0<\/p>\n<p>O secret\u00e1rio de Com\u00e9rcio dos Estados Unidos, Howard Lutnick, afirmou na ter\u00e7a-feira\u00a0que alguns produtos n\u00e3o cultivados no pa\u00eds, como caf\u00e9, manga e abacaxi, poderiam entrar nos Estados Unidos sem tarifa de importa\u00e7\u00e3o, por\u00e9m isen\u00e7\u00e3o depende de acordo entre Brasil e Estados Unidos.<\/p>\n<p><em>Siga o Acorda Cidade no<\/em><a href=\"https:\/\/news.google.com\/search?q=acorda%20cidade&amp;hl=pt-BR&amp;gl=BR&amp;ceid=BR%3Apt-419\"><strong><em> Google Not\u00edcias<\/em><\/strong><\/a><em> e receba os principais destaques do dia. Participe tamb\u00e9m dos nossos canais no <\/em><a href=\"https:\/\/whatsapp.com\/channel\/0029Va6Rb4v3WHTNnsh8WI3N\"><strong><em>WhatsApp<\/em><\/strong><\/a><em> e <\/em><a href=\"https:\/\/www.youtube.com\/@acordacidadenoticias\/videos\"><strong>Youtube<\/strong><\/a><em> e grupo de <\/em><a href=\"https:\/\/t.me\/+sSz0khrgARA0ZmRh\"><strong><em>Telegram<\/em><\/strong><\/a><em>.<\/em><\/p>\n<\/div>\n","protected":false},"excerpt":{"rendered":"<div>\n<div>\n<figure><img decoding=\"async\" src=\"https:\/\/uploads.acordacidade.com.br\/wp-content\/uploads\/2022\/08\/22213958\/dolar_moeda_-foto-valter-campanato-agencia-brasil.jpg\" alt=\"Nota de Dolar\"><figcaption>Foto: Valter Campanato\/Ag\u00eancia Brasil <\/figcaption><\/figure>\n<\/div>\n<p>A empresa que deu f\u00e9rias fabrica molduras de madeira para o mercado externo &#8211; sendo 95% do total para os Estados Unidos.<\/p><\/div>\n","protected":false},"author":1,"featured_media":95155,"comment_status":"closed","ping_status":"closed","sticky":false,"template":"","format":"gallery","meta":{"footnotes":""},"categories":[8,9,6,57,56,10],"tags":[],"class_list":["post-95154","post","type-post","status-publish","format-gallery","has-post-thumbnail","hentry","category-bahia","category-brasil","category-feira-de-santana","category-mundo","category-policia","category-politica","post_format-post-format-gallery"],"featured_image_urls":{"full":["https:\/\/noticiasbahia360.com.br\/wp-content\/uploads\/2025\/07\/dolar_moeda_-foto-valter-campanato-agencia-brasil.jpg",640,383,false],"thumbnail":["https:\/\/noticiasbahia360.com.br\/wp-content\/uploads\/2025\/07\/dolar_moeda_-foto-valter-campanato-agencia-brasil-150x150.jpg",150,150,true],"medium":["https:\/\/noticiasbahia360.com.br\/wp-content\/uploads\/2025\/07\/dolar_moeda_-foto-valter-campanato-agencia-brasil-300x180.jpg",300,180,true],"medium_large":["https:\/\/noticiasbahia360.com.br\/wp-content\/uploads\/2025\/07\/dolar_moeda_-foto-valter-campanato-agencia-brasil.jpg",640,383,false],"large":["https:\/\/noticiasbahia360.com.br\/wp-content\/uploads\/2025\/07\/dolar_moeda_-foto-valter-campanato-agencia-brasil.jpg",640,383,false],"1536x1536":["https:\/\/noticiasbahia360.com.br\/wp-content\/uploads\/2025\/07\/dolar_moeda_-foto-valter-campanato-agencia-brasil.jpg",640,383,false],"2048x2048":["https:\/\/noticiasbahia360.com.br\/wp-content\/uploads\/2025\/07\/dolar_moeda_-foto-valter-campanato-agencia-brasil.jpg",640,383,false],"chromenews-featured":["https:\/\/noticiasbahia360.com.br\/wp-content\/uploads\/2025\/07\/dolar_moeda_-foto-valter-campanato-agencia-brasil.jpg",640,383,false],"chromenews-large":["https:\/\/noticiasbahia360.com.br\/wp-content\/uploads\/2025\/07\/dolar_moeda_-foto-valter-campanato-agencia-brasil.jpg",640,383,false],"chromenews-medium":["https:\/\/noticiasbahia360.com.br\/wp-content\/uploads\/2025\/07\/dolar_moeda_-foto-valter-campanato-agencia-brasil-590x383.jpg",590,383,true]},"author_info":{"display_name":"noticiasbahia360.com.br","author_link":"https:\/\/noticiasbahia360.com.br\/?author=1"},"category_info":"<a href=\"https:\/\/noticiasbahia360.com.br\/?cat=8\" rel=\"category\">Bahia<\/a> <a href=\"https:\/\/noticiasbahia360.com.br\/?cat=9\" rel=\"category\">Brasil<\/a> <a href=\"https:\/\/noticiasbahia360.com.br\/?cat=6\" rel=\"category\">Feira de Santana<\/a> <a href=\"https:\/\/noticiasbahia360.com.br\/?cat=57\" rel=\"category\">Mundo<\/a> <a href=\"https:\/\/noticiasbahia360.com.br\/?cat=56\" rel=\"category\">Pol\u00edcia<\/a> <a href=\"https:\/\/noticiasbahia360.com.br\/?cat=10\" rel=\"category\">Pol\u00edtica<\/a>","tag_info":"Pol\u00edtica","comment_count":"0","_links":{"self":[{"href":"https:\/\/noticiasbahia360.com.br\/index.php?rest_route=\/wp\/v2\/posts\/95154","targetHints":{"allow":["GET"]}}],"collection":[{"href":"https:\/\/noticiasbahia360.com.br\/index.php?rest_route=\/wp\/v2\/posts"}],"about":[{"href":"https:\/\/noticiasbahia360.com.br\/index.php?rest_route=\/wp\/v2\/types\/post"}],"author":[{"embeddable":true,"href":"https:\/\/noticiasbahia360.com.br\/index.php?rest_route=\/wp\/v2\/users\/1"}],"replies":[{"embeddable":true,"href":"https:\/\/noticiasbahia360.com.br\/index.php?rest_route=%2Fwp%2Fv2%2Fcomments&post=95154"}],"version-history":[{"count":0,"href":"https:\/\/noticiasbahia360.com.br\/index.php?rest_route=\/wp\/v2\/posts\/95154\/revisions"}],"wp:featuredmedia":[{"embeddable":true,"href":"https:\/\/noticiasbahia360.com.br\/index.php?rest_route=\/wp\/v2\/media\/95155"}],"wp:attachment":[{"href":"https:\/\/noticiasbahia360.com.br\/index.php?rest_route=%2Fwp%2Fv2%2Fmedia&parent=95154"}],"wp:term":[{"taxonomy":"category","embeddable":true,"href":"https:\/\/noticiasbahia360.com.br\/index.php?rest_route=%2Fwp%2Fv2%2Fcategories&post=95154"},{"taxonomy":"post_tag","embeddable":true,"href":"https:\/\/noticiasbahia360.com.br\/index.php?rest_route=%2Fwp%2Fv2%2Ftags&post=95154"}],"curies":[{"name":"wp","href":"https:\/\/api.w.org\/{rel}","templated":true}]}}