{"id":95156,"date":"2025-07-30T09:30:02","date_gmt":"2025-07-30T12:30:02","guid":{"rendered":"https:\/\/noticiasbahia360.com.br\/?p=95156"},"modified":"2025-07-30T09:30:02","modified_gmt":"2025-07-30T12:30:02","slug":"governador-jeronimo-rodrigues-destaca-reducao-da-violencia-em-feira-de-santana-durante-entrega-de-viaturas-da-pm","status":"publish","type":"post","link":"https:\/\/noticiasbahia360.com.br\/?p=95156","title":{"rendered":"Governador Jer\u00f4nimo Rodrigues destaca redu\u00e7\u00e3o da viol\u00eancia em Feira de Santana durante entrega de viaturas da PM"},"content":{"rendered":"<div>\n<div>\n<figure><img decoding=\"async\" src=\"http:\/\/noticiasbahia360.com.br\/wp-content\/uploads\/2025\/07\/jeronimo-rodrigues-ed-santos-acorda-cidade.jpg\" alt=\"Jer\u00f4nimo Rodrigues\"><figcaption>Foto: Ed Santos\/Acorda Cidade<\/figcaption><\/figure>\n<\/div>\n<p>Durante visita a Feira de Santana na manh\u00e3 desta quarta-feira (30), o governador da Bahia, Jer\u00f4nimo Rodrigues, comentou sobre os \u00edndices de viol\u00eancia no munic\u00edpio, apontado recentemente como um dos mais violentos do estado. A declara\u00e7\u00e3o foi dada durante a entrega de 65 viaturas da <a href=\"https:\/\/www.acordacidade.com.br\/tag\/policia-militar\/\">Pol\u00edcia Militar<\/a> para refor\u00e7ar o policiamento na regi\u00e3o Leste.<\/p>\n<p>De acordo com o governador, os dados que indicam altos \u00edndices de viol\u00eancia s\u00e3o referentes a per\u00edodos anteriores e j\u00e1 apresentam queda significativa nos \u00faltimos meses.<\/p>\n<figure class=\"wp-block-image size-full\"><img fetchpriority=\"high\" decoding=\"async\" width=\"1200\" height=\"675\" src=\"http:\/\/noticiasbahia360.com.br\/wp-content\/uploads\/2025\/07\/entrega-de-viaturas-foto-ed-santos-acorda-cidade-2.jpg\" alt=\"Entrega de Viaturas\" class=\"wp-image-578140\" srcset=\"https:\/\/uploads.acordacidade.com.br\/2025\/07\/entrega-de-viaturas-foto-ed-santos-acorda-cidade-2-648x365.jpg 648w, https:\/\/uploads.acordacidade.com.br\/2025\/07\/entrega-de-viaturas-foto-ed-santos-acorda-cidade-2-150x84.jpg 150w, http:\/\/noticiasbahia360.com.br\/wp-content\/uploads\/2025\/07\/entrega-de-viaturas-foto-ed-santos-acorda-cidade-2.jpg 1200w\" sizes=\"(max-width: 1200px) 100vw, 1200px\"><figcaption class=\"wp-element-caption\">Foto: Ed Santos\/Acorda Cidade<\/figcaption><\/figure>\n<p>\u201cEsses dados s\u00e3o do in\u00edcio de 2024. Comparando com os anos anteriores, como 2022 e 2023, conseguimos mudar esse cen\u00e1rio. S\u00f3 em Feira de Santana, j\u00e1 registramos uma redu\u00e7\u00e3o de cerca de 30% nas mortes violentas em rela\u00e7\u00e3o ao mesmo per\u00edodo do ano passado\u201d, afirmou.<\/p>\n<p>Jer\u00f4nimo destacou ainda os investimentos em seguran\u00e7a p\u00fablica, como a convoca\u00e7\u00e3o e capacita\u00e7\u00e3o de novos agentes. Segundo ele, 4 mil profissionais entre policiais militares, civis, bombeiros e servidores do Departamento de Pol\u00edcia T\u00e9cnica est\u00e3o em forma\u00e7\u00e3o. Dois mil devem ser incorporados \u00e0 for\u00e7a j\u00e1 em janeiro de 2025 e os outros dois mil no segundo semestre do pr\u00f3ximo ano.<\/p>\n<figure class=\"wp-block-image size-full\"><img decoding=\"async\" width=\"1200\" height=\"675\" src=\"http:\/\/noticiasbahia360.com.br\/wp-content\/uploads\/2025\/07\/entrega-de-viaturas-foto-ed-santos-acorda-cidade-1.jpg\" alt=\"Entrega de Viaturas\" class=\"wp-image-578141\" srcset=\"https:\/\/uploads.acordacidade.com.br\/2025\/07\/entrega-de-viaturas-foto-ed-santos-acorda-cidade-1-648x365.jpg 648w, https:\/\/uploads.acordacidade.com.br\/2025\/07\/entrega-de-viaturas-foto-ed-santos-acorda-cidade-1-150x84.jpg 150w, http:\/\/noticiasbahia360.com.br\/wp-content\/uploads\/2025\/07\/entrega-de-viaturas-foto-ed-santos-acorda-cidade-1.jpg 1200w\" sizes=\"(max-width: 1200px) 100vw, 1200px\"><figcaption class=\"wp-element-caption\">Foto: Ed Santos\/Acorda Cidade<\/figcaption><\/figure>\n<p>\u201cEstamos entregando diariamente delegacias, pelot\u00f5es, criando companhias e equipando as for\u00e7as de seguran\u00e7a. O enfrentamento ao crime organizado \u00e9 constante. Nossa estrat\u00e9gia \u00e9 descapitalizar essas organiza\u00e7\u00f5es criminosas para enfraquec\u00ea-las. A Bahia \u00e9 um estado de um povo ordeiro, de paz e amor, e \u00e9 essa imagem que queremos fortalecer\u201d, completou o governador.<\/p>\n<p><em>Siga o Acorda Cidade no<\/em><a href=\"https:\/\/news.google.com\/search?q=acorda%20cidade&amp;hl=pt-BR&amp;gl=BR&amp;ceid=BR%3Apt-419\"><strong><em> Google Not\u00edcias<\/em><\/strong><\/a><em> e receba os principais destaques do dia. Participe tamb\u00e9m dos nossos canais no <\/em><a href=\"https:\/\/whatsapp.com\/channel\/0029Va6Rb4v3WHTNnsh8WI3N\"><strong><em>WhatsApp<\/em><\/strong><\/a><em> e <\/em><a href=\"https:\/\/www.youtube.com\/@acordacidadenoticias\/videos\"><strong>Youtube<\/strong><\/a><em> e grupo de <\/em><a href=\"https:\/\/t.me\/+sSz0khrgARA0ZmRh\"><strong><em>Telegram<\/em><\/strong><\/a><em>.<\/em><\/p>\n<\/div>\n","protected":false},"excerpt":{"rendered":"<div>\n<div>\n<figure><img decoding=\"async\" src=\"https:\/\/uploads.acordacidade.com.br\/2025\/07\/jeronimo-rodrigues-ed-santos-acorda-cidade.jpg\" alt=\"Jer\u00f4nimo Rodrigues\"><figcaption>Foto: Ed Santos\/Acorda Cidade<\/figcaption><\/figure>\n<\/div>\n<p>De acordo com o governador, os dados que indicam altos \u00edndices de viol\u00eancia s\u00e3o referentes a per\u00edodos anteriores.<\/p><\/div>\n","protected":false},"author":1,"featured_media":95157,"comment_status":"closed","ping_status":"closed","sticky":false,"template":"","format":"gallery","meta":{"footnotes":""},"categories":[8,9,6,57,56,10],"tags":[],"class_list":["post-95156","post","type-post","status-publish","format-gallery","has-post-thumbnail","hentry","category-bahia","category-brasil","category-feira-de-santana","category-mundo","category-policia","category-politica","post_format-post-format-gallery"],"featured_image_urls":{"full":["https:\/\/noticiasbahia360.com.br\/wp-content\/uploads\/2025\/07\/jeronimo-rodrigues-ed-santos-acorda-cidade.jpg",1200,675,false],"thumbnail":["https:\/\/noticiasbahia360.com.br\/wp-content\/uploads\/2025\/07\/jeronimo-rodrigues-ed-santos-acorda-cidade-150x150.jpg",150,150,true],"medium":["https:\/\/noticiasbahia360.com.br\/wp-content\/uploads\/2025\/07\/jeronimo-rodrigues-ed-santos-acorda-cidade-300x169.jpg",300,169,true],"medium_large":["https:\/\/noticiasbahia360.com.br\/wp-content\/uploads\/2025\/07\/jeronimo-rodrigues-ed-santos-acorda-cidade-768x432.jpg",640,360,true],"large":["https:\/\/noticiasbahia360.com.br\/wp-content\/uploads\/2025\/07\/jeronimo-rodrigues-ed-santos-acorda-cidade-1024x576.jpg",640,360,true],"1536x1536":["https:\/\/noticiasbahia360.com.br\/wp-content\/uploads\/2025\/07\/jeronimo-rodrigues-ed-santos-acorda-cidade.jpg",1200,675,false],"2048x2048":["https:\/\/noticiasbahia360.com.br\/wp-content\/uploads\/2025\/07\/jeronimo-rodrigues-ed-santos-acorda-cidade.jpg",1200,675,false],"chromenews-featured":["https:\/\/noticiasbahia360.com.br\/wp-content\/uploads\/2025\/07\/jeronimo-rodrigues-ed-santos-acorda-cidade-1024x576.jpg",1024,576,true],"chromenews-large":["https:\/\/noticiasbahia360.com.br\/wp-content\/uploads\/2025\/07\/jeronimo-rodrigues-ed-santos-acorda-cidade-825x575.jpg",825,575,true],"chromenews-medium":["https:\/\/noticiasbahia360.com.br\/wp-content\/uploads\/2025\/07\/jeronimo-rodrigues-ed-santos-acorda-cidade-590x410.jpg",590,410,true]},"author_info":{"display_name":"noticiasbahia360.com.br","author_link":"https:\/\/noticiasbahia360.com.br\/?author=1"},"category_info":"<a href=\"https:\/\/noticiasbahia360.com.br\/?cat=8\" rel=\"category\">Bahia<\/a> <a href=\"https:\/\/noticiasbahia360.com.br\/?cat=9\" rel=\"category\">Brasil<\/a> <a href=\"https:\/\/noticiasbahia360.com.br\/?cat=6\" rel=\"category\">Feira de Santana<\/a> <a href=\"https:\/\/noticiasbahia360.com.br\/?cat=57\" rel=\"category\">Mundo<\/a> <a href=\"https:\/\/noticiasbahia360.com.br\/?cat=56\" rel=\"category\">Pol\u00edcia<\/a> <a href=\"https:\/\/noticiasbahia360.com.br\/?cat=10\" rel=\"category\">Pol\u00edtica<\/a>","tag_info":"Pol\u00edtica","comment_count":"0","_links":{"self":[{"href":"https:\/\/noticiasbahia360.com.br\/index.php?rest_route=\/wp\/v2\/posts\/95156","targetHints":{"allow":["GET"]}}],"collection":[{"href":"https:\/\/noticiasbahia360.com.br\/index.php?rest_route=\/wp\/v2\/posts"}],"about":[{"href":"https:\/\/noticiasbahia360.com.br\/index.php?rest_route=\/wp\/v2\/types\/post"}],"author":[{"embeddable":true,"href":"https:\/\/noticiasbahia360.com.br\/index.php?rest_route=\/wp\/v2\/users\/1"}],"replies":[{"embeddable":true,"href":"https:\/\/noticiasbahia360.com.br\/index.php?rest_route=%2Fwp%2Fv2%2Fcomments&post=95156"}],"version-history":[{"count":0,"href":"https:\/\/noticiasbahia360.com.br\/index.php?rest_route=\/wp\/v2\/posts\/95156\/revisions"}],"wp:featuredmedia":[{"embeddable":true,"href":"https:\/\/noticiasbahia360.com.br\/index.php?rest_route=\/wp\/v2\/media\/95157"}],"wp:attachment":[{"href":"https:\/\/noticiasbahia360.com.br\/index.php?rest_route=%2Fwp%2Fv2%2Fmedia&parent=95156"}],"wp:term":[{"taxonomy":"category","embeddable":true,"href":"https:\/\/noticiasbahia360.com.br\/index.php?rest_route=%2Fwp%2Fv2%2Fcategories&post=95156"},{"taxonomy":"post_tag","embeddable":true,"href":"https:\/\/noticiasbahia360.com.br\/index.php?rest_route=%2Fwp%2Fv2%2Ftags&post=95156"}],"curies":[{"name":"wp","href":"https:\/\/api.w.org\/{rel}","templated":true}]}}