{"id":95160,"date":"2025-07-30T09:30:11","date_gmt":"2025-07-30T12:30:11","guid":{"rendered":"https:\/\/noticiasbahia360.com.br\/?p=95160"},"modified":"2025-07-30T09:30:11","modified_gmt":"2025-07-30T12:30:11","slug":"feira-de-santana-e-outras-cidades-do-interior-recebem-novas-viaturas-700-no-ano","status":"publish","type":"post","link":"https:\/\/noticiasbahia360.com.br\/?p=95160","title":{"rendered":"Feira de Santana e outras cidades do interior recebem novas viaturas; 700 no ano"},"content":{"rendered":"<div>\n<div>\n<figure><img decoding=\"async\" src=\"http:\/\/noticiasbahia360.com.br\/wp-content\/uploads\/2025\/07\/entrega-de-viaturas-foto-ed-santos-acorda-cidade-1-1.jpg\" alt=\"Entrega de Viaturas\"><figcaption>Foto: Ed Santos\/Acorda Cidade<\/figcaption><\/figure>\n<\/div>\n<p>De volta a Feira de Santana, o secret\u00e1rio de Seguran\u00e7a P\u00fablica, Marcelo Werner, participou ao lado do governador Jer\u00f4nimo Rodrigues, na manh\u00e3 desta quarta-feira (30), da entrega de novas viaturas, totalizando 65 ve\u00edculos em menos de dois meses, somando-se \u00e0s 40 entregues anteriormente, e 700 ve\u00edculos para as For\u00e7as Policiais e de Bombeiros no ano.<\/p>\n<p>Tamb\u00e9m participaram da entrega, o comandante-geral da PM, Ant\u00f4nio Carlos Silva Magalh\u00e3es, e o delegado-geral da Pol\u00edcia Civil, Andr\u00e9 Viana. A a\u00e7\u00e3o ocorreu na Avenida Presidente Dutra, no cruzamento da, no centro da cidade. As viaturas entregues nesta quarta ser\u00e3o para a Pol\u00edcia Militar.<\/p>\n<p>Em entrevista ao Acorda Cidade, Marcelo Werner ressaltou que essa a\u00e7\u00e3o faz parte de um esfor\u00e7o maior, que inclui a melhoria da rede f\u00edsica, a chegada de novos policiais e o aumento das opera\u00e7\u00f5es policiais. Como resultado, houve um aumento no n\u00famero de pris\u00f5es, apreens\u00f5es de armas e drogas e destrui\u00e7\u00e3o de laborat\u00f3rios de entorpecentes, al\u00e9m da redu\u00e7\u00e3o de crimes contra a vida e contra o patrim\u00f4nio.<\/p>\n<p>O secret\u00e1rio tamb\u00e9m destacou a redu\u00e7\u00e3o dos \u00edndices de criminalidade em Feira de Santana, com uma queda de quase 30% nas mortes violentas no primeiro semestre.<\/p>\n<figure class=\"wp-block-image size-full\"><img fetchpriority=\"high\" fetchpriority=\"high\" decoding=\"async\" width=\"1200\" height=\"675\" src=\"http:\/\/noticiasbahia360.com.br\/wp-content\/uploads\/2025\/07\/entrega-de-viaturas-foto-ed-santos-acorda-cidade-2-1.jpg\" alt=\"Entrega de Viaturas\" class=\"wp-image-578140\" srcset=\"https:\/\/uploads.acordacidade.com.br\/2025\/07\/entrega-de-viaturas-foto-ed-santos-acorda-cidade-2-648x365.jpg 648w, https:\/\/uploads.acordacidade.com.br\/2025\/07\/entrega-de-viaturas-foto-ed-santos-acorda-cidade-2-150x84.jpg 150w, http:\/\/noticiasbahia360.com.br\/wp-content\/uploads\/2025\/07\/entrega-de-viaturas-foto-ed-santos-acorda-cidade-2-1.jpg 1200w\" sizes=\"(max-width: 1200px) 100vw, 1200px\"><figcaption class=\"wp-element-caption\">Foto: Ed Santos\/Acorda Cidade<\/figcaption><\/figure>\n<p>\u201cEm Feira de Santana n\u00f3s tivemos redu\u00e7\u00e3o na viol\u00eancia, estamos agora no fechamento do primeiro balan\u00e7o. No primeiro semestre, houve uma redu\u00e7\u00e3o de quase 30% nas mortes violentas aqui em Feira de Santana. Ent\u00e3o \u00e9 um trabalho continuado, \u00e9 um trabalho que n\u00e3o vai parar, \u00e9 um trabalho que tem que ser dedicado e a gente confia nas nossas for\u00e7as de seguran\u00e7a. Estamos investindo muito para capacitar e melhorar as for\u00e7as\u201d, informou.<\/p>\n<h2 class=\"wp-block-heading\" id=\"h-distribuicao-das-viaturas\">Distribui\u00e7\u00e3o das viaturas<\/h2>\n<p>De acordo com o Governo do Estado, por meio de sua assessoria de comunica\u00e7\u00e3o, os ve\u00edculos dos tipos caminhonete e SUV beneficiar\u00e3o 36 cidades do interior da Bahia, auxiliando no r\u00e1pido atendimento \u00e0s ocorr\u00eancias. O 4\u00ba Batalh\u00e3o da Pol\u00edcia Militar, as 6\u00aa, 51\u00aa, 56\u00aa, 57\u00aa, 64\u00aa, 65\u00aa, 66\u00aa, 67\u00aa, 95\u00aa, 97\u00aa Companhias Independentes da Pol\u00edcia Militar foram contemplados.<\/p>\n<p>A Companhia Independente de Pol\u00edcia de Guardas (CIPGd) e os Esquadr\u00f5es de Motociclistas Asa Branca e de Pol\u00edcia Montada de Feira de Santana tamb\u00e9m receberam novos carros.<\/p>\n<h2 class=\"wp-block-heading\" id=\"h-cidades-que-receberao-as-viaturas\">Cidades que receber\u00e3o as viaturas:<\/h2>\n<ul class=\"wp-block-list\">\n<li>Acajutiba<\/li>\n<li>\u00c1gua Fria<\/li>\n<li>Alagoinhas<\/li>\n<li>Am\u00e9lia Rodrigues<\/li>\n<li>Anguera<\/li>\n<li>Ant\u00f4nio Cardoso<\/li>\n<li>Apor\u00e1<\/li>\n<li>Ara\u00e7\u00e1s<\/li>\n<li>Aramari<\/li>\n<li>Cardeal da Silva<\/li>\n<li>Catu<\/li>\n<li>Concei\u00e7\u00e3o de Feira<\/li>\n<li>Concei\u00e7\u00e3o do Jacu\u00edpe<\/li>\n<li>Conde<\/li>\n<li>Cora\u00e7\u00e3o de Maria<\/li>\n<li>Cris\u00f3polis<\/li>\n<li>Entre Rios<\/li>\n<li>Esplanada<\/li>\n<li>Feira de Santana<\/li>\n<li>Inhambupe<\/li>\n<li>Ipecaet\u00e1<\/li>\n<li>Irar\u00e1<\/li>\n<li>Itapicuru<\/li>\n<li>Jandaira<\/li>\n<li>Olindina<\/li>\n<li>Ouri\u00e7angas<\/li>\n<li>Pedr\u00e3o<\/li>\n<li>Rio Real<\/li>\n<li>Santa B\u00e1rbara<\/li>\n<li>Santan\u00f3polis<\/li>\n<li>Santo Estev\u00e3o<\/li>\n<li>S\u00e3o Gon\u00e7alo dos Campos<\/li>\n<li>S\u00e1tiro Dias<\/li>\n<li>Tanquinho<\/li>\n<li>Teodoro Sampaio e Terra Nova.<\/li>\n<\/ul>\n<figure class=\"wp-block-image size-full\"><img decoding=\"async\" width=\"1280\" height=\"720\" src=\"http:\/\/noticiasbahia360.com.br\/wp-content\/uploads\/2025\/07\/policiais-militares-em-Feira-de-Santana-foto-ed-santos-acorda-cidade.jpeg\" alt=\"Policiais militares em Feira de Santana\" class=\"wp-image-578144\" srcset=\"https:\/\/uploads.acordacidade.com.br\/2025\/07\/policiais-militares-em-Feira-de-Santana-foto-ed-santos-acorda-cidade-648x365.jpeg 648w, https:\/\/uploads.acordacidade.com.br\/2025\/07\/policiais-militares-em-Feira-de-Santana-foto-ed-santos-acorda-cidade-150x84.jpeg 150w, http:\/\/noticiasbahia360.com.br\/wp-content\/uploads\/2025\/07\/policiais-militares-em-Feira-de-Santana-foto-ed-santos-acorda-cidade.jpeg 1280w\" sizes=\"(max-width: 1280px) 100vw, 1280px\"><figcaption class=\"wp-element-caption\">Foto: Ed Santos\/Acorda Cidade<\/figcaption><\/figure>\n<h2 class=\"wp-block-heading\" id=\"h-implantacao-do-aqui-tem-sac-no-complexo-policial-de-sobradinho\"><strong>Implanta\u00e7\u00e3o do \u201cAqui Tem SAC\u201d no Complexo Policial de Sobradinho<\/strong><\/h2>\n<p>Marcelo Werner anunciou a implanta\u00e7\u00e3o do programa \u201cAqui Tem SAC\u201d no Complexo Policial de Sobradinho, em Feira de Santana. Segundo ele, esta \u00e9 a quinta unidade do programa e a primeira no interior do estado.<\/p>\n<p>Trata-se de um programa em parceria com entre a Saeb (Secretaria de Administra\u00e7\u00e3o do Estado) e o SAC (Servi\u00e7o de Atendimento ao Cidad\u00e3o) que visa expandir a oferta de servi\u00e7os do SAC para diversas unidades, incluindo delegacias de pol\u00edcia. O objetivo principal \u00e9 oferecer ao cidad\u00e3o um atendimento ainda mais humanizado e de excel\u00eancia, a partir da expertise da Rede SAC.<\/p>\n<p>O primeiro \u00f3rg\u00e3o policial de Feira de Santana a receber o programa ser\u00e1 o Complexo Policial Investigador Bandeira, no conjunto Jomafa. O secret\u00e1rio ressaltou que o Complexo Policial foi totalmente reformado e que o programa representa um avan\u00e7o na integra\u00e7\u00e3o de servi\u00e7os.<\/p>\n<p><em>Com informa\u00e7\u00f5es do rep\u00f3rter Ed Santos do Acorda Cidade<\/em><\/p>\n<p><em>Siga o Acorda Cidade no<\/em><a href=\"https:\/\/news.google.com\/search?q=acorda%20cidade&amp;hl=pt-BR&amp;gl=BR&amp;ceid=BR%3Apt-419\"><strong><em>\u00a0Google Not\u00edcias<\/em><\/strong><\/a><em>\u00a0e receba os principais destaques do dia. Participe tamb\u00e9m dos nossos canais no\u00a0<\/em><a href=\"https:\/\/www.whatsapp.com\/channel\/0029Va6Rb4v3WHTNnsh8WI3N\"><strong><em>WhatsApp<\/em><\/strong><\/a><em>\u00a0e\u00a0<\/em><a href=\"https:\/\/www.youtube.com\/@acordacidadenoticias\/videos\"><strong>YouTube<\/strong><\/a><em>\u00a0e grupo de\u00a0<\/em><a href=\"https:\/\/t.me\/+sSz0khrgARA0ZmRh\"><strong><em>Telegram<\/em><\/strong><\/a><em>.<\/em><\/p>\n<\/div>\n","protected":false},"excerpt":{"rendered":"<div>\n<div>\n<figure><img decoding=\"async\" src=\"https:\/\/uploads.acordacidade.com.br\/2025\/07\/entrega-de-viaturas-foto-ed-santos-acorda-cidade-1.jpg\" alt=\"Entrega de Viaturas\"><figcaption>Foto: Ed Santos\/Acorda Cidade<\/figcaption><\/figure>\n<\/div>\n<p>As viaturas foram entregues na manh\u00e3 desta quarta-feira (30), em solenidade realizada na Avenida Presidente Dutra, em Feira de Santana.<\/p><\/div>\n","protected":false},"author":1,"featured_media":95161,"comment_status":"closed","ping_status":"closed","sticky":false,"template":"","format":"gallery","meta":{"footnotes":""},"categories":[8,9,6,57,56,10],"tags":[],"class_list":["post-95160","post","type-post","status-publish","format-gallery","has-post-thumbnail","hentry","category-bahia","category-brasil","category-feira-de-santana","category-mundo","category-policia","category-politica","post_format-post-format-gallery"],"featured_image_urls":{"full":["https:\/\/noticiasbahia360.com.br\/wp-content\/uploads\/2025\/07\/entrega-de-viaturas-foto-ed-santos-acorda-cidade-1-1.jpg",1200,675,false],"thumbnail":["https:\/\/noticiasbahia360.com.br\/wp-content\/uploads\/2025\/07\/entrega-de-viaturas-foto-ed-santos-acorda-cidade-1-1-150x150.jpg",150,150,true],"medium":["https:\/\/noticiasbahia360.com.br\/wp-content\/uploads\/2025\/07\/entrega-de-viaturas-foto-ed-santos-acorda-cidade-1-1-300x169.jpg",300,169,true],"medium_large":["https:\/\/noticiasbahia360.com.br\/wp-content\/uploads\/2025\/07\/entrega-de-viaturas-foto-ed-santos-acorda-cidade-1-1-768x432.jpg",640,360,true],"large":["https:\/\/noticiasbahia360.com.br\/wp-content\/uploads\/2025\/07\/entrega-de-viaturas-foto-ed-santos-acorda-cidade-1-1-1024x576.jpg",640,360,true],"1536x1536":["https:\/\/noticiasbahia360.com.br\/wp-content\/uploads\/2025\/07\/entrega-de-viaturas-foto-ed-santos-acorda-cidade-1-1.jpg",1200,675,false],"2048x2048":["https:\/\/noticiasbahia360.com.br\/wp-content\/uploads\/2025\/07\/entrega-de-viaturas-foto-ed-santos-acorda-cidade-1-1.jpg",1200,675,false],"chromenews-featured":["https:\/\/noticiasbahia360.com.br\/wp-content\/uploads\/2025\/07\/entrega-de-viaturas-foto-ed-santos-acorda-cidade-1-1-1024x576.jpg",1024,576,true],"chromenews-large":["https:\/\/noticiasbahia360.com.br\/wp-content\/uploads\/2025\/07\/entrega-de-viaturas-foto-ed-santos-acorda-cidade-1-1-825x575.jpg",825,575,true],"chromenews-medium":["https:\/\/noticiasbahia360.com.br\/wp-content\/uploads\/2025\/07\/entrega-de-viaturas-foto-ed-santos-acorda-cidade-1-1-590x410.jpg",590,410,true]},"author_info":{"display_name":"noticiasbahia360.com.br","author_link":"https:\/\/noticiasbahia360.com.br\/?author=1"},"category_info":"<a href=\"https:\/\/noticiasbahia360.com.br\/?cat=8\" rel=\"category\">Bahia<\/a> <a href=\"https:\/\/noticiasbahia360.com.br\/?cat=9\" rel=\"category\">Brasil<\/a> <a href=\"https:\/\/noticiasbahia360.com.br\/?cat=6\" rel=\"category\">Feira de Santana<\/a> <a href=\"https:\/\/noticiasbahia360.com.br\/?cat=57\" rel=\"category\">Mundo<\/a> <a href=\"https:\/\/noticiasbahia360.com.br\/?cat=56\" rel=\"category\">Pol\u00edcia<\/a> <a href=\"https:\/\/noticiasbahia360.com.br\/?cat=10\" rel=\"category\">Pol\u00edtica<\/a>","tag_info":"Pol\u00edtica","comment_count":"0","_links":{"self":[{"href":"https:\/\/noticiasbahia360.com.br\/index.php?rest_route=\/wp\/v2\/posts\/95160","targetHints":{"allow":["GET"]}}],"collection":[{"href":"https:\/\/noticiasbahia360.com.br\/index.php?rest_route=\/wp\/v2\/posts"}],"about":[{"href":"https:\/\/noticiasbahia360.com.br\/index.php?rest_route=\/wp\/v2\/types\/post"}],"author":[{"embeddable":true,"href":"https:\/\/noticiasbahia360.com.br\/index.php?rest_route=\/wp\/v2\/users\/1"}],"replies":[{"embeddable":true,"href":"https:\/\/noticiasbahia360.com.br\/index.php?rest_route=%2Fwp%2Fv2%2Fcomments&post=95160"}],"version-history":[{"count":0,"href":"https:\/\/noticiasbahia360.com.br\/index.php?rest_route=\/wp\/v2\/posts\/95160\/revisions"}],"wp:featuredmedia":[{"embeddable":true,"href":"https:\/\/noticiasbahia360.com.br\/index.php?rest_route=\/wp\/v2\/media\/95161"}],"wp:attachment":[{"href":"https:\/\/noticiasbahia360.com.br\/index.php?rest_route=%2Fwp%2Fv2%2Fmedia&parent=95160"}],"wp:term":[{"taxonomy":"category","embeddable":true,"href":"https:\/\/noticiasbahia360.com.br\/index.php?rest_route=%2Fwp%2Fv2%2Fcategories&post=95160"},{"taxonomy":"post_tag","embeddable":true,"href":"https:\/\/noticiasbahia360.com.br\/index.php?rest_route=%2Fwp%2Fv2%2Ftags&post=95160"}],"curies":[{"name":"wp","href":"https:\/\/api.w.org\/{rel}","templated":true}]}}