{"id":95164,"date":"2025-07-30T10:21:49","date_gmt":"2025-07-30T13:21:49","guid":{"rendered":"https:\/\/noticiasbahia360.com.br\/?p=95164"},"modified":"2025-07-30T10:21:49","modified_gmt":"2025-07-30T13:21:49","slug":"governador-diz-que-isencao-sobre-produtos-nao-cultivados-nos-eua-podem-beneficiar-produtores-baianos","status":"publish","type":"post","link":"https:\/\/noticiasbahia360.com.br\/?p=95164","title":{"rendered":"Governador diz que isen\u00e7\u00e3o sobre produtos n\u00e3o cultivados nos EUA podem beneficiar produtores baianos"},"content":{"rendered":"<div>\n<div>\n<figure><img decoding=\"async\" src=\"http:\/\/noticiasbahia360.com.br\/wp-content\/uploads\/2025\/07\/HMOwVAYM-jeronimorodrigues_sergiodisalles.png\" alt=\"Jer\u00f4nimo Rodrigues\"><figcaption>Foto: S\u00e9rgio Di Salles<\/figcaption><\/figure>\n<\/div>\n<div class=\"wp-block-group\">\n<div class=\"wp-block-group__inner-container is-layout-constrained wp-block-group-is-layout-constrained\">\n<p>O governador da Bahia, <a href=\"https:\/\/www.acordacidade.com.br\/tag\/jeronimo-rodrigues\/\">Jer\u00f4nimo Rodrigues (PT)<\/a>, comentou a possibilidade de os Estados Unidos (EUA) isentarem de taxa\u00e7\u00f5es produtos que n\u00e3o s\u00e3o cultivados no pa\u00eds. A medida, anunciada pelo secret\u00e1rio de com\u00e9rcio norte-americano, atinge diretamente frutas como laranja, manga, cacau e caf\u00e9.<\/p>\n<p>Para o petista, que estava em Feira de Santana na manh\u00e3 desta quarta-feira (30) para fazer a entrega de viaturas,<strong> a medida \u00e9 vista como uma possibilidade de o Brasil n\u00e3o ser muito impactado pela tarifa de 50% imposta pelo presidente Donald Trump<\/strong>, que deve entrar em vigor em menos de 40 horas. Jer\u00f4nimo acredita que os produtores baianos podem ser beneficiados com a isen\u00e7\u00e3o.<\/p>\n<p>\u201cClaro que nos alegra, pois somos exportadores de manga e cacau. Eu espero que esses an\u00fancios positivos venham cada vez mais. Ontem conversei com o senador Jaques Wagner, que est\u00e1 l\u00e1 [EUA]. Estamos otimistas, pelo menos para tentar fazer um encontro entre os presidentes dos Estados Unidos e do Brasil, para que a gente possa entrar em consenso. O Lula nunca negou qualquer tipo de agenda com nenhum presidente, muito menos de um pa\u00eds importante como os Estados Unidos\u201d, disse o governador.<\/p>\n<\/div>\n<\/div>\n<div class=\"wp-block-group\">\n<div class=\"wp-block-group__inner-container is-layout-constrained wp-block-group-is-layout-constrained\">\n<h2 class=\"wp-block-heading\" id=\"h-expansao-de-mercado\">Expans\u00e3o de mercado <\/h2>\n<p>Jer\u00f4nimo marcou posi\u00e7\u00e3o ao refor\u00e7ar, assim como todos os bons aliados do Planalto, que <strong>o governo federal est\u00e1 aberto ao di\u00e1logo e apostado na boa e velha diplomacia para reverter a taxa\u00e7\u00e3o norte-americana aos produtos brasileiros<\/strong>. Mas, sabendo que existe a possibilidade de Trump n\u00e3o recuar, o governador afirmou que vem trabalhando em um plano alternativo para escoar os produtos baianos impactados pela tarifa de 50%.<\/p>\n<p>Rodrigues disse que vem realizando diversas reuni\u00f5es com empres\u00e1rios ligados aos setores produtivos impactados, na tentativa de colher demandas e pensar de forma conjunta solu\u00e7\u00f5es de mercado para escoar os produtos que devem ser atingidos pelas tarifas. O governador afirmou que ouviu de um produtor de mangas especiais que, com a taxa de 50% em vigor, ser\u00e1 imposs\u00edvel exportar.<\/p>\n<p>\u201cInclusive o setor atacadista e de supermercados se prontificaram a pegar essas mangas e distribuir nos mercados da Bahia. Mas, segundo o produtor, essa \u00e9 uma manga muito diferente; ela \u00e9 feita para os EUA, foram anos pesquisando e o quilo custa entre R$30 e R$40 porque \u00e9 uma manga para um mercado espec\u00edfico, um nicho muito espec\u00edfico.\u201d<\/p>\n<p>\u201cA chave n\u00e3o vira com a rapidez como na igni\u00e7\u00e3o de um carro, precisa de todo um movimento; esses empres\u00e1rios fazem contratos para o futuro. Eu espero que a gente consiga superar esse momento. Estive em Bras\u00edlia, conversei com o ministro Alckmin, e n\u00f3s conseguimos trazer para a Bahia um escrit\u00f3rio da Apex [ Ag\u00eancia Brasileira de Promo\u00e7\u00e3o de Exporta\u00e7\u00f5es e Investimentos], que \u00e9 uma ag\u00eancia que d\u00e1 apoio aos estados para abrirem novos mercados. N\u00f3s temos que fazer isso, na regra da economia h\u00e1 uma [m\u00e1xima] que diz: n\u00e3o devemos colocar todos os ovos em uma cesta s\u00f3. Ent\u00e3o, n\u00f3s temos que ir em todos os mercados importadores\u201d, concluiu o governador.<\/p>\n<\/div>\n<\/div>\n<div class=\"wp-block-group\">\n<div class=\"wp-block-group__inner-container is-layout-constrained wp-block-group-is-layout-constrained\">\n<p><em>Com informa\u00e7\u00f5es do rep\u00f3rter Ed Santos do Acorda Cidade <\/em><\/p>\n<p><em>Reportagem escrita pelo estagi\u00e1rio de jornalismo Jefferson Ara\u00fajo sob supervis\u00e3o\u00a0<\/em><\/p>\n<p><em>Siga o Acorda Cidade no<\/em><a href=\"https:\/\/news.google.com\/search?q=acorda%20cidade&amp;hl=pt-BR&amp;gl=BR&amp;ceid=BR%3Apt-419\"><strong><em>\u00a0Google Not\u00edcias<\/em><\/strong><\/a><em>\u00a0e receba os principais destaques do dia. Participe tamb\u00e9m dos nossos canais no\u00a0<\/em><a href=\"https:\/\/www.whatsapp.com\/channel\/0029Va6Rb4v3WHTNnsh8WI3N\"><strong><em>WhatsApp<\/em><\/strong><\/a><em>\u00a0e\u00a0<\/em><a href=\"https:\/\/www.youtube.com\/@acordacidadenoticias\/videos\"><strong>Youtube<\/strong><\/a><em>\u00a0e grupo de\u00a0<\/em><a href=\"https:\/\/t.me\/+sSz0khrgARA0ZmRh\"><strong><em>Telegram<\/em><\/strong><\/a><em>.<\/em><\/p>\n<\/div>\n<\/div>\n<\/div>\n","protected":false},"excerpt":{"rendered":"<div>\n<div>\n<figure><img decoding=\"async\" src=\"https:\/\/uploads.acordacidade.com.br\/2025\/02\/HMOwVAYM-jeronimorodrigues_sergiodisalles.png\" alt=\"Jer\u00f4nimo Rodrigues\"><figcaption>Foto: S\u00e9rgio Di Salles<\/figcaption><\/figure>\n<\/div>\n<p>A medida \u00e9 vista como uma possibilidade de o Brasil n\u00e3o ser muito impactado pela tarifa de 50% imposta pelo presidente Donald Trump.<\/p><\/div>\n","protected":false},"author":1,"featured_media":95165,"comment_status":"closed","ping_status":"closed","sticky":false,"template":"","format":"gallery","meta":{"footnotes":""},"categories":[8,9,6,57,56,10],"tags":[],"class_list":["post-95164","post","type-post","status-publish","format-gallery","has-post-thumbnail","hentry","category-bahia","category-brasil","category-feira-de-santana","category-mundo","category-policia","category-politica","post_format-post-format-gallery"],"featured_image_urls":{"full":["https:\/\/noticiasbahia360.com.br\/wp-content\/uploads\/2025\/07\/HMOwVAYM-jeronimorodrigues_sergiodisalles.png",1920,1539,false],"thumbnail":["https:\/\/noticiasbahia360.com.br\/wp-content\/uploads\/2025\/07\/HMOwVAYM-jeronimorodrigues_sergiodisalles-150x150.png",150,150,true],"medium":["https:\/\/noticiasbahia360.com.br\/wp-content\/uploads\/2025\/07\/HMOwVAYM-jeronimorodrigues_sergiodisalles-300x240.png",300,240,true],"medium_large":["https:\/\/noticiasbahia360.com.br\/wp-content\/uploads\/2025\/07\/HMOwVAYM-jeronimorodrigues_sergiodisalles-768x616.png",640,513,true],"large":["https:\/\/noticiasbahia360.com.br\/wp-content\/uploads\/2025\/07\/HMOwVAYM-jeronimorodrigues_sergiodisalles-1024x821.png",640,513,true],"1536x1536":["https:\/\/noticiasbahia360.com.br\/wp-content\/uploads\/2025\/07\/HMOwVAYM-jeronimorodrigues_sergiodisalles-1536x1231.png",1536,1231,true],"2048x2048":["https:\/\/noticiasbahia360.com.br\/wp-content\/uploads\/2025\/07\/HMOwVAYM-jeronimorodrigues_sergiodisalles.png",1920,1539,false],"chromenews-featured":["https:\/\/noticiasbahia360.com.br\/wp-content\/uploads\/2025\/07\/HMOwVAYM-jeronimorodrigues_sergiodisalles-1024x821.png",1024,821,true],"chromenews-large":["https:\/\/noticiasbahia360.com.br\/wp-content\/uploads\/2025\/07\/HMOwVAYM-jeronimorodrigues_sergiodisalles-825x575.png",825,575,true],"chromenews-medium":["https:\/\/noticiasbahia360.com.br\/wp-content\/uploads\/2025\/07\/HMOwVAYM-jeronimorodrigues_sergiodisalles-590x410.png",590,410,true]},"author_info":{"display_name":"noticiasbahia360.com.br","author_link":"https:\/\/noticiasbahia360.com.br\/?author=1"},"category_info":"<a href=\"https:\/\/noticiasbahia360.com.br\/?cat=8\" rel=\"category\">Bahia<\/a> <a href=\"https:\/\/noticiasbahia360.com.br\/?cat=9\" rel=\"category\">Brasil<\/a> <a href=\"https:\/\/noticiasbahia360.com.br\/?cat=6\" rel=\"category\">Feira de Santana<\/a> <a href=\"https:\/\/noticiasbahia360.com.br\/?cat=57\" rel=\"category\">Mundo<\/a> <a href=\"https:\/\/noticiasbahia360.com.br\/?cat=56\" rel=\"category\">Pol\u00edcia<\/a> <a href=\"https:\/\/noticiasbahia360.com.br\/?cat=10\" rel=\"category\">Pol\u00edtica<\/a>","tag_info":"Pol\u00edtica","comment_count":"0","_links":{"self":[{"href":"https:\/\/noticiasbahia360.com.br\/index.php?rest_route=\/wp\/v2\/posts\/95164","targetHints":{"allow":["GET"]}}],"collection":[{"href":"https:\/\/noticiasbahia360.com.br\/index.php?rest_route=\/wp\/v2\/posts"}],"about":[{"href":"https:\/\/noticiasbahia360.com.br\/index.php?rest_route=\/wp\/v2\/types\/post"}],"author":[{"embeddable":true,"href":"https:\/\/noticiasbahia360.com.br\/index.php?rest_route=\/wp\/v2\/users\/1"}],"replies":[{"embeddable":true,"href":"https:\/\/noticiasbahia360.com.br\/index.php?rest_route=%2Fwp%2Fv2%2Fcomments&post=95164"}],"version-history":[{"count":0,"href":"https:\/\/noticiasbahia360.com.br\/index.php?rest_route=\/wp\/v2\/posts\/95164\/revisions"}],"wp:featuredmedia":[{"embeddable":true,"href":"https:\/\/noticiasbahia360.com.br\/index.php?rest_route=\/wp\/v2\/media\/95165"}],"wp:attachment":[{"href":"https:\/\/noticiasbahia360.com.br\/index.php?rest_route=%2Fwp%2Fv2%2Fmedia&parent=95164"}],"wp:term":[{"taxonomy":"category","embeddable":true,"href":"https:\/\/noticiasbahia360.com.br\/index.php?rest_route=%2Fwp%2Fv2%2Fcategories&post=95164"},{"taxonomy":"post_tag","embeddable":true,"href":"https:\/\/noticiasbahia360.com.br\/index.php?rest_route=%2Fwp%2Fv2%2Ftags&post=95164"}],"curies":[{"name":"wp","href":"https:\/\/api.w.org\/{rel}","templated":true}]}}