{"id":95168,"date":"2025-07-30T10:35:03","date_gmt":"2025-07-30T13:35:03","guid":{"rendered":"https:\/\/noticiasbahia360.com.br\/?p=95168"},"modified":"2025-07-30T10:35:03","modified_gmt":"2025-07-30T13:35:03","slug":"primeira-etapa-do-concurso-redacao-nota-1000-e-aplicada-nesta-quarta-feira-30","status":"publish","type":"post","link":"https:\/\/noticiasbahia360.com.br\/?p=95168","title":{"rendered":"Primeira etapa do concurso Reda\u00e7\u00e3o Nota 1000 \u00e9 aplicada nesta quarta-feira (30)"},"content":{"rendered":"<div>\n<div>\n<figure><img decoding=\"async\" src=\"http:\/\/noticiasbahia360.com.br\/wp-content\/uploads\/2025\/07\/redacao-nota-mil-amanda-chung-sec.jpg\" alt=\"Reda\u00e7\u00e3o Nota 1000\"><figcaption>Foto: Amanda Chung\/Sec<\/figcaption><\/figure>\n<\/div>\n<p>Estudantes do \u00faltimo ano do ensino m\u00e9dio da rede estadual participam, nesta quarta-feira (30), da primeira etapa do Concurso Reda\u00e7\u00e3o Nota 1000. A iniciativa da Secretaria da Educa\u00e7\u00e3o do Estado (SEC) ser\u00e1 aplicada em todas as salas de 3\u00aa s\u00e9rie, com o objetivo de estimular a pr\u00e1tica da leitura e escrita e de promover a prepara\u00e7\u00e3o para o Exame Nacional do Ensino M\u00e9dio (Enem).<\/p>\n<p>Nesta primeira avalia\u00e7\u00e3o, o tema apresentado \u00e9 \u201cA mem\u00f3ria como ferramenta de resgate e constru\u00e7\u00e3o de um futuro mais justo: li\u00e7\u00f5es da ditadura militar\u201d, inspirado na obra de Marcelo Rubens Paiva, \u201cAinda estou aqui\u201d.<\/p>\n<p>De acordo com o coordenador do ensino m\u00e9dio da SEC, \u00cdtalo Paim, a avalia\u00e7\u00e3o ser\u00e1 apresentada mensalmente, at\u00e9 novembro, quando ser\u00e3o aplicadas as provas do Enem. Em cada m\u00eas, um tema diferente ser\u00e1 proposto aos concluintes do ensino m\u00e9dio como forma de refor\u00e7ar o aprendizado. Ele explica que todas as reda\u00e7\u00f5es passar\u00e3o por corre\u00e7\u00e3o, possibilitando ao estudante identificar os pontos fortes e aqueles que precisam de mais aten\u00e7\u00e3o do candidato.<\/p>\n<p>Cada texto deve conter de 20 a 30 linhas e obedecer ao g\u00eanero dissertativo-argumentativo. As corre\u00e7\u00f5es das reda\u00e7\u00f5es ser\u00e3o liberadas ao final de cada etapa, com crit\u00e9rios unificados e adapta\u00e7\u00f5es para as modalidades espec\u00edficas.<\/p>\n<h2 class=\"wp-block-heading\" id=\"h-premiacao\"><strong>Premia\u00e7\u00e3o<\/strong><\/h2>\n<p>O Concurso Reda\u00e7\u00e3o Nota 1000 vai selecionar \u00a0os tr\u00eas melhores textos de cada ciclo de acordo com a pontua\u00e7\u00e3o obtida, avaliados pela Comiss\u00e3o de Avalia\u00e7\u00e3o da Secretaria da Educa\u00e7\u00e3o, considerando cada tema do edital.<\/p>\n<p>Cada estudante poder\u00e1 ser premiado apenas em um ciclo e, caso seja vencedor em mais de um, ser\u00e1 considerada a maior nota obtida. A premia\u00e7\u00e3o ocorrer\u00e1 durante o Encontro Estudantil da Rede Estadual e o resultado final estar\u00e1 dispon\u00edvel no site oficial da SEC (<a href=\"https:\/\/www.educacao.ba.gov.br\/\">www.educacao.ba.gov.br<\/a>). Os autores das 15 reda\u00e7\u00f5es premiadas ser\u00e3o agraciados com um notebook e um certificado de premia\u00e7\u00e3o e reconhecimento.<\/p>\n<p><em>Siga o Acorda Cidade no<\/em><a href=\"https:\/\/news.google.com\/search?q=acorda%20cidade&amp;hl=pt-BR&amp;gl=BR&amp;ceid=BR%3Apt-419\"><strong><em> Google Not\u00edcias<\/em><\/strong><\/a><em> e receba os principais destaques do dia. Participe tamb\u00e9m dos nossos canais no <\/em><a href=\"https:\/\/whatsapp.com\/channel\/0029Va6Rb4v3WHTNnsh8WI3N\"><strong><em>WhatsApp<\/em><\/strong><\/a><em> e <\/em><a href=\"https:\/\/www.youtube.com\/@acordacidadenoticias\/videos\"><strong>Youtube<\/strong><\/a><em> e grupo de <\/em><a href=\"https:\/\/t.me\/+sSz0khrgARA0ZmRh\"><strong><em>Telegram<\/em><\/strong><\/a><em>.<\/em><\/p>\n<\/div>\n","protected":false},"excerpt":{"rendered":"<div>\n<div>\n<figure><img decoding=\"async\" src=\"https:\/\/uploads.acordacidade.com.br\/2025\/07\/redacao-nota-mil-amanda-chung-sec.jpg\" alt=\"Reda\u00e7\u00e3o Nota 1000\"><figcaption>Foto: Amanda Chung\/Sec<\/figcaption><\/figure>\n<\/div>\n<p>Concurso de reda\u00e7\u00e3o vai selecionar os tr\u00eas melhores textos de cada ciclo de acordo com a pontua\u00e7\u00e3o obtida.<\/p><\/div>\n","protected":false},"author":1,"featured_media":95169,"comment_status":"closed","ping_status":"closed","sticky":false,"template":"","format":"gallery","meta":{"footnotes":""},"categories":[8,9,6,57,56,10],"tags":[],"class_list":["post-95168","post","type-post","status-publish","format-gallery","has-post-thumbnail","hentry","category-bahia","category-brasil","category-feira-de-santana","category-mundo","category-policia","category-politica","post_format-post-format-gallery"],"featured_image_urls":{"full":["https:\/\/noticiasbahia360.com.br\/wp-content\/uploads\/2025\/07\/redacao-nota-mil-amanda-chung-sec.jpg",1200,675,false],"thumbnail":["https:\/\/noticiasbahia360.com.br\/wp-content\/uploads\/2025\/07\/redacao-nota-mil-amanda-chung-sec-150x150.jpg",150,150,true],"medium":["https:\/\/noticiasbahia360.com.br\/wp-content\/uploads\/2025\/07\/redacao-nota-mil-amanda-chung-sec-300x169.jpg",300,169,true],"medium_large":["https:\/\/noticiasbahia360.com.br\/wp-content\/uploads\/2025\/07\/redacao-nota-mil-amanda-chung-sec-768x432.jpg",640,360,true],"large":["https:\/\/noticiasbahia360.com.br\/wp-content\/uploads\/2025\/07\/redacao-nota-mil-amanda-chung-sec-1024x576.jpg",640,360,true],"1536x1536":["https:\/\/noticiasbahia360.com.br\/wp-content\/uploads\/2025\/07\/redacao-nota-mil-amanda-chung-sec.jpg",1200,675,false],"2048x2048":["https:\/\/noticiasbahia360.com.br\/wp-content\/uploads\/2025\/07\/redacao-nota-mil-amanda-chung-sec.jpg",1200,675,false],"chromenews-featured":["https:\/\/noticiasbahia360.com.br\/wp-content\/uploads\/2025\/07\/redacao-nota-mil-amanda-chung-sec-1024x576.jpg",1024,576,true],"chromenews-large":["https:\/\/noticiasbahia360.com.br\/wp-content\/uploads\/2025\/07\/redacao-nota-mil-amanda-chung-sec-825x575.jpg",825,575,true],"chromenews-medium":["https:\/\/noticiasbahia360.com.br\/wp-content\/uploads\/2025\/07\/redacao-nota-mil-amanda-chung-sec-590x410.jpg",590,410,true]},"author_info":{"display_name":"noticiasbahia360.com.br","author_link":"https:\/\/noticiasbahia360.com.br\/?author=1"},"category_info":"<a href=\"https:\/\/noticiasbahia360.com.br\/?cat=8\" rel=\"category\">Bahia<\/a> <a href=\"https:\/\/noticiasbahia360.com.br\/?cat=9\" rel=\"category\">Brasil<\/a> <a href=\"https:\/\/noticiasbahia360.com.br\/?cat=6\" rel=\"category\">Feira de Santana<\/a> <a href=\"https:\/\/noticiasbahia360.com.br\/?cat=57\" rel=\"category\">Mundo<\/a> <a href=\"https:\/\/noticiasbahia360.com.br\/?cat=56\" rel=\"category\">Pol\u00edcia<\/a> <a href=\"https:\/\/noticiasbahia360.com.br\/?cat=10\" rel=\"category\">Pol\u00edtica<\/a>","tag_info":"Pol\u00edtica","comment_count":"0","_links":{"self":[{"href":"https:\/\/noticiasbahia360.com.br\/index.php?rest_route=\/wp\/v2\/posts\/95168","targetHints":{"allow":["GET"]}}],"collection":[{"href":"https:\/\/noticiasbahia360.com.br\/index.php?rest_route=\/wp\/v2\/posts"}],"about":[{"href":"https:\/\/noticiasbahia360.com.br\/index.php?rest_route=\/wp\/v2\/types\/post"}],"author":[{"embeddable":true,"href":"https:\/\/noticiasbahia360.com.br\/index.php?rest_route=\/wp\/v2\/users\/1"}],"replies":[{"embeddable":true,"href":"https:\/\/noticiasbahia360.com.br\/index.php?rest_route=%2Fwp%2Fv2%2Fcomments&post=95168"}],"version-history":[{"count":0,"href":"https:\/\/noticiasbahia360.com.br\/index.php?rest_route=\/wp\/v2\/posts\/95168\/revisions"}],"wp:featuredmedia":[{"embeddable":true,"href":"https:\/\/noticiasbahia360.com.br\/index.php?rest_route=\/wp\/v2\/media\/95169"}],"wp:attachment":[{"href":"https:\/\/noticiasbahia360.com.br\/index.php?rest_route=%2Fwp%2Fv2%2Fmedia&parent=95168"}],"wp:term":[{"taxonomy":"category","embeddable":true,"href":"https:\/\/noticiasbahia360.com.br\/index.php?rest_route=%2Fwp%2Fv2%2Fcategories&post=95168"},{"taxonomy":"post_tag","embeddable":true,"href":"https:\/\/noticiasbahia360.com.br\/index.php?rest_route=%2Fwp%2Fv2%2Ftags&post=95168"}],"curies":[{"name":"wp","href":"https:\/\/api.w.org\/{rel}","templated":true}]}}