{"id":95170,"date":"2025-07-30T10:42:23","date_gmt":"2025-07-30T13:42:23","guid":{"rendered":"https:\/\/noticiasbahia360.com.br\/?p=95170"},"modified":"2025-07-30T10:42:23","modified_gmt":"2025-07-30T13:42:23","slug":"exoneracoes-na-seap-sao-para-qualificar-acao-prisional-diz-governador-em-feira-de-santana","status":"publish","type":"post","link":"https:\/\/noticiasbahia360.com.br\/?p=95170","title":{"rendered":"Exonera\u00e7\u00f5es na Seap s\u00e3o para qualificar a\u00e7\u00e3o prisional, diz governador em Feira de Santana\u00a0"},"content":{"rendered":"<div>\n<div>\n<figure><img decoding=\"async\" src=\"http:\/\/noticiasbahia360.com.br\/wp-content\/uploads\/2025\/07\/prisao-presidio-presos-_penitenciaria-foto-jaqueline-noceti-secom.jpg\" alt=\"Penitenci\u00e1ria Industrial de Blumenau, que faz parte do Complexo Penitenci\u00e1rio do M\u00e9dio Vale do Itaja\u00ed - Blumenau- 27\/01\/2016\"><figcaption>Foto: Jaqueline Noceti\/Secom<\/figcaption><\/figure>\n<\/div>\n<p>Durante a visita do governador Jer\u00f4nimo Rodrigues \u00e0 Feira de Santana, ele considerou normal a exonera\u00e7\u00e3o de agentes da Secretaria de Administra\u00e7\u00e3o Penitenci\u00e1ria e Ressocializa\u00e7\u00e3o (Seap) do estado. As mudan\u00e7as \u2014 divulgadas no Di\u00e1rio Oficial de s\u00e1bado (26) \u2014 ocorrem ap\u00f3s tr\u00eas grandes fugas de presos dos pres\u00eddios da Bahia nos \u00faltimos sete meses. Ao todo, seis pessoas foram exoneradas.\u00a0\u00a0<\/p>\n<p>\u201cTodo dia tem mudan\u00e7a de um coronel, de um comandante, de um lugar. \u00c9 natural. E assim tamb\u00e9m foi feito para o prisional, as pessoas que atuam dentro dos pres\u00eddios, as pessoas v\u00e3o fazer um rod\u00edzio, tamb\u00e9m aconteceram para a gente poder qualificar ainda mais a a\u00e7\u00e3o prisional\u201d, declarou Jer\u00f4nimo.\u00a0<\/p>\n<p>Na manh\u00e3 desta quarta-feira (30), <a href=\"https:\/\/www.acordacidade.com.br\/policia\/feira-de-santana-e-outras-cidades-do-interior-recebem-novas-viaturas-700-no-ano\/\" target=\"_blank\" rel=\"noreferrer noopener\">o governador esteve na cidade para realizar a entrega de mais 65 viaturas para Feira e outras cidades do interior, totalizando 700 ao ano.\u00a0<\/a><\/p>\n<p>Segundo o governador, h\u00e1 duas semanas ele se reuniu com representantes da Seguran\u00e7a P\u00fablica e dos Direitos Humanos. Em breve, o secret\u00e1rio Marcelo Werner deve apresentar um projeto \u201cmais contundente\u201d para frear a criminalidade dentro dos pres\u00eddios. Para o gestor, esse processo deve ser realizado com o encal\u00e7o da ressocializa\u00e7\u00e3o dos presos.\u00a0\u00a0<\/p>\n<figure class=\"wp-block-image size-full\"><img fetchpriority=\"high\" fetchpriority=\"high\" decoding=\"async\" width=\"1200\" height=\"675\" src=\"http:\/\/noticiasbahia360.com.br\/wp-content\/uploads\/2025\/07\/jeronimo-rodrigues-ed-santos-acorda-cidade-1.jpg\" alt=\"Jer\u00f4nimo Rodrigues\" class=\"wp-image-578138\" srcset=\"https:\/\/uploads.acordacidade.com.br\/2025\/07\/jeronimo-rodrigues-ed-santos-acorda-cidade-648x365.jpg 648w, https:\/\/uploads.acordacidade.com.br\/2025\/07\/jeronimo-rodrigues-ed-santos-acorda-cidade-150x84.jpg 150w, http:\/\/noticiasbahia360.com.br\/wp-content\/uploads\/2025\/07\/jeronimo-rodrigues-ed-santos-acorda-cidade-1.jpg 1200w\" sizes=\"(max-width: 1200px) 100vw, 1200px\"><figcaption class=\"wp-element-caption\">Foto: Ed Santos\/Acorda Cidade<\/figcaption><\/figure>\n<p>\u201cO papel do governo do estado n\u00e3o \u00e9 julgar. Isso \u00e9 com o judici\u00e1rio. Temos que devolver aquela pessoa que passa por pena, uma pessoa melhor e a gente n\u00e3o pode imaginar que a pessoa v\u00e1 para o pres\u00eddio, v\u00e1 aprender a ser um criminoso profissional. Ent\u00e3o, a ressocializa\u00e7\u00e3o \u00e9 forte nisso.\u201d<\/p>\n<p>Mesmo com a criminalidade dentro dos pres\u00eddios baianos, inclusive, <a href=\"https:\/\/www.acordacidade.com.br\/policia\/crimes-praticados-no-conjunto-penal-de-feira-de-santana-durante-investigacao-de-fuga-serao-investigados\/\" target=\"_blank\" rel=\"noreferrer noopener\">a Pol\u00edcia Civil segue investigando crimes dentro do Conjunto Penal de Feira de Santana<\/a> ap\u00f3s a fuga de tr\u00eas detentos, o governador afirmou que o estado est\u00e1 entre um dos mais qualificados quando se fala em sistema prisional.<\/p>\n<p>\u201cPegue o ranking da a\u00e7\u00e3o prisional no Brasil e a Bahia \u00e9 destaque pelo quantitativo de pessoas ali apenadas, presas. E n\u00f3s temos um sistema prisional qualificado comparativamente com os outros estados. Mas a gente quer mais.\u201d<\/p>\n<p>Jer\u00f4nimo ainda refor\u00e7ou que essa a\u00e7\u00e3o de mais investimento deve ser com ressocializa\u00e7\u00e3o dos presos, mas tamb\u00e9m com infraestrutura nas pris\u00f5es.\u00a0<\/p>\n<p><strong>\u201cSe for preciso construir mais um pres\u00eddio, ele vai me apresentar essa proposta.<\/strong> Al\u00e9m de ver o quantitativo de policiais prisionais que a gente sabe que precisa estar com a quantidade maior. Ent\u00e3o, eu espero que a gente possa, at\u00e9 meados do m\u00eas de agosto, apresentar um plano de fortalecimento das a\u00e7\u00f5es prisionais na Bahia.\u201d<\/p>\n<p><em>Com informa\u00e7\u00f5es do rep\u00f3rter Ed Santos do Acorda Cidade <\/em><\/p>\n<p><strong>Leia tamb\u00e9m: <\/strong><\/p>\n<p><a href=\"https:\/\/www.acordacidade.com.br\/policia\/feira-de-santana-e-outras-cidades-do-interior-recebem-novas-viaturas-700-no-ano\/\" target=\"_blank\" rel=\"noreferrer noopener\">Feira de Santana e outras cidades do interior recebem novas viaturas; 700 no ano<\/a><\/p>\n<p><a href=\"https:\/\/www.acordacidade.com.br\/policia\/governador-jeronimo-rodrigues-destaca-reducao-da-violencia-em-feira-de-santana-durante-entrega-de-viaturas-da-pm\/\" target=\"_blank\" rel=\"noreferrer noopener\">Governador Jer\u00f4nimo Rodrigues destaca redu\u00e7\u00e3o da viol\u00eancia em Feira de Santana durante entrega de viaturas da PM<\/a><\/p>\n<p><a href=\"https:\/\/www.acordacidade.com.br\/policia\/crimes-praticados-no-conjunto-penal-de-feira-de-santana-durante-investigacao-de-fuga-serao-investigados\/\" target=\"_blank\" rel=\"noreferrer noopener\">Crimes identificados no Conjunto Penal de Feira de Santana durante investiga\u00e7\u00e3o de fuga ser\u00e3o investigados<\/a><\/p>\n<p><a href=\"https:\/\/www.acordacidade.com.br\/policia\/policia-investiga-se-houve-facilitacao-na-fuga-de-detentos-do-conjunto-penal-de-feira-de-santana\/\">Pol\u00edcia investiga se houve facilita\u00e7\u00e3o na fuga de detentos do Conjunto Penal de Feira de Santana<\/a><\/p>\n<p><a href=\"https:\/\/www.acordacidade.com.br\/policia\/uso-de-cordas-pode-ter-facilitado-fuga-no-conjunto-penal-de-feira-de-santana-afirmam-detentos-a-delegada\/\">Uso de cordas pode ter facilitado fuga no Conjunto Penal de Feira de Santana, afirmam detentos a delegada<\/a><\/p>\n<p><a href=\"https:\/\/www.acordacidade.com.br\/policia\/4-detentos-fogem-do-conjunto-penal-de-feira-de-santana-tres-ja-foram-recapturados\/\">3 detentos fogem do Conjunto Penal de Feira de Santana e s\u00e3o recapturados<\/a><\/p>\n<p><em>Siga o Acorda Cidade no<\/em><a href=\"https:\/\/news.google.com\/search?q=acorda%20cidade&amp;hl=pt-BR&amp;gl=BR&amp;ceid=BR%3Apt-419\"><strong><em>\u00a0Google Not\u00edcias<\/em><\/strong><\/a><em>\u00a0e receba os principais destaques do dia. Participe tamb\u00e9m dos nossos canais no\u00a0<\/em><a href=\"https:\/\/www.whatsapp.com\/channel\/0029Va6Rb4v3WHTNnsh8WI3N\"><strong><em>WhatsApp<\/em><\/strong><\/a><em>\u00a0e\u00a0<\/em><a href=\"https:\/\/www.youtube.com\/@acordacidadenoticias\/videos\"><strong>Youtube<\/strong><\/a><em>\u00a0e grupo de\u00a0<\/em><a href=\"https:\/\/t.me\/+sSz0khrgARA0ZmRh\"><strong><em>Telegram<\/em><\/strong><\/a><em>.<\/em><\/p>\n<\/p>\n<\/div>\n","protected":false},"excerpt":{"rendered":"<div>\n<div>\n<figure><img decoding=\"async\" src=\"https:\/\/uploads.acordacidade.com.br\/wp-content\/uploads\/2023\/01\/18221420\/prisao-presidio-presos-_penitenciaria-foto-jaqueline-noceti-secom.jpg\" alt=\"Penitenci\u00e1ria Industrial de Blumenau, que faz parte do Complexo Penitenci\u00e1rio do M\u00e9dio Vale do Itaja\u00ed - Blumenau- 27\/01\/2016\"><figcaption>Foto: Jaqueline Noceti\/Secom<\/figcaption><\/figure>\n<\/div>\n<p>O governador esteve na cidade para realizar a entrega de mais 65 viaturas para Feira e outras cidades do interior, totalizando 700 ao ano.\u00a0<\/p><\/div>\n","protected":false},"author":1,"featured_media":95171,"comment_status":"closed","ping_status":"closed","sticky":false,"template":"","format":"gallery","meta":{"footnotes":""},"categories":[8,9,6,57,56,10],"tags":[],"class_list":["post-95170","post","type-post","status-publish","format-gallery","has-post-thumbnail","hentry","category-bahia","category-brasil","category-feira-de-santana","category-mundo","category-policia","category-politica","post_format-post-format-gallery"],"featured_image_urls":{"full":["https:\/\/noticiasbahia360.com.br\/wp-content\/uploads\/2025\/07\/prisao-presidio-presos-_penitenciaria-foto-jaqueline-noceti-secom.jpg",640,383,false],"thumbnail":["https:\/\/noticiasbahia360.com.br\/wp-content\/uploads\/2025\/07\/prisao-presidio-presos-_penitenciaria-foto-jaqueline-noceti-secom-150x150.jpg",150,150,true],"medium":["https:\/\/noticiasbahia360.com.br\/wp-content\/uploads\/2025\/07\/prisao-presidio-presos-_penitenciaria-foto-jaqueline-noceti-secom-300x180.jpg",300,180,true],"medium_large":["https:\/\/noticiasbahia360.com.br\/wp-content\/uploads\/2025\/07\/prisao-presidio-presos-_penitenciaria-foto-jaqueline-noceti-secom.jpg",640,383,false],"large":["https:\/\/noticiasbahia360.com.br\/wp-content\/uploads\/2025\/07\/prisao-presidio-presos-_penitenciaria-foto-jaqueline-noceti-secom.jpg",640,383,false],"1536x1536":["https:\/\/noticiasbahia360.com.br\/wp-content\/uploads\/2025\/07\/prisao-presidio-presos-_penitenciaria-foto-jaqueline-noceti-secom.jpg",640,383,false],"2048x2048":["https:\/\/noticiasbahia360.com.br\/wp-content\/uploads\/2025\/07\/prisao-presidio-presos-_penitenciaria-foto-jaqueline-noceti-secom.jpg",640,383,false],"chromenews-featured":["https:\/\/noticiasbahia360.com.br\/wp-content\/uploads\/2025\/07\/prisao-presidio-presos-_penitenciaria-foto-jaqueline-noceti-secom.jpg",640,383,false],"chromenews-large":["https:\/\/noticiasbahia360.com.br\/wp-content\/uploads\/2025\/07\/prisao-presidio-presos-_penitenciaria-foto-jaqueline-noceti-secom.jpg",640,383,false],"chromenews-medium":["https:\/\/noticiasbahia360.com.br\/wp-content\/uploads\/2025\/07\/prisao-presidio-presos-_penitenciaria-foto-jaqueline-noceti-secom-590x383.jpg",590,383,true]},"author_info":{"display_name":"noticiasbahia360.com.br","author_link":"https:\/\/noticiasbahia360.com.br\/?author=1"},"category_info":"<a href=\"https:\/\/noticiasbahia360.com.br\/?cat=8\" rel=\"category\">Bahia<\/a> <a href=\"https:\/\/noticiasbahia360.com.br\/?cat=9\" rel=\"category\">Brasil<\/a> <a href=\"https:\/\/noticiasbahia360.com.br\/?cat=6\" rel=\"category\">Feira de Santana<\/a> <a href=\"https:\/\/noticiasbahia360.com.br\/?cat=57\" rel=\"category\">Mundo<\/a> <a href=\"https:\/\/noticiasbahia360.com.br\/?cat=56\" rel=\"category\">Pol\u00edcia<\/a> <a href=\"https:\/\/noticiasbahia360.com.br\/?cat=10\" rel=\"category\">Pol\u00edtica<\/a>","tag_info":"Pol\u00edtica","comment_count":"0","_links":{"self":[{"href":"https:\/\/noticiasbahia360.com.br\/index.php?rest_route=\/wp\/v2\/posts\/95170","targetHints":{"allow":["GET"]}}],"collection":[{"href":"https:\/\/noticiasbahia360.com.br\/index.php?rest_route=\/wp\/v2\/posts"}],"about":[{"href":"https:\/\/noticiasbahia360.com.br\/index.php?rest_route=\/wp\/v2\/types\/post"}],"author":[{"embeddable":true,"href":"https:\/\/noticiasbahia360.com.br\/index.php?rest_route=\/wp\/v2\/users\/1"}],"replies":[{"embeddable":true,"href":"https:\/\/noticiasbahia360.com.br\/index.php?rest_route=%2Fwp%2Fv2%2Fcomments&post=95170"}],"version-history":[{"count":0,"href":"https:\/\/noticiasbahia360.com.br\/index.php?rest_route=\/wp\/v2\/posts\/95170\/revisions"}],"wp:featuredmedia":[{"embeddable":true,"href":"https:\/\/noticiasbahia360.com.br\/index.php?rest_route=\/wp\/v2\/media\/95171"}],"wp:attachment":[{"href":"https:\/\/noticiasbahia360.com.br\/index.php?rest_route=%2Fwp%2Fv2%2Fmedia&parent=95170"}],"wp:term":[{"taxonomy":"category","embeddable":true,"href":"https:\/\/noticiasbahia360.com.br\/index.php?rest_route=%2Fwp%2Fv2%2Fcategories&post=95170"},{"taxonomy":"post_tag","embeddable":true,"href":"https:\/\/noticiasbahia360.com.br\/index.php?rest_route=%2Fwp%2Fv2%2Ftags&post=95170"}],"curies":[{"name":"wp","href":"https:\/\/api.w.org\/{rel}","templated":true}]}}