{"id":95173,"date":"2025-07-30T11:02:48","date_gmt":"2025-07-30T14:02:48","guid":{"rendered":"https:\/\/noticiasbahia360.com.br\/?p=95173"},"modified":"2025-07-30T11:02:48","modified_gmt":"2025-07-30T14:02:48","slug":"museu-casa-do-sertao-promove-lancamento-do-documentario-batuques-da-fera-em-parceria-com-a-flifs","status":"publish","type":"post","link":"https:\/\/noticiasbahia360.com.br\/?p=95173","title":{"rendered":"Museu Casa do Sert\u00e3o promove lan\u00e7amento do document\u00e1rio \u201cBatuques da F\u00eara\u201d em parceria com a Flifs"},"content":{"rendered":"<div>\n<div>\n<figure><img decoding=\"async\" src=\"http:\/\/noticiasbahia360.com.br\/wp-content\/uploads\/2025\/07\/Batques-da-Fera-.webp\" alt=\"Museu Casa do Sert\u00e3o promove lan\u00e7amento do document\u00e1rio \" batuques da f em parceria com a flifs><figcaption>Foto: Arivaldo Publio<\/figcaption><\/figure>\n<\/div>\n<p>\u201cBatuques da F\u00eara\u201d \u00e9 conduzido pelo saudoso mestre Bel da Bonita, fundador do grupo<br \/>Africania. Em seu trajeto, Bel visita quatro mestres do Samba Rural de Feira de Santana: Cl\u00e1udio Costa (Angoleiros do Sert\u00e3o); Chica do Pandeiro e Guda Quixabeira (Quixabeira da Matinha) e; Luizinho dos 8 Baixos (Samba da Pra\u00e7a do Tropeiro). Entre prosas e batuques o filme revela uma cidade diversa e peculiar, no que se refere \u00e0 cultura do samba de roda.<\/p>\n<p>Com 23 minutos de dura\u00e7\u00e3o, o filme ser\u00e1 lan\u00e7ado no dia 5 de agosto (ter\u00e7a-feira), a partir das 18:30, no Museu Casa do Sert\u00e3o (Uefs). O evento gratuito far\u00e1 parte da programa\u00e7\u00e3o pr\u00e9via e itinerante do Festival Liter\u00e1rio e Cultural de Feira de Santana (Flifs) e contar\u00e1 com um pocket show de Daniel da Quixabeira e Ramiro Barbosa.<\/p>\n<p>Segundo os diretores Uyat\u00e3 Rayra e Pedro Patroc\u00ednio, a inten\u00e7\u00e3o do filme \u00e9 difundir a cidade enquanto refer\u00eancia cultural: \u201c\u00c9 preciso confrontar a ideia de que Feira n\u00e3o tem nada e fortalecer o nosso sentimento de pertencimento\u201d.<\/p>\n<figure class=\"wp-block-image size-large\"><img fetchpriority=\"high\" fetchpriority=\"high\" decoding=\"async\" width=\"1173\" height=\"768\" src=\"http:\/\/noticiasbahia360.com.br\/wp-content\/uploads\/2025\/07\/Batuques-da-Fera-1173x768-1.webp\" alt='Museu Casa do Sert\u00e3o promove lan\u00e7amento do document\u00e1rio \"Batuques da F\u00eara\" em parceria com a Flifs' class=\"wp-image-578189\" srcset=\"https:\/\/uploads.acordacidade.com.br\/2025\/07\/Batuques-da-Fera-557x365.webp 557w, http:\/\/noticiasbahia360.com.br\/wp-content\/uploads\/2025\/07\/Batuques-da-Fera-1173x768-1.webp 1173w, https:\/\/uploads.acordacidade.com.br\/2025\/07\/Batuques-da-Fera-844x553.webp 844w, https:\/\/uploads.acordacidade.com.br\/2025\/07\/Batuques-da-Fera-150x98.webp 150w, https:\/\/uploads.acordacidade.com.br\/2025\/07\/Batuques-da-Fera.webp 1200w\" sizes=\"(max-width: 1173px) 100vw, 1173px\"><figcaption class=\"wp-element-caption\">Foto: Arivaldo Publio<\/figcaption><\/figure>\n<h2 class=\"wp-block-heading\" id=\"h-flifs-2025\">Flifs 2025 <\/h2>\n<p>A Flifs acontecer\u00e1 entre os dias 23 a 28 de setembro, na Pra\u00e7a Padre Ov\u00eddio. \u00c9 uma realiza\u00e7\u00e3o da Uefs e Sesc, em parceria com a Arquidiocese, Prefeitura Municipal de Feira de Santana, Secretarias de Cultura e de Educa\u00e7\u00e3o\/NTE-19, Casa Amarela \u2013 Assessoria e Produ\u00e7\u00e3o, UFRB e Ifba (Campus Feira de Santana).<\/p>\n<h2 class=\"wp-block-heading\" id=\"h-programa-bahia-literaria\">Programa Bahia Liter\u00e1ria<\/h2>\n<p>Em 2025, o Festival foi contemplado no Edital de Apoio \u00e0s Festas, Feiras e Festivais Liter\u00e1rios (n\u00ba 01\/2024), por meio do Programa Bahia Liter\u00e1ria, com apoio do Governo do Estado da Bahia, atrav\u00e9s das Secretarias de Cultura e de Educa\u00e7\u00e3o, por meio da Funda\u00e7\u00e3o Pedro Calmon.<\/p>\n<p>A iniciativa est\u00e1 inserida na modalidade de fomento \u00e0 execu\u00e7\u00e3o de a\u00e7\u00f5es culturais e se alinha \u00e0s diretrizes do Decreto Federal n\u00ba 11.453\/2023, da Pol\u00edtica Estadual de Cultura (Lei n\u00ba 12.365\/2011), do Plano Estadual de Cultura (Lei n\u00ba 13.193\/2014) e do Plano Estadual de<br \/>Educa\u00e7\u00e3o da Bahia.<\/p>\n<p><em>Siga o Acorda Cidade no<\/em><a href=\"https:\/\/news.google.com\/search?q=acorda%20cidade&amp;hl=pt-BR&amp;gl=BR&amp;ceid=BR%3Apt-419\"><strong><em>\u00a0Google Not\u00edcias<\/em><\/strong><\/a><em>\u00a0e receba os principais destaques do dia. Participe tamb\u00e9m dos nossos canais no\u00a0<\/em><a href=\"https:\/\/www.whatsapp.com\/channel\/0029Va6Rb4v3WHTNnsh8WI3N\"><strong><em>WhatsApp<\/em><\/strong><\/a><em>\u00a0e\u00a0<\/em><a href=\"https:\/\/www.youtube.com\/@acordacidadenoticias\/videos\"><strong>Youtube<\/strong><\/a><em>\u00a0e grupo de\u00a0<\/em><a href=\"https:\/\/t.me\/+sSz0khrgARA0ZmRh\"><strong><em>Telegram<\/em><\/strong><\/a><em>.<\/em><\/p>\n<\/div>\n","protected":false},"excerpt":{"rendered":"<div>\n<div>\n<figure><img decoding=\"async\" src=\"https:\/\/uploads.acordacidade.com.br\/2025\/07\/Batques-da-Fera-.webp\" alt=\"Museu Casa do Sert\u00e3o promove lan\u00e7amento do document\u00e1rio \"><figcaption>Foto: Arivaldo Publio<\/figcaption><\/figure>\n<\/div>\n<p>Com 23 minutos de dura\u00e7\u00e3o, o filme ser\u00e1 lan\u00e7ado no dia 5 de agosto (ter\u00e7a-feira), a partir das 18:30, no Museu Casa do Sert\u00e3o (Uefs).<\/p><\/div>\n","protected":false},"author":1,"featured_media":95174,"comment_status":"closed","ping_status":"closed","sticky":false,"template":"","format":"gallery","meta":{"footnotes":""},"categories":[8,9,6,57,56,10],"tags":[],"class_list":["post-95173","post","type-post","status-publish","format-gallery","has-post-thumbnail","hentry","category-bahia","category-brasil","category-feira-de-santana","category-mundo","category-policia","category-politica","post_format-post-format-gallery"],"featured_image_urls":{"full":["https:\/\/noticiasbahia360.com.br\/wp-content\/uploads\/2025\/07\/Batques-da-Fera-.webp",1200,675,false],"thumbnail":["https:\/\/noticiasbahia360.com.br\/wp-content\/uploads\/2025\/07\/Batques-da-Fera--150x150.webp",150,150,true],"medium":["https:\/\/noticiasbahia360.com.br\/wp-content\/uploads\/2025\/07\/Batques-da-Fera--300x169.webp",300,169,true],"medium_large":["https:\/\/noticiasbahia360.com.br\/wp-content\/uploads\/2025\/07\/Batques-da-Fera--768x432.webp",640,360,true],"large":["https:\/\/noticiasbahia360.com.br\/wp-content\/uploads\/2025\/07\/Batques-da-Fera--1024x576.webp",640,360,true],"1536x1536":["https:\/\/noticiasbahia360.com.br\/wp-content\/uploads\/2025\/07\/Batques-da-Fera-.webp",1200,675,false],"2048x2048":["https:\/\/noticiasbahia360.com.br\/wp-content\/uploads\/2025\/07\/Batques-da-Fera-.webp",1200,675,false],"chromenews-featured":["https:\/\/noticiasbahia360.com.br\/wp-content\/uploads\/2025\/07\/Batques-da-Fera--1024x576.webp",1024,576,true],"chromenews-large":["https:\/\/noticiasbahia360.com.br\/wp-content\/uploads\/2025\/07\/Batques-da-Fera--825x575.webp",825,575,true],"chromenews-medium":["https:\/\/noticiasbahia360.com.br\/wp-content\/uploads\/2025\/07\/Batques-da-Fera--590x410.webp",590,410,true]},"author_info":{"display_name":"noticiasbahia360.com.br","author_link":"https:\/\/noticiasbahia360.com.br\/?author=1"},"category_info":"<a href=\"https:\/\/noticiasbahia360.com.br\/?cat=8\" rel=\"category\">Bahia<\/a> <a href=\"https:\/\/noticiasbahia360.com.br\/?cat=9\" rel=\"category\">Brasil<\/a> <a href=\"https:\/\/noticiasbahia360.com.br\/?cat=6\" rel=\"category\">Feira de Santana<\/a> <a href=\"https:\/\/noticiasbahia360.com.br\/?cat=57\" rel=\"category\">Mundo<\/a> <a href=\"https:\/\/noticiasbahia360.com.br\/?cat=56\" rel=\"category\">Pol\u00edcia<\/a> <a href=\"https:\/\/noticiasbahia360.com.br\/?cat=10\" rel=\"category\">Pol\u00edtica<\/a>","tag_info":"Pol\u00edtica","comment_count":"0","_links":{"self":[{"href":"https:\/\/noticiasbahia360.com.br\/index.php?rest_route=\/wp\/v2\/posts\/95173","targetHints":{"allow":["GET"]}}],"collection":[{"href":"https:\/\/noticiasbahia360.com.br\/index.php?rest_route=\/wp\/v2\/posts"}],"about":[{"href":"https:\/\/noticiasbahia360.com.br\/index.php?rest_route=\/wp\/v2\/types\/post"}],"author":[{"embeddable":true,"href":"https:\/\/noticiasbahia360.com.br\/index.php?rest_route=\/wp\/v2\/users\/1"}],"replies":[{"embeddable":true,"href":"https:\/\/noticiasbahia360.com.br\/index.php?rest_route=%2Fwp%2Fv2%2Fcomments&post=95173"}],"version-history":[{"count":0,"href":"https:\/\/noticiasbahia360.com.br\/index.php?rest_route=\/wp\/v2\/posts\/95173\/revisions"}],"wp:featuredmedia":[{"embeddable":true,"href":"https:\/\/noticiasbahia360.com.br\/index.php?rest_route=\/wp\/v2\/media\/95174"}],"wp:attachment":[{"href":"https:\/\/noticiasbahia360.com.br\/index.php?rest_route=%2Fwp%2Fv2%2Fmedia&parent=95173"}],"wp:term":[{"taxonomy":"category","embeddable":true,"href":"https:\/\/noticiasbahia360.com.br\/index.php?rest_route=%2Fwp%2Fv2%2Fcategories&post=95173"},{"taxonomy":"post_tag","embeddable":true,"href":"https:\/\/noticiasbahia360.com.br\/index.php?rest_route=%2Fwp%2Fv2%2Ftags&post=95173"}],"curies":[{"name":"wp","href":"https:\/\/api.w.org\/{rel}","templated":true}]}}